{"id":50618,"date":"2025-04-25T01:56:21","date_gmt":"2025-04-25T01:56:21","guid":{"rendered":"https:\/\/www.europesays.com\/fr\/50618\/"},"modified":"2025-04-25T01:56:21","modified_gmt":"2025-04-25T01:56:21","slug":"on-connait-le-theme-de-ledition-2025","status":"publish","type":"post","link":"https:\/\/www.europesays.com\/fr\/50618\/","title":{"rendered":"on conna\u00eet le th\u00e8me de l&rsquo;\u00e9dition 2025"},"content":{"rendered":"<p>            Par<br \/>\n        <strong><br \/>\n            <a href=\"https:\/\/actu.fr\/auteur\/pierre-emile-bouchy-actu-fr\" title=\"Consulter tous les articles de Paul-Emile Bouchy\" target=\"_blank\" rel=\"noopener\">Paul-Emile Bouchy<\/a><br \/>\n        <\/strong><\/p>\n<p>        Publi\u00e9 le<\/p>\n<p>            5 f\u00e9vr. 2025 \u00e0 15h51        <\/p>\n<p>En 2024, robots, martiens et soucoupes volantes avaient envahi les rues de Nancy lors du <a href=\"https:\/\/actu.fr\/grand-est\/nancy_54395\/saint-nicolas-2024-a-nancy-revivez-en-images-le-grand-defile-place-stanislas_61966396.html\" target=\"_blank\" rel=\"noopener\">grand d\u00e9fil\u00e9<\/a> de Saint-Nicolas puisque les festivit\u00e9s avaient pour th\u00e8me les <strong>\u00ab\u2009imaginaires du futur\u2009\u00bb<\/strong>.<\/p>\n<p class=\" wall-content\">Pour l\u2019\u00e9dition 2025, les f\u00eates de <a href=\"https:\/\/actu.fr\/tag\/saint-nicolas\" target=\"_blank\" rel=\"noopener\">Saint-Nicolas<\/a> feront un bond dans le pass\u00e9, plus pr\u00e9cis\u00e9ment un si\u00e8cle en arri\u00e8re pour <strong>mettre en avant les \u00ab\u2009ann\u00e9es folles\u2009\u00bb<\/strong>.<\/p>\n<p>Les ann\u00e9es 1920 et l\u2019art d\u00e9co pour les f\u00eates de Saint-Nicolas \u00e0 Nancy<\/p>\n<p class=\" wall-content\">Dans Nancy et la m\u00e9tropole, l\u2019ann\u00e9e 2025 sera en grande partie d\u00e9di\u00e9e <strong>aux ann\u00e9es 1920 et au patrimoine Art d\u00e9co<\/strong> avec l\u2019<strong>\u00e9v\u00e8nement M\u00e9tro\u2019Folies<\/strong> qui regroupera une centaine de projets.<\/p>\n<p class=\" wall-content\">Ainsi, la prochaine \u00e9dition des f\u00eates de Saint-Nicolas fera \u00e9cho \u00e0 cet \u00e9v\u00e8nement, comme l\u2019a d\u00e9voil\u00e9 Bertrand Masson, adjoint d\u00e9l\u00e9gu\u00e9 \u00e0 la culture, au patrimoine, aux m\u00e9tiers d\u2019art et aux grands \u00e9v\u00e9nements, lors d\u2019une conf\u00e9rence de presse ce mercredi 5\u00a0f\u00e9vrier\u2009: \u00ab\u2009Cette ann\u00e9e, <strong>la Saint-Nicolas sera aux couleurs de M\u00e9tro\u2019Folies et de l\u2019Art d\u00e9co<\/strong>. Ce th\u00e8me sera d\u00e9clin\u00e9 lors du d\u00e9fil\u00e9 et sur la d\u00e9coration du sapin de la <a href=\"https:\/\/actu.fr\/tag\/place-stanislas\" target=\"_blank\" rel=\"noopener\">place Stanislas<\/a>.\u2009\u00bb<\/p>\n<p class=\" wall-content\">Donc rendez-vous le vendredi 21\u00a0novembre pour l\u2019illumination du sapin et le samedi 6\u00a0d\u00e9cembre pour le grand d\u00e9fil\u00e9.<\/p>\n<p>Vid\u00e9os : en ce moment sur Actu<\/p>\n<p class=\" wall-content\">Suivez toute l\u2019actualit\u00e9 de vos villes et m\u00e9dias favoris en vous inscrivant \u00e0 <a href=\"https:\/\/moncompte.actu.fr\" title=\"D\u00e9couvez Mon Actu\" rel=\"nofollow noopener\" data-trk=\"{&quot;cta&quot;:{&quot;action&quot;:&quot;https:\\\/\\\/moncompte.actu.fr&quot;,&quot;category&quot;:&quot;mon compte&quot;,&quot;from&quot;:&quot;article footer&quot;,&quot;name&quot;:&quot;Mon actu&quot;,&quot;type&quot;:&quot;cta&quot;}}\" target=\"_blank\">Mon Actu<\/a>.<\/p>\n","protected":false},"excerpt":{"rendered":"Par Paul-Emile Bouchy Publi\u00e9 le 5 f\u00e9vr. 2025 \u00e0 15h51 En 2024, robots, martiens et soucoupes volantes avaient&hellip;\n","protected":false},"author":2,"featured_media":50619,"comment_status":"","ping_status":"","sticky":false,"template":"","format":"standard","meta":{"footnotes":""},"categories":[9635],"tags":[1111,11,1777,674,1011,27,775,1652,1702,12,25,14334],"class_list":{"0":"post-50618","1":"post","2":"type-post","3":"status-publish","4":"format-standard","5":"has-post-thumbnail","7":"category-nancy","8":"tag-actu","9":"tag-actualites","10":"tag-eu","11":"tag-europe","12":"tag-fr","13":"tag-france","14":"tag-grand-est","15":"tag-loisirs-culture","16":"tag-nancy","17":"tag-news","18":"tag-republique-francaise","19":"tag-saint-nicolas"},"share_on_mastodon":{"url":"https:\/\/pubeurope.com\/@fr\/114396121377849912","error":""},"_links":{"self":[{"href":"https:\/\/www.europesays.com\/fr\/wp-json\/wp\/v2\/posts\/50618","targetHints":{"allow":["GET"]}}],"collection":[{"href":"https:\/\/www.europesays.com\/fr\/wp-json\/wp\/v2\/posts"}],"about":[{"href":"https:\/\/www.europesays.com\/fr\/wp-json\/wp\/v2\/types\/post"}],"author":[{"embeddable":true,"href":"https:\/\/www.europesays.com\/fr\/wp-json\/wp\/v2\/users\/2"}],"replies":[{"embeddable":true,"href":"https:\/\/www.europesays.com\/fr\/wp-json\/wp\/v2\/comments?post=50618"}],"version-history":[{"count":0,"href":"https:\/\/www.europesays.com\/fr\/wp-json\/wp\/v2\/posts\/50618\/revisions"}],"wp:featuredmedia":[{"embeddable":true,"href":"https:\/\/www.europesays.com\/fr\/wp-json\/wp\/v2\/media\/50619"}],"wp:attachment":[{"href":"https:\/\/www.europesays.com\/fr\/wp-json\/wp\/v2\/media?parent=50618"}],"wp:term":[{"taxonomy":"category","embeddable":true,"href":"https:\/\/www.europesays.com\/fr\/wp-json\/wp\/v2\/categories?post=50618"},{"taxonomy":"post_tag","embeddable":true,"href":"https:\/\/www.europesays.com\/fr\/wp-json\/wp\/v2\/tags?post=50618"}],"curies":[{"name":"wp","href":"https:\/\/api.w.org\/{rel}","templated":true}]}}