{"id":506183,"date":"2025-11-02T06:39:15","date_gmt":"2025-11-02T06:39:15","guid":{"rendered":"https:\/\/www.europesays.com\/fr\/506183\/"},"modified":"2025-11-02T06:39:15","modified_gmt":"2025-11-02T06:39:15","slug":"lyon-de-nombreuses-stars-attendues-au-gala-de-la-fondation-recherche-alzheimer-2025","status":"publish","type":"post","link":"https:\/\/www.europesays.com\/fr\/506183\/","title":{"rendered":"Lyon. De nombreuses stars attendues au Gala de la fondation Recherche Alzheimer 2025."},"content":{"rendered":"<p>\t\t\t\t<img fetchpriority=\"high\" decoding=\"async\" width=\"900\" height=\"646\" src=\"https:\/\/www.europesays.com\/fr\/wp-content\/uploads\/2025\/11\/01-Gala-Alzheimer-2025-lyon.jpg\" alt=\"\" title=\"01 Gala Alzheimer 2025 lyon\"   class=\"wp-image-166397\"\/><\/p>\n<p>Aux C\u00e9lestins, un rendez-vous \u00e0 ne pas oublier &#8211; Photos \u00a9 Saby Maviel pour Lyon People\n<\/p>\n<p><strong>Texte\u00a0: Morgan Couturier \u2013<\/strong> Toujours tr\u00e8s th\u00e9\u00e2tral et captivant, le gala de la fondation Recherche Alzheimer revient pour une 4e \u00e9dition. Sur la sc\u00e8ne des C\u00e9lestins, le show impuls\u00e9 par Christelle Bardet veut surtout mettre en lumi\u00e8re cette maladie d\u00e9g\u00e9n\u00e9rative, pour laquelle les dons sont de pr\u00e9cieux soutiens pour la poursuite des recherches.<\/p>\n<p>Quand vient l\u2019hiver et ces vents qui glacent le sang, il est toujours bon d\u2019apprendre \u00e0 aimer et d\u2019apprendre \u00e0 sourire. Rien que pour le geste, tout en voulant le reste, car dans une nuit o\u00f9 Alzheimer devient le centre de l\u2019attention, une citation ne devrait pas \u00eatre oubli\u00e9e\u00a0: \u00ab\u00a0ce que la m\u00e9moire de ton c\u0153ur retient, ton cerveau ne peut pas l\u2019effacer\u00a0\u00bb.<\/p>\n<p><a href=\"https:\/\/www.lyonpeople.com\/?attachment_id=166395\" rel=\"attachment wp-att-166395 noopener\" target=\"_blank\"><img loading=\"lazy\" decoding=\"async\" class=\"alignnone size-full wp-image-166395\" src=\"data:image\/svg+xml,%3Csvg%20xmlns=\" http:=\"\" alt=\"\" width=\"900\" height=\"600\" data-lazy- data-lazy- data-lazy-src=\"https:\/\/www.europesays.com\/fr\/wp-content\/uploads\/2025\/11\/03-Gala-Alzheimer-Lyon.jpg\"\/><\/a><\/p>\n<p>Bien s\u00fbr, s\u2019il convient aussi de retenir que ces mots sont ceux de l\u2019auteur belge, John Joos, <strong>Christelle Bardet<\/strong> et G\u00e9rard Herrbach, pr\u00e9sident de la Fondation Recherche Alzheimer retiendront que la fid\u00e9lit\u00e9 des Lyonnais pour ce gala n\u2019est plus \u00e0 d\u00e9montrer. Et que la qualit\u00e9 du contenu revient irr\u00e9m\u00e9diablement \u00e0 la surface, lorsqu\u2019approche une nouvelle \u00e9dition.<\/p>\n<p>La quatri\u00e8me en l\u2019occurrence, alors que la sc\u00e8ne du Th\u00e9\u00e2tre des C\u00e9lestins s\u2019appr\u00eate \u00e0 vibrer au rythme de ces musiques, po\u00e9sies, sketchs et autres interm\u00e8des musicaux faisant la r\u00e9putation de ce rendez-vous. Une mani\u00e8re de marquer le coup et donc de rappeler que ce gala est une date \u00e0 noter sur l\u2019agenda. Avec en filigrane, cette envie de participer \u00e0 sa mani\u00e8re \u00e0 ce combat contre une maladie frappant plus d\u20191,4 million de Fran\u00e7ais en 2025.<\/p>\n<p><strong>La famille et les liens interg\u00e9n\u00e9rationnels mis \u00e0 l\u2019honneur<\/strong><\/p>\n<p>\u00ab\u00a0Le but est de faire un \u00e9clairage grand public sur la maladie et de se dire qu\u2019il y a peut-\u00eatre une petite lumi\u00e8re au bout du tunnel. Il y a de l\u2019espoir quand on voit l\u2019enthousiasme g\u00e9n\u00e9ral\u00a0\u00bb, \u00e9voque l\u2019organisatrice, Christelle Bardet.<\/p>\n<p><a href=\"https:\/\/www.lyonpeople.com\/?attachment_id=166396\" rel=\"attachment wp-att-166396 noopener\" target=\"_blank\"><img loading=\"lazy\" decoding=\"async\" class=\"alignnone size-full wp-image-166396\" src=\"data:image\/svg+xml,%3Csvg%20xmlns=\" http:=\"\" alt=\"\" width=\"900\" height=\"599\" data-lazy- data-lazy- data-lazy-src=\"https:\/\/www.europesays.com\/fr\/wp-content\/uploads\/2025\/11\/07-Gala-Alzheimer-Lyon.jpg\"\/><\/a><\/p>\n<p>\u00c9paul\u00e9e par la com\u00e9dienne <strong>Agathe Natanson<\/strong>, les deux Lyonnaises essaient donc d\u2019apporter leur pierre \u00e0 l\u2019\u00e9difice. Bien que les avanc\u00e9es se fassent de plus en plus nombreuses, la soir\u00e9e doit ainsi rapporter quelques pr\u00e9cieux deniers. 100 000\u20ac l\u2019an dernier, quand les b\u00e9n\u00e9fices de cet opus 2025 feront le bonheur du projet rhodanien Everdyne Sant\u00e9, d\u00e9di\u00e9 \u00e0 la pr\u00e9vention et aux diagnostics pr\u00e9coces.<\/p>\n<p>Pour cela, le contenu de la soir\u00e9e est souvent un formidable appel \u00e0 la g\u00e9n\u00e9rosit\u00e9. Les c\u0153urs remplis de joie sont souvent pr\u00eats \u00e0 collaborer. D\u2019o\u00f9 l\u2019importance de la mise en sc\u00e8ne imagin\u00e9e par <strong>J\u00e9r\u00e9mie Lippmann<\/strong>. \u00ab\u00a0On s\u2019attend \u00e0 une belle \u00e9dition. On veut que chaque ann\u00e9e, ce soit une cr\u00e9ation unique, parce qu\u2019on est tous tr\u00e8s heureux de livrer une soir\u00e9e un peu exceptionnelle\u00a0\u00bb, poursuit Christelle Bardet.<\/p>\n<p><strong>Des invit\u00e9s de marque ont r\u00e9pondu \u00e0 l\u2019appel<\/strong><\/p>\n<p>Si le choix de ses robes participe souvent \u00e0 \u00e9clairer l\u2019antre du Th\u00e9\u00e2tre de Lyon, l\u2019\u00e9g\u00e9rie de la fondation laissera volontiers la lumi\u00e8re aux artistes. Avec pour th\u00e8me central, ces liens interg\u00e9n\u00e9rationnels qui soudent une famille face aux caprices d\u2019Alzheimer. Choses dites, qui de mieux que la famille <strong>Chedid<\/strong> pour incarner ces valeurs.<\/p>\n<p>Parmi elle, le chanteur <strong>Louis<\/strong> et son nouvel album \u00ab\u00a0r\u00eaveur r\u00eaveur\u00a0\u00bb, plein d\u2019\u00e0-propos. Mais aussi sa fille, <strong>Anna<\/strong>, elle aussi reconnue pour sa voix. \u00c0 leurs c\u00f4t\u00e9s, figureront d\u2019autres noms tr\u00e8s r\u00e9put\u00e9s, dont le guitariste <strong>Thibault Cauvin<\/strong> ou l\u2019actrice <strong>B\u00e9atrice Dalle<\/strong>.<\/p>\n<p>Sans oublier quelques surprises, maintenues encore secr\u00e8tes. Une chose est s\u00fbre, il y a d\u00e9j\u00e0 l\u2019envie d\u2019avoir envie. Envie de rendre cette soir\u00e9e\u2026 inoubliable. Pour dire qu\u2019un jour, ce gala a permis \u00e0 sa mani\u00e8re de trouver un rem\u00e8de pour qu\u2019Alzheimer devienne \u00ab\u00a0enfin un vieux souvenir\u00a0\u00bb.<\/p>\n<p><strong>Gala de la fondation Recherche Alzheimer #4<br \/>Lundi 1er d\u00e9cembre 2025, \u00e0 partir de 19h30<br \/>Th\u00e9\u00e2tre des C\u00e9lestins<br \/>4, rue Charles Dullin \u2013 Lyon 2<br \/>Tarifs. Entr\u00e9e avec cocktail\u00a0: 450\u20ac (153\u20ac apr\u00e8s r\u00e9duction fiscale)<br \/>500\u20ac pour les entreprises (soit 200\u20ac apr\u00e8s r\u00e9duction fiscale).<br \/>Place seule\u00a0: de 30 \u00e0 70\u20ac.<br \/>&gt; Plus d\u2019infos sur <\/strong><a href=\"http:\/\/www.alzheimer-recherche.org\" target=\"_blank\" rel=\"noopener\"><strong>www.alzheimer-recherche.org<\/strong><\/a><\/p>\n","protected":false},"excerpt":{"rendered":"Aux C\u00e9lestins, un rendez-vous \u00e0 ne pas oublier &#8211; Photos \u00a9 Saby Maviel pour Lyon People Texte\u00a0: Morgan&hellip;\n","protected":false},"author":2,"featured_media":506184,"comment_status":"","ping_status":"","sticky":false,"template":"","format":"standard","meta":{"footnotes":""},"categories":[1889],"tags":[4257,1111,47,4258,11,2430,1777,674,62783,1011,27,2428,12,25],"class_list":{"0":"post-506183","1":"post","2":"type-post","3":"status-publish","4":"format-standard","5":"has-post-thumbnail","7":"category-lyon","8":"tag-0top","9":"tag-actu","10":"tag-actualite","11":"tag-actualite-lyon","12":"tag-actualites","13":"tag-auvergne-rhone-alpes","14":"tag-eu","15":"tag-europe","16":"tag-fondation-recherche-alzheimer","17":"tag-fr","18":"tag-france","19":"tag-lyon","20":"tag-news","21":"tag-republique-francaise"},"share_on_mastodon":{"url":"https:\/\/pubeurope.com\/@fr\/115478735965425124","error":""},"_links":{"self":[{"href":"https:\/\/www.europesays.com\/fr\/wp-json\/wp\/v2\/posts\/506183","targetHints":{"allow":["GET"]}}],"collection":[{"href":"https:\/\/www.europesays.com\/fr\/wp-json\/wp\/v2\/posts"}],"about":[{"href":"https:\/\/www.europesays.com\/fr\/wp-json\/wp\/v2\/types\/post"}],"author":[{"embeddable":true,"href":"https:\/\/www.europesays.com\/fr\/wp-json\/wp\/v2\/users\/2"}],"replies":[{"embeddable":true,"href":"https:\/\/www.europesays.com\/fr\/wp-json\/wp\/v2\/comments?post=506183"}],"version-history":[{"count":0,"href":"https:\/\/www.europesays.com\/fr\/wp-json\/wp\/v2\/posts\/506183\/revisions"}],"wp:featuredmedia":[{"embeddable":true,"href":"https:\/\/www.europesays.com\/fr\/wp-json\/wp\/v2\/media\/506184"}],"wp:attachment":[{"href":"https:\/\/www.europesays.com\/fr\/wp-json\/wp\/v2\/media?parent=506183"}],"wp:term":[{"taxonomy":"category","embeddable":true,"href":"https:\/\/www.europesays.com\/fr\/wp-json\/wp\/v2\/categories?post=506183"},{"taxonomy":"post_tag","embeddable":true,"href":"https:\/\/www.europesays.com\/fr\/wp-json\/wp\/v2\/tags?post=506183"}],"curies":[{"name":"wp","href":"https:\/\/api.w.org\/{rel}","templated":true}]}}