{"id":506187,"date":"2025-11-02T06:42:12","date_gmt":"2025-11-02T06:42:12","guid":{"rendered":"https:\/\/www.europesays.com\/fr\/506187\/"},"modified":"2025-11-02T06:42:12","modified_gmt":"2025-11-02T06:42:12","slug":"le-long-week-end-du-11-novembre-espere-par-de-nombreux-eleves-naura-pas-lieu","status":"publish","type":"post","link":"https:\/\/www.europesays.com\/fr\/506187\/","title":{"rendered":"le long week-end du 11-novembre esp\u00e9r\u00e9 par de nombreux \u00e9l\u00e8ves n\u2019aura pas lieu"},"content":{"rendered":"<p>            Par<br \/>\n        <strong><br \/>\n            <a href=\"https:\/\/actu.fr\/auteur\/redaction-paris\" title=\"Consulter tous les articles de R\u00e9daction Paris\" target=\"_blank\" rel=\"noopener\">R\u00e9daction Paris<\/a><br \/>\n        <\/strong><\/p>\n<p>        Publi\u00e9 le<\/p>\n<p>            2 nov. 2025 \u00e0 6h32        <\/p>\n<p>Enchainer avec un <a href=\"https:\/\/actu.fr\/societe\/bientot-un-jour-ferie-et-un-pont-comment-profiter-d-un-week-end-de-quatre-jours_63309623.html\" target=\"_blank\" rel=\"noopener\">long pont<\/a> apr\u00e8s les vacances de <a href=\"https:\/\/actu.fr\/societe\/le-1er-novembre-c-est-la-toussaint-mais-que-fete-t-on-au-juste-et-pourquoi-c-est-un-jour-ferie_61806455.html\" target=\"_blank\" rel=\"noopener\">la Toussaint<\/a>, l\u2019id\u00e9e est tentante dans l\u2019esprit de nombreux \u00e9l\u00e8ves. Mais, le long week-end esp\u00e9r\u00e9 par de nombreux \u00e9l\u00e8ves en \u00cele-de-France n\u2019aura pas lieu. Si le mardi 11 novembre, jour de comm\u00e9moration de l\u2019Armistice de 1918, est bien f\u00e9ri\u00e9, le lundi 10 novembre reste en effet une journ\u00e9e de classe ordinaire dans les acad\u00e9mies de <a href=\"https:\/\/actu.fr\/tag\/academie-de-paris\" target=\"_blank\" rel=\"noopener\">Paris<\/a>, <a href=\"https:\/\/actu.fr\/tag\/academie-de-creteil\" target=\"_blank\" rel=\"noopener\">Cr\u00e9teil<\/a> et <a href=\"https:\/\/actu.fr\/tag\/academie-de-versailles\" target=\"_blank\" rel=\"noopener\">Versailles<\/a>.<\/p>\n<p>De rares exceptions dans les \u00e9tablissements priv\u00e9s<\/p>\n<p class=\" wall-content\">Le calendrier scolaire national ne pr\u00e9voit aucun am\u00e9nagement autour de cette date et aucune d\u00e9rogation n\u2019est communiqu\u00e9e en \u00cele-de-France. Les \u00e9l\u00e8ves devront donc reprendre les cours lundi matin, comme pour une semaine classique, avant de profiter d\u2019un jour f\u00e9ri\u00e9 le lendemain.<\/p>\n<p class=\" wall-content\">Certains \u00e9tablissements priv\u00e9s peuvent, \u00e0 titre exceptionnel, accorder une journ\u00e9e de fermeture, mais ils restent minoritaires. Pour la plupart, les cours seront assur\u00e9s normalement, dans le primaire comme dans le secondaire.<\/p>\n<p class=\" wall-content\">Les prochaines <a href=\"https:\/\/actu.fr\/societe\/vacances-scolaires-2025-206-le-calendrier-pour-les-ecoles-colleges-lycees-de-paris-et-d-ile-de-france_62042902.html\" target=\"_blank\" rel=\"noopener\">vacances<\/a> des Franciliens seront celles de No\u00ebl. Comme pour la Toussaint, elles sont similaires pour tous les \u00e9coliers, coll\u00e9giens et lyc\u00e9ens de France. Elles s\u2019\u00e9tendent du samedi 20 d\u00e9cembre 2025 au lundi 5 janvier 2026. Les vacances d\u2019hiver, elles, auront lieu du samedi 21 f\u00e9vrier au lundi 9 mars 2026 pour les Franciliens. Quant \u00e0 celles de P\u00e2ques, elles commencent le samedi 18 avril jusqu\u2019au lundi 4 mai 2026.\u00a0<\/p>\n<p class=\" wall-content\">Personnalisez votre actualit\u00e9 en ajoutant vos villes et m\u00e9dias en favori avec <a href=\"https:\/\/moncompte.actu.fr\" title=\"D\u00e9couvez Mon Actu\" rel=\"nofollow noopener\" data-trk=\"{&quot;cta&quot;:{&quot;action&quot;:&quot;https:\\\/\\\/moncompte.actu.fr&quot;,&quot;category&quot;:&quot;mon compte&quot;,&quot;from&quot;:&quot;article footer&quot;,&quot;name&quot;:&quot;Mon actu&quot;,&quot;type&quot;:&quot;cta&quot;}}\" target=\"_blank\">Mon Actu<\/a>.<\/p>\n","protected":false},"excerpt":{"rendered":"Par R\u00e9daction Paris Publi\u00e9 le 2 nov. 2025 \u00e0 6h32 Enchainer avec un long pont apr\u00e8s les vacances&hellip;\n","protected":false},"author":2,"featured_media":506188,"comment_status":"","ping_status":"","sticky":false,"template":"","format":"standard","meta":{"footnotes":""},"categories":[1592],"tags":[49209,29011,62676,1111,11,1777,674,1011,27,662,12,626,25,104],"class_list":{"0":"post-506187","1":"post","2":"type-post","3":"status-publish","4":"format-standard","5":"has-post-thumbnail","7":"category-ile-de-france","8":"tag-academie-de-creteil","9":"tag-academie-de-paris","10":"tag-academie-de-versailles","11":"tag-actu","12":"tag-actualites","13":"tag-eu","14":"tag-europe","15":"tag-fr","16":"tag-france","17":"tag-ile-de-france","18":"tag-news","19":"tag-paris","20":"tag-republique-francaise","21":"tag-societe"},"share_on_mastodon":{"url":"https:\/\/pubeurope.com\/@fr\/115478747230390188","error":""},"_links":{"self":[{"href":"https:\/\/www.europesays.com\/fr\/wp-json\/wp\/v2\/posts\/506187","targetHints":{"allow":["GET"]}}],"collection":[{"href":"https:\/\/www.europesays.com\/fr\/wp-json\/wp\/v2\/posts"}],"about":[{"href":"https:\/\/www.europesays.com\/fr\/wp-json\/wp\/v2\/types\/post"}],"author":[{"embeddable":true,"href":"https:\/\/www.europesays.com\/fr\/wp-json\/wp\/v2\/users\/2"}],"replies":[{"embeddable":true,"href":"https:\/\/www.europesays.com\/fr\/wp-json\/wp\/v2\/comments?post=506187"}],"version-history":[{"count":0,"href":"https:\/\/www.europesays.com\/fr\/wp-json\/wp\/v2\/posts\/506187\/revisions"}],"wp:featuredmedia":[{"embeddable":true,"href":"https:\/\/www.europesays.com\/fr\/wp-json\/wp\/v2\/media\/506188"}],"wp:attachment":[{"href":"https:\/\/www.europesays.com\/fr\/wp-json\/wp\/v2\/media?parent=506187"}],"wp:term":[{"taxonomy":"category","embeddable":true,"href":"https:\/\/www.europesays.com\/fr\/wp-json\/wp\/v2\/categories?post=506187"},{"taxonomy":"post_tag","embeddable":true,"href":"https:\/\/www.europesays.com\/fr\/wp-json\/wp\/v2\/tags?post=506187"}],"curies":[{"name":"wp","href":"https:\/\/api.w.org\/{rel}","templated":true}]}}