{"id":506197,"date":"2025-11-02T06:47:19","date_gmt":"2025-11-02T06:47:19","guid":{"rendered":"https:\/\/www.europesays.com\/fr\/506197\/"},"modified":"2025-11-02T06:47:19","modified_gmt":"2025-11-02T06:47:19","slug":"la-russie-et-la-nouvelle-syrie-retour-strategique-avec-al-charaa","status":"publish","type":"post","link":"https:\/\/www.europesays.com\/fr\/506197\/","title":{"rendered":"La Russie et la nouvelle Syrie : retour strat\u00e9gique avec Al-Charaa"},"content":{"rendered":"<p><img data-lazyloaded=\"1\" fetchpriority=\"high\" decoding=\"async\" width=\"1024\" height=\"536\" src=\"https:\/\/www.europesays.com\/fr\/wp-content\/uploads\/2025\/11\/Image-LD-2-copie-5-1024x536.jpg\" alt=\"Rencontre officielle \u00e0 Moscou entre un dirigeant russe et un repr\u00e9sentant syrien, illustrant le renforcement des relations diplomatiques entre la Russie et la nouvelle Syrie dans un contexte g\u00e9opolitique en mutation.\" class=\"wp-image-16353\"  data-\/><strong>Capture d\u2019\u00e9cran<\/strong><\/p>\n<p><strong>Par Giuseppe Gagliano, Pr\u00e9sident du Centro Studi Strategici Carlo De Cristoforis (C\u00f4me, Italie)\u00a0<\/strong><\/p>\n<p><strong>Un h\u00e9ritage strat\u00e9gique \u00e0 pr\u00e9server<\/strong><\/p>\n<p><strong>Le mercredi 15 octobre, triste ironie de l\u2019histoire, \u00e9taient pr\u00e9sents \u00e0 Moscou deux figures que tout oppose : l\u2019ancien dictateur syrien Bachar al-Assad et celui qui a pr\u00e9cipit\u00e9 sa chute, le pr\u00e9sident de transition Ahmed al-Charaa. Le premier vit en exil dans la capitale russe, entour\u00e9 de ses proches et plac\u00e9 sous la protection de son alli\u00e9 de toujours depuis le 8 d\u00e9cembre 2024. Le second, ancien chef rebelle devenu djihadiste repenti, aujourd\u2019hui soucieux d\u2019incarner un homme d\u2019\u00c9tat pragmatique, est venu sceller un nouveau tournant dans les relations bilat\u00e9rales avec Vladimir Poutine, invoquant les \u00ab liens historiques anciens \u00bb et les \u00ab int\u00e9r\u00eats communs \u00bb unissant la Syrie et la Russie.<\/strong><\/p>\n<p>\u00ab\u00a0Nous respectons tous les accords pr\u00e9c\u00e9dents et cette grande histoire. Nous essayons de restaurer et de red\u00e9finir la nature de ces relations afin que la Syrie puisse jouir de son ind\u00e9pendance, de sa souverainet\u00e9, ainsi que de son unit\u00e9 et de son int\u00e9grit\u00e9 territoriales\u00a0\u00bb,\u00a0a d\u00e9clar\u00e9 le nouveau ma\u00eetre de Damas.<\/p>\n<p>Dix mois apr\u00e8s la chute de Bachar el-Assad, la Russie tente de sauver l\u2019essentiel : conserver son ancrage en Syrie, fruit de la longue histoire des relations entre les deux pays et surtout de son intervention militaire de 2015. Les bases navales de Tartous et a\u00e9rienne de Hmeimim restent cruciales pour la projection russe en M\u00e9diterran\u00e9e orientale. L\u2019arriv\u00e9e au pouvoir d\u2019Ahmad Al-Charaa, ancien chef du mouvement Hayat Tahrir al-Sham devenu pr\u00e9sident int\u00e9rimaire, a rouvert le jeu r\u00e9gional ; Moscou cherche \u00e0 transformer une d\u00e9faite potentielle en opportunit\u00e9 diplomatique et militaire, en proposant de prolonger ses implantations, d\u2019offrir un soutien \u00e9conomique et de fournir des syst\u00e8mes d\u2019armes avanc\u00e9s comme les S-400.<\/p>\n<p><strong>\u00c0 lire aussi : <\/strong><a href=\"https:\/\/lediplomate.media\/analyse-corne-afrique-moscou-addis-abeba-partenariat-redessine-multipolarite\/\" rel=\"nofollow noopener\" target=\"_blank\">ANALYSE \u2013 La Corne de l\u2019Afrique entre Moscou et Addis-Abeba : Un partenariat qui redessine la multipolarit\u00e9<\/a><\/p>\n<p><strong>Un pragmatisme r\u00e9ciproque<\/strong><\/p>\n<p>Fin juillet, le ministre syrien des Affaires \u00e9trang\u00e8res, Asaad al-Shaibani, s\u2019est rendu \u00e0 Moscou pour rencontrer Sergue\u00ef Lavrov, premi\u00e8re visite de haut niveau depuis l\u2019appel t\u00e9l\u00e9phonique de f\u00e9vrier entre Vladimir Poutine et Al-Charaa. Conscient de compter d\u00e9j\u00e0 sur l\u2019appui d\u2019Ankara et de Doha, le nouveau leader syrien \u00e9vite d\u2019affronter Moscou : il n\u2019a jamais r\u00e9clam\u00e9 le d\u00e9part des forces russes et a m\u00eame d\u00e9clar\u00e9 esp\u00e9rer que la Russie \u00ab reste de notre c\u00f4t\u00e9 \u00bb. La Syrie post-Assad a besoin d\u2019alli\u00e9s pour sa reconstruction, ses \u00e9changes commerciaux et pour neutraliser les fid\u00e8les de l\u2019ancien r\u00e9gime r\u00e9fugi\u00e9s en Russie.<\/p>\n<p><strong>L\u2019atout de la d\u00e9fense antia\u00e9rienne<\/strong><\/p>\n<p>Symbole de ce rapprochement, le porte-parole de la D\u00e9fense syrienne, Asim Gliyun, a publi\u00e9 sur les r\u00e9seaux un selfie devant un S-400 en Russie en \u00e9crivant : \u00ab aujourd\u2019hui en Russie, demain en Syrie \u00bb. L\u2019\u00e9ventuel achat de ces syst\u00e8mes donnerait \u00e0 Damas une capacit\u00e9 cr\u00e9dible face aux frappes isra\u00e9liennes, intensifi\u00e9es depuis la chute d\u2019Assad, et offrirait un contre-poids face \u00e0 la tutelle turque sur le nouveau pouvoir syrien.<\/p>\n<p><strong>\u00c0 lire aussi : <\/strong><a href=\"https:\/\/lediplomate.media\/decryptage-irak-services-securite-coeur-bataille-poste-premier-ministre\/\" rel=\"nofollow noopener\" target=\"_blank\">D\u00c9CRYPTAGE \u2013\u00a0Irak : Les services de s\u00e9curit\u00e9 au c\u0153ur de la bataille pour le poste de Premier ministre<\/a><\/p>\n<p><strong>G\u00e9o-\u00e9conomie du compromis<\/strong><\/p>\n<p>Moscou ne peut se permettre de perdre son acc\u00e8s \u00e0 la Syrie : la r\u00e9cente avarie d\u2019un sous-marin russe de classe Kilo II en M\u00e9diterran\u00e9e orientale a rappel\u00e9 l\u2019importance vitale de points d\u2019appui logistiques fiables. En plus des bases, la Russie a d\u00e9j\u00e0 envoy\u00e9 du p\u00e9trole, du gazole et du bl\u00e9 \u00e0 Damas, et l\u2019entreprise Goznak \u2013 malgr\u00e9 les sanctions occidentales \u2013 continuera d\u2019imprimer la nouvelle monnaie syrienne. Moscou pourrait \u00e9galement utiliser son veto au Conseil de s\u00e9curit\u00e9 de l\u2019ONU pour appuyer la lev\u00e9e des d\u00e9signations terroristes qui p\u00e8sent encore sur Al-Charaa et ses proches. En \u00e9change, la Syrie accepterait sans doute de prolonger les concessions sur Tartous et Hmeimim, mais \u00e0 des conditions financi\u00e8res plus strictes.<\/p>\n<p><strong>\u00c0 lire aussi : <\/strong><a href=\"https:\/\/lediplomate.media\/tribune-politique-ville-voulu-acheter-paix-finance-guerre\/\" rel=\"nofollow noopener\" target=\"_blank\">TRIBUNE\u00a0\u2013 Politique de la ville : On a voulu acheter la paix, on a financ\u00e9 la guerre<\/a><\/p>\n<p><strong>Un Moyen-Orient toujours plus encombr\u00e9<\/strong><\/p>\n<p>La Syrie demeure un \u00e9chiquier complexe : la Turquie et le Qatar consolident leur r\u00f4le d\u2019alli\u00e9s principaux, Isra\u00ebl intensifie ses op\u00e9rations a\u00e9riennes, les \u00c9tats-Unis suivent la situation de pr\u00e8s et plusieurs pays arabes tentent de s\u2019y r\u00e9ins\u00e9rer comme notamment l\u2019Arabie saoudite de MBS. Dans cet environnement multipolaire, Moscou cherche \u00e0 rester un acteur cl\u00e9, m\u00eame si son rapport de force est moins favorable qu\u2019au temps d\u2019Assad.<\/p>\n<p>Reste \u00e0 savoir si la Russie r\u00e9ussira \u00e0 conserver sa pr\u00e9sence strat\u00e9gique en Syrie ou si Damas choisira de s\u2019arrimer davantage au duo Ankara-Doha dont l\u2019objectif premier en soutenant Al-Charaa et tous les islamistes du pays, et ce depuis 2011, \u00e9tait rappelons-le, faire chuter Assad, placer \u00e0 la t\u00eate du pays leurs hommes et donc pousser vers la sortie les Russes et les Iraniens\u2026<\/p>\n<p><strong>\u00c0 lire aussi : <\/strong><a href=\"https:\/\/lediplomate.media\/exclusif-grand-entretien-diplomate-depute-guillaume-bigot\/\" rel=\"nofollow noopener\" target=\"_blank\">EXCLUSIF\u00a0\u2013 Le Grand Entretien du Diplomate avec le d\u00e9put\u00e9 Guillaume Bigot<\/a><\/p>\n<p>#Russie, #Syrie, #Poutine, #Moscou, #AlCharaa, #Assad, #G\u00e9opolitique, #Diplomatie, #MoyenOrient, #AnalyseG\u00e9opolitique, #RelationsInternationales, #CriseSyrienne, #ReconstructionSyrie, #ForcesRussies, #BaseTartous, #BaseHmeimim, #Arm\u00e9eRusse, #ConflitSyrien, #Politique\u00c9trang\u00e8re, #P\u00e9troleSyrien, #GazSyrien, #S400, #VladimirPoutine, #AhmedAlCharaa, #ChuteAssad, #R\u00e9gimeSyrien, #SoutienRusse, #AllianceMoscouDamas, #SyriePostAssad, #NouvellesRoutesDeLaSoie, #InfluenceRusse, #RecompositionR\u00e9gionale, #OTAN, #Ankara, #Doha, #Iran, #Isra\u00ebl, #\u00c9tatsUnis, #ArabieSaoudite, #GuerreDuProcheOrient,<\/p>\n","protected":false},"excerpt":{"rendered":"Capture d\u2019\u00e9cran Par Giuseppe Gagliano, Pr\u00e9sident du Centro Studi Strategici Carlo De Cristoforis (C\u00f4me, Italie)\u00a0 Un h\u00e9ritage strat\u00e9gique&hellip;\n","protected":false},"author":2,"featured_media":506198,"comment_status":"","ping_status":"","sticky":false,"template":"","format":"standard","meta":{"footnotes":""},"categories":[1591],"tags":[11,16403,554,62784,1887,12,1885,1886,132,32,1254],"class_list":{"0":"post-506197","1":"post","2":"type-post","3":"status-publish","4":"format-standard","5":"has-post-thumbnail","7":"category-russie","8":"tag-actualites","9":"tag-decryptage","10":"tag-defense","11":"tag-economie-de-marche","12":"tag-federation-de-russie","13":"tag-news","14":"tag-russia","15":"tag-russian-federation","16":"tag-russie","17":"tag-syrie","18":"tag-terrorisme"},"share_on_mastodon":{"url":"https:\/\/pubeurope.com\/@fr\/115478767307729205","error":""},"_links":{"self":[{"href":"https:\/\/www.europesays.com\/fr\/wp-json\/wp\/v2\/posts\/506197","targetHints":{"allow":["GET"]}}],"collection":[{"href":"https:\/\/www.europesays.com\/fr\/wp-json\/wp\/v2\/posts"}],"about":[{"href":"https:\/\/www.europesays.com\/fr\/wp-json\/wp\/v2\/types\/post"}],"author":[{"embeddable":true,"href":"https:\/\/www.europesays.com\/fr\/wp-json\/wp\/v2\/users\/2"}],"replies":[{"embeddable":true,"href":"https:\/\/www.europesays.com\/fr\/wp-json\/wp\/v2\/comments?post=506197"}],"version-history":[{"count":0,"href":"https:\/\/www.europesays.com\/fr\/wp-json\/wp\/v2\/posts\/506197\/revisions"}],"wp:featuredmedia":[{"embeddable":true,"href":"https:\/\/www.europesays.com\/fr\/wp-json\/wp\/v2\/media\/506198"}],"wp:attachment":[{"href":"https:\/\/www.europesays.com\/fr\/wp-json\/wp\/v2\/media?parent=506197"}],"wp:term":[{"taxonomy":"category","embeddable":true,"href":"https:\/\/www.europesays.com\/fr\/wp-json\/wp\/v2\/categories?post=506197"},{"taxonomy":"post_tag","embeddable":true,"href":"https:\/\/www.europesays.com\/fr\/wp-json\/wp\/v2\/tags?post=506197"}],"curies":[{"name":"wp","href":"https:\/\/api.w.org\/{rel}","templated":true}]}}