{"id":506201,"date":"2025-11-02T06:49:15","date_gmt":"2025-11-02T06:49:15","guid":{"rendered":"https:\/\/www.europesays.com\/fr\/506201\/"},"modified":"2025-11-02T06:49:15","modified_gmt":"2025-11-02T06:49:15","slug":"israeliens-sur-trois-pensent-que-les-usa-ont-la-haute-main-sur-les-operations-a-gaza","status":"publish","type":"post","link":"https:\/\/www.europesays.com\/fr\/506201\/","title":{"rendered":"Isra\u00e9liens sur trois pensent que les USA ont la haute main sur les op\u00e9rations \u00e0 Gaza"},"content":{"rendered":"<p>67 % des Isra\u00e9liens estiment que ce sont les \u00c9tats-Unis qui d\u00e9terminent actuellement les op\u00e9rations militaires de Tsahal dans la bande de Gaza. Seuls 24 % pensent qu\u2019Isra\u00ebl prend ses d\u00e9cisions de mani\u00e8re ind\u00e9pendante, selon un sondage publi\u00e9 par Channel 12 News.<\/p>\n<p>\u00a0La m\u00eame enqu\u00eate souligne que 69 % des personnes interrog\u00e9es consid\u00e8rent d\u00e9sormais Isra\u00ebl comme un \u00ab \u00c9tat vassal \u00bb de Washington, un jugement s\u00e9v\u00e8re que Benjam\u00edn Netanyahou rejette cat\u00e9goriquement.<\/p>\n<p>&#8211; Publicit\u00e9-<\/p>\n","protected":false},"excerpt":{"rendered":"67 % des Isra\u00e9liens estiment que ce sont les \u00c9tats-Unis qui d\u00e9terminent actuellement les op\u00e9rations militaires de Tsahal&hellip;\n","protected":false},"author":2,"featured_media":506202,"comment_status":"","ping_status":"","sticky":false,"template":"","format":"standard","meta":{"footnotes":""},"categories":[1589],"tags":[11,73,1866,12,1864,1865,1863,308],"class_list":{"0":"post-506201","1":"post","2":"type-post","3":"status-publish","4":"format-standard","5":"has-post-thumbnail","7":"category-etats-unis","8":"tag-actualites","9":"tag-etats-unis","10":"tag-etats-unis-damerique","11":"tag-news","12":"tag-united-states","13":"tag-united-states-of-america","14":"tag-us","15":"tag-usa"},"share_on_mastodon":{"url":"https:\/\/pubeurope.com\/@fr\/115478774684648867","error":""},"_links":{"self":[{"href":"https:\/\/www.europesays.com\/fr\/wp-json\/wp\/v2\/posts\/506201","targetHints":{"allow":["GET"]}}],"collection":[{"href":"https:\/\/www.europesays.com\/fr\/wp-json\/wp\/v2\/posts"}],"about":[{"href":"https:\/\/www.europesays.com\/fr\/wp-json\/wp\/v2\/types\/post"}],"author":[{"embeddable":true,"href":"https:\/\/www.europesays.com\/fr\/wp-json\/wp\/v2\/users\/2"}],"replies":[{"embeddable":true,"href":"https:\/\/www.europesays.com\/fr\/wp-json\/wp\/v2\/comments?post=506201"}],"version-history":[{"count":0,"href":"https:\/\/www.europesays.com\/fr\/wp-json\/wp\/v2\/posts\/506201\/revisions"}],"wp:featuredmedia":[{"embeddable":true,"href":"https:\/\/www.europesays.com\/fr\/wp-json\/wp\/v2\/media\/506202"}],"wp:attachment":[{"href":"https:\/\/www.europesays.com\/fr\/wp-json\/wp\/v2\/media?parent=506201"}],"wp:term":[{"taxonomy":"category","embeddable":true,"href":"https:\/\/www.europesays.com\/fr\/wp-json\/wp\/v2\/categories?post=506201"},{"taxonomy":"post_tag","embeddable":true,"href":"https:\/\/www.europesays.com\/fr\/wp-json\/wp\/v2\/tags?post=506201"}],"curies":[{"name":"wp","href":"https:\/\/api.w.org\/{rel}","templated":true}]}}