{"id":506203,"date":"2025-11-02T06:50:16","date_gmt":"2025-11-02T06:50:16","guid":{"rendered":"https:\/\/www.europesays.com\/fr\/506203\/"},"modified":"2025-11-02T06:50:16","modified_gmt":"2025-11-02T06:50:16","slug":"royaume-uni-neuf-blesses-graves-dans-lattaque-dun-train","status":"publish","type":"post","link":"https:\/\/www.europesays.com\/fr\/506203\/","title":{"rendered":"Royaume-uni: neuf bless\u00e9s graves dans l\u2019attaque d\u2019un train"},"content":{"rendered":"<p>Agression au Royaume-Uni \u2013 <\/p>\n<p>Neuf bless\u00e9s graves dans une attaque \u00e0 l\u2019arme blanche dans un train<\/p>\n<p class=\"ContentHead_lead____SsS link_regular__O0hk0 link_externalicon-big__ZdPgo link_externalicon__qcwXs\">Un train en direction de Londres a fait l\u2019objet samedi d\u2019une attaque qui a bless\u00e9 dix personnes dont neuf sont dans un un \u00e9tat critique.<\/p>\n<p>Publi\u00e9 aujourd\u2019hui \u00e0 07h46Mis \u00e0 jour il y a 1 minute<img decoding=\"async\" loading=\"eager\" fetchpriority=\"high\" src=\"https:\/\/www.europesays.com\/fr\/wp-content\/uploads\/2025\/11\/D8yF0NO2KsOADyJuOk8ufd.jpg\" alt=\"Un agent de la British Transport Police dans un train \u00e0 la station Hammersmith \u00e0 Londres.\" title=\"Un agent de la British Transport Police dans un train \u00e0 la station Hammersmith \u00e0 Londres.\" class=\"ResponsiveImage_root__ZDz10 responsive-image\" style=\"background-color:#9A9581\"\/><\/p>\n<p>Les services antiterroristes ont \u00e9t\u00e9 saisis pour collaborer \u00e0 l\u2019enqu\u00eate sur le drame.<\/p>\n<p>AFP\/ADRIAN DENNIS<\/p>\n<p class=\"ArticleParagraph_root__lhFZo ArticleContainer_content-width__FRl7F link_focus__0ZMwx link_externalicon-big__ZdPgo link_externalicon__qcwXs ArticleElement_article-element__q93eL\">La police britannique cherche \u00e0 identifier dimanche les motifs de l\u2019attaque \u00e0 l\u2019arme blanche qui a fait 10 bless\u00e9s dont neuf graves dans un train en direction de Londres, dans l\u2019est de l\u2019Angleterre.<\/p>\n<p class=\"ArticleParagraph_root__lhFZo ArticleContainer_content-width__FRl7F link_focus__0ZMwx link_externalicon-big__ZdPgo link_externalicon__qcwXs ArticleElement_article-element__q93eL\">Les services antiterroristes ont \u00e9t\u00e9 saisis pour collaborer \u00e0 l\u2019enqu\u00eate sur le drame, pour lequel deux personnes ont \u00e9t\u00e9 arr\u00eat\u00e9es. Mais aucune information n\u2019a \u00e9t\u00e9 donn\u00e9e sur leur identit\u00e9 ou les raisons qui ont pu conduire aux sc\u00e8nes d\u2019horreur d\u00e9crites par les t\u00e9moins dans ce train en marche.<\/p>\n<p class=\"ArticleParagraph_root__lhFZo ArticleContainer_content-width__FRl7F link_focus__0ZMwx link_externalicon-big__ZdPgo link_externalicon__qcwXs ArticleElement_article-element__q93eL\">Les forces de l\u2019ordre ont \u00e9t\u00e9 alert\u00e9es d\u2019un incident vers 19h40 locales (et GMT), suite au d\u00e9clenchement du syst\u00e8me d\u2019alarme, et sont intervenues en gare de Huntingdon, situ\u00e9e dans la r\u00e9gion de la ville universitaire de Cambridge, \u00e0 environ 120 kilom\u00e8tres au nord de la capitale.<\/p>\n<p class=\"ArticleParagraph_root__lhFZo ArticleContainer_content-width__FRl7F link_focus__0ZMwx link_externalicon-big__ZdPgo link_externalicon__qcwXs ArticleElement_article-element__q93eL\">Dans la nuit, la police des transports a fait \u00e9tat d\u2019un bilan de 10 bless\u00e9s hospitalis\u00e9s dont neuf dont le pronostic vital est engag\u00e9.\u00a0<\/p>\n<p class=\"ArticleParagraph_root__lhFZo ArticleContainer_content-width__FRl7F link_focus__0ZMwx link_externalicon-big__ZdPgo link_externalicon__qcwXs ArticleElement_article-element__q93eL\">\u00abL\u2019attaque a \u00e9t\u00e9 d\u00e9clar\u00e9e incident majeur et la police antiterroriste aide \u00e0 l\u2019enqu\u00eate pendant que nous travaillons \u00e0 \u00e9tablir toutes les circonstances de l\u2019incident\u00bb, a ajout\u00e9 cette source.\u00a0<\/p>\n<p class=\"ArticleParagraph_root__lhFZo ArticleContainer_content-width__FRl7F link_focus__0ZMwx link_externalicon-big__ZdPgo link_externalicon__qcwXs ArticleElement_article-element__q93eL\">Des t\u00e9moins interrog\u00e9s par le journal The Times ont indiqu\u00e9 avoir vu un homme arm\u00e9 d\u2019un grand couteau et des passagers se cacher dans les toilettes du train pour se prot\u00e9ger.\u00a0<\/p>\n<p class=\"ArticleParagraph_root__lhFZo ArticleContainer_content-width__FRl7F link_focus__0ZMwx link_externalicon-big__ZdPgo link_externalicon__qcwXs ArticleElement_article-element__q93eL\">Un t\u00e9moin cit\u00e9 par plusieurs m\u00e9dias a indiqu\u00e9 avoir vu un homme courir dans le wagon, le bras ensanglant\u00e9, en criant: \u00abIls ont un couteau!\u00bb. Un autre a rapport\u00e9 avoir vu \u00abdu sang partout\u00bb.<\/p>\n<p class=\"ArticleParagraph_root__lhFZo ArticleContainer_content-width__FRl7F link_focus__0ZMwx link_externalicon-big__ZdPgo link_externalicon__qcwXs ArticleElement_article-element__q93eL\">Olly Foster, cit\u00e9 par la BBC, a racont\u00e9 avoir d\u2019abord cru \u00e0 une plaisanterie li\u00e9e \u00e0 Halloween lorsqu\u2019il a entendu des passagers crier \u00abFuyez! Il y a un type qui poignarde tout le monde\u00bb.<\/p>\n<p class=\"ArticleParagraph_root__lhFZo ArticleContainer_content-width__FRl7F link_focus__0ZMwx link_externalicon-big__ZdPgo link_externalicon__qcwXs ArticleElement_article-element__q93eL\">Il a d\u00e9crit des si\u00e8ges couverts de sang et un passager tentant de prot\u00e9ger une fillette lors de l\u2019incident qui \u00absemblait ne jamais devoir se terminer\u00bb.<\/p>\n<p class=\"ArticleParagraph_root__lhFZo ArticleContainer_content-width__FRl7F link_focus__0ZMwx link_externalicon-big__ZdPgo link_externalicon__qcwXs ArticleElement_article-element__q93eL\">Un autre passager cit\u00e9 par Sky News a rapport\u00e9 avoir vu, une fois le train arr\u00eat\u00e9, des policiers faire usage de leur taser (pistoler \u00e0 impulsion \u00e9lectrique) sur le quai pour ma\u00eetriser un homme arm\u00e9 d\u2019un grand couteau.\u00a0<\/p>\n<p class=\"ArticleParagraph_root__lhFZo ArticleContainer_content-width__FRl7F link_focus__0ZMwx link_externalicon-big__ZdPgo link_externalicon__qcwXs ArticleElement_article-element__q93eL\">\u00abNous menons actuellement des v\u00e9rifications urgentes afin de d\u00e9terminer ce qui s\u2019est pass\u00e9 et il faudra peut-\u00eatre un certain temps avant que nous soyons en mesure de confirmer quoi que ce soit\u00bb, a averti le commissaire Chris Casey, cit\u00e9 dans un communiqu\u00e9 de la police des transports, appellant \u00e0 ne pas \u00absp\u00e9culer sur les causes de l\u2019incident\u00bb.<\/p>\n<p class=\"ArticleParagraph_root__lhFZo ArticleContainer_content-width__FRl7F link_focus__0ZMwx link_externalicon-big__ZdPgo link_externalicon__qcwXs ArticleElement_article-element__q93eL\">Avant m\u00eame que n\u2019\u00e9mergent ces t\u00e9moignages, le Premier ministre Keir Starmer avait qualifi\u00e9 sur X l\u2019incident d\u2019\u00bbextr\u00eamement pr\u00e9occupant\u00bb. \u00abMes pens\u00e9es vont \u00e0 toutes les personnes touch\u00e9es, et je remercie les services d\u2019urgence pour leur r\u00e9action\u00bb, a-t-il indiqu\u00e9.<\/p>\n<p class=\"ArticleParagraph_root__lhFZo ArticleContainer_content-width__FRl7F link_focus__0ZMwx link_externalicon-big__ZdPgo link_externalicon__qcwXs ArticleElement_article-element__q93eL\">Le train o\u00f9 s\u2019est produit l\u2019attaque \u00e9tait parti \u00e0 18H25 de la ville de Doncaster (nord de l\u2019Angleterre), avec pour destination la gare londonienne de King\u2019s Cross.<\/p>\n<p class=\"ArticleParagraph_root__lhFZo ArticleContainer_content-width__FRl7F link_focus__0ZMwx link_externalicon-big__ZdPgo link_externalicon__qcwXs ArticleElement_article-element__q93eL\">La compagnie ferroviaire London North Eastern Railway (LNER), qui exploite des liaisons ferroviaires dans l\u2019est de l\u2019Angleterre et en \u00c9cosse, a appel\u00e9 les voyageurs \u00e0 \u00e9viter tout d\u00e9placement, pr\u00e9voyant des \u00abperturbations majeures\u00bb.<\/p>\n<p class=\"ArticleParagraph_root__lhFZo ArticleContainer_content-width__FRl7F link_focus__0ZMwx link_externalicon-big__ZdPgo link_externalicon__qcwXs ArticleElement_article-element__q93eL\">Dans un pays o\u00f9 la l\u00e9gislation sur les armes \u00e0 feu est tr\u00e8s stricte, les violences \u00e0 l\u2019arme blanche ont fortement augment\u00e9 ces quinze derni\u00e8res ann\u00e9es en Angleterre et au Pays de Galles, selon des chiffres officiels. Le Premier ministre a qualifi\u00e9 par le pass\u00e9 la situation de \u00abcrise nationale\u00bb.<\/p>\n<p class=\"ArticleParagraph_root__lhFZo ArticleContainer_content-width__FRl7F link_focus__0ZMwx link_externalicon-big__ZdPgo link_externalicon__qcwXs ArticleElement_article-element__q93eL\">Le gouvernement Starmer a pris plusieurs mesures pour durcir l\u2019acc\u00e8s aux armes blanches depuis son arriv\u00e9e au pouvoir en juillet 2024.<\/p>\n<p class=\"ArticleParagraph_root__lhFZo ArticleContainer_content-width__FRl7F link_focus__0ZMwx link_externalicon-big__ZdPgo link_externalicon__qcwXs ArticleElement_article-element__q93eL\">Pr\u00e8s de 60.000 d\u2019entre elles ont \u00e9t\u00e9 saisies ou r\u00e9cup\u00e9r\u00e9es par la police en dix ans, avait indiqu\u00e9 mercredi la ministre de l\u2019Int\u00e9rieur Shabana Mahmood.<\/p>\n<p class=\"ArticleParagraph_root__lhFZo ArticleContainer_content-width__FRl7F link_focus__0ZMwx link_externalicon-big__ZdPgo link_externalicon__qcwXs ArticleElement_article-element__q93eL\">Cette attaque intervient un mois apr\u00e8s l\u2019attaque contre une synagogue au nord de Manchester, o\u00f9 un homme avait attaqu\u00e9 des fid\u00e8les arm\u00e9 d\u2019un couteau. Deux personnes avaient \u00e9t\u00e9 tu\u00e9es, l\u2019une d\u2019entre elles d\u2019une balle tir\u00e9e par la police intervenue sur les lieux.<\/p>\n<p>Newsletter<\/p>\n<p>\u00abDerni\u00e8res nouvelles\u00bb<\/p>\n<p>Vous voulez rester au top de l\u2019info? \u00ab24 heures\u00bb vous propose deux rendez-vous par jour, pour ne rien rater de ce qui se passe dans votre Canton, en Suisse ou dans le monde.<\/p>\n<p><a class=\"NewsletterBox_more__FNemz link_underlinelink__K5Zr0\" href=\"https:\/\/www.24heures.ch\/nos-newsletters\" rel=\"nofollow noopener\" target=\"_blank\">Autres newsletters<\/a><\/p>\n<p>Se connecter<\/p>\n<p class=\"ArticleContainer_agencies__g6Lpj ArticleContainer_content-width__FRl7F\">AFP<\/p>\n<p class=\"Feedback_root__fr_Mi ArticleContainer_content-width__FRl7F\">Vous avez trouv\u00e9 une erreur?<a href=\"mailto:tes_correction@tamedia.ch?subject=Avis%20d'erreur%20%7C%20Neuf%20bless%C3%A9s%20graves%20dans%20une%20attaque%20%C3%A0%20l%E2%80%99arme%20blanche%20dans%20un%20train&amp;body=J'ai%20trouv%C3%A9%20une%20erreur%20dans%20cet%20article%3A%20https%3A%2F%2Fwww.24heures.ch%2Froyaume-uni-neuf-blesses-graves-dans-lattaque-dun-train-434358626967\" class=\"Feedback_feedbacklink__VyDCi link_underlinelink__K5Zr0\">Merci de nous la signaler.<\/a><\/p>\n<p>0 commentaires<\/p>\n","protected":false},"excerpt":{"rendered":"Agression au Royaume-Uni \u2013 Neuf bless\u00e9s graves dans une attaque \u00e0 l\u2019arme blanche dans un train Un train&hellip;\n","protected":false},"author":2,"featured_media":506204,"comment_status":"","ping_status":"","sticky":false,"template":"","format":"standard","meta":{"footnotes":""},"categories":[1588],"tags":[11,1777,674,12,473,1853,1851,1850,1852],"class_list":{"0":"post-506203","1":"post","2":"type-post","3":"status-publish","4":"format-standard","5":"has-post-thumbnail","7":"category-royaume-uni","8":"tag-actualites","9":"tag-eu","10":"tag-europe","11":"tag-news","12":"tag-royaume-uni","13":"tag-royaume-uni-de-grande-bretagne-et-dirlande-du-nord","14":"tag-uk","15":"tag-united-kingdom","16":"tag-united-kingdom-of-great-britain-and-northern-ireland"},"share_on_mastodon":{"url":"https:\/\/pubeurope.com\/@fr\/115478779123340835","error":""},"_links":{"self":[{"href":"https:\/\/www.europesays.com\/fr\/wp-json\/wp\/v2\/posts\/506203","targetHints":{"allow":["GET"]}}],"collection":[{"href":"https:\/\/www.europesays.com\/fr\/wp-json\/wp\/v2\/posts"}],"about":[{"href":"https:\/\/www.europesays.com\/fr\/wp-json\/wp\/v2\/types\/post"}],"author":[{"embeddable":true,"href":"https:\/\/www.europesays.com\/fr\/wp-json\/wp\/v2\/users\/2"}],"replies":[{"embeddable":true,"href":"https:\/\/www.europesays.com\/fr\/wp-json\/wp\/v2\/comments?post=506203"}],"version-history":[{"count":0,"href":"https:\/\/www.europesays.com\/fr\/wp-json\/wp\/v2\/posts\/506203\/revisions"}],"wp:featuredmedia":[{"embeddable":true,"href":"https:\/\/www.europesays.com\/fr\/wp-json\/wp\/v2\/media\/506204"}],"wp:attachment":[{"href":"https:\/\/www.europesays.com\/fr\/wp-json\/wp\/v2\/media?parent=506203"}],"wp:term":[{"taxonomy":"category","embeddable":true,"href":"https:\/\/www.europesays.com\/fr\/wp-json\/wp\/v2\/categories?post=506203"},{"taxonomy":"post_tag","embeddable":true,"href":"https:\/\/www.europesays.com\/fr\/wp-json\/wp\/v2\/tags?post=506203"}],"curies":[{"name":"wp","href":"https:\/\/api.w.org\/{rel}","templated":true}]}}