{"id":506205,"date":"2025-11-02T06:51:11","date_gmt":"2025-11-02T06:51:11","guid":{"rendered":"https:\/\/www.europesays.com\/fr\/506205\/"},"modified":"2025-11-02T06:51:11","modified_gmt":"2025-11-02T06:51:11","slug":"le-smic-bondit-de-14-en-deux-ans-la-france-a-la-traine","status":"publish","type":"post","link":"https:\/\/www.europesays.com\/fr\/506205\/","title":{"rendered":"le Smic bondit de 14 % en deux ans, la France \u00e0 la tra\u00eene ?"},"content":{"rendered":"<p>Le gouvernement allemand vient d\u2019approuver une hausse importante du salaire minimum, marquant un tournant dans l\u2019histoire sociale et \u00e9conomique du pays. Cette d\u00e9cision repr\u00e9sente l\u2019augmentation la plus forte depuis l\u2019introduction du salaire minimum il y a dix ans, traduisant les efforts constants pour am\u00e9liorer les conditions de vie des travailleurs tout en s\u2019inscrivant dans une <a href=\"https:\/\/www.journaldeleconomie.fr\/smic-82-en-espagne-la-france-osera-t-elle-sans-casser-lemploi\/\" rel=\"noopener noreferrer\" target=\"_blank\">dynamique des salaires minimums<\/a> comp\u00e9titive en Europe.<\/p>\n<p>Une d\u00e9cision politique marquante<\/p>\n<p>Sous l\u2019impulsion du <a href=\"https:\/\/www.journaldeleconomie.fr\/allemagne-les-retraites-sommes-de-retourner-travailler-pour-sauver-le-systeme\/\" rel=\"noopener noreferrer\" target=\"_blank\">chancelier Friedrich Merz<\/a>, un conservateur, le gouvernement a su trouver un accord au sein de sa coalition, qui contient aussi des sociaux-d\u00e9mocrates. Ces derniers esp\u00e9raient voir le salaire atteindre <strong>15 \u20ac<\/strong> d\u00e8s 2026, mais la hausse valid\u00e9e, bien que plus modeste, va dans ce sens. Actuellement fix\u00e9 \u00e0 <strong>12,82 \u20ac<\/strong> bruts de l\u2019heure, le salaire minimum passera \u00e0 <strong>13,90 \u20ac<\/strong> au d\u00e9but de l\u2019ann\u00e9e prochaine et grimpera \u00e0 <strong>14,60 \u20ac<\/strong> d\u00e8s le 1er janvier 2027, confirme <a href=\"https:\/\/www.bfmtv.com\/economie\/emploi\/il-va-passer-a-13-90-euros-bruts-de-l-heure-puis-14-60-euros-contre-11-88-euros-en-france-l-allemagne-adopte-la-plus-forte-hausse-du-smic-depuis-sa-creation_AD-202510290600.html\" rel=\"noopener noreferrer\" target=\"_blank\">BFMTV<\/a>. Ce passage repr\u00e9sente une progression totale de <strong>13,9 %<\/strong> et concernera environ six millions de travailleurs en Allemagne.<\/p>\n<p>Le salaire minimum a \u00e9t\u00e9 instaur\u00e9 le 1er janvier 2015. \u00c0 l\u2019\u00e9poque, sous la chanceli\u00e8re Angela Merkel et avec l\u2019appui des sociaux-d\u00e9mocrates, il \u00e9tait fix\u00e9 \u00e0 <strong>8,50 \u20ac<\/strong> bruts de l\u2019heure. Cette mesure avait alors \u00e9t\u00e9 per\u00e7ue comme une \u00ab petite r\u00e9volution \u00bb, symbolisant un pas important vers plus de justice sociale dans le pays.<\/p>\n<p>Ce que cela change pour les travailleurs et o\u00f9 se situe l\u2019Allemagne en Europe<\/p>\n<p>La revalorisation du salaire minimum va directement b\u00e9n\u00e9ficier \u00e0 des millions de travailleurs, qui verront ainsi leur pouvoir d\u2019achat s\u2019am\u00e9liorer. Au niveau europ\u00e9en, l\u2019Allemagne se classe quatri\u00e8me pour le salaire minimum horaire le plus \u00e9lev\u00e9, selon une <a href=\"https:\/\/www.journaldeleconomie.fr\/augmentation-du-smic-en-2025-decouvrez-le-salaire-horaire-et-mensuel\/\" rel=\"noopener noreferrer\" target=\"_blank\">comparaison avec d\u2019autres pays europ\u00e9ens<\/a>. En t\u00eate, on retrouve le Luxembourg avec <strong>15,63 \u20ac<\/strong>, suivi des Pays-Bas avec <strong>14,06 \u20ac<\/strong> et de l\u2019Irlande avec <strong>13,50 \u20ac<\/strong>. La France se situe en cinqui\u00e8me position avec un salaire horaire brut de <strong>11,88 \u20ac<\/strong>.<\/p>\n<p>Pour le salaire minimum mensuel brut en Europe, l\u2019Allemagne se trouve aussi en quatri\u00e8me place avec environ <strong>2 161 \u20ac<\/strong>. Elle se positionne derri\u00e8re le Luxembourg (<strong>2 638 \u20ac<\/strong>), l\u2019Irlande (<strong>2 282 \u20ac<\/strong>) et les Pays-Bas (<strong>2 193 \u20ac<\/strong>). La Belgique arrive apr\u00e8s avec environ <strong>2 070 \u20ac<\/strong>, tandis que la France se classe sixi\u00e8me avec environ <strong>1 802 \u20ac<\/strong>.<\/p>\n<p>\u00c9volution \u00e9conomique et suggestions<\/p>\n<p>La hausse intervient alors que l\u2019inflation a nettement baiss\u00e9 ces derni\u00e8res ann\u00e9es en Allemagne. En septembre dernier, le taux d\u2019inflation \u00e9tait tomb\u00e9 \u00e0 <strong>2,4 %<\/strong>, ce qui laisse une certaine marge pour ajuster les salaires sans faire flamber l\u2019\u00e9conomie.<\/p>\n<p>Pour fixer ces nouveaux montants, le gouvernement s\u2019est appuy\u00e9 sur les recommandations d\u2019une commission ind\u00e9pendante, rassemblant des repr\u00e9sentants des employeurs et des travailleurs. Il est int\u00e9ressant de rappeler qu\u2019en 2022, l\u2019ex-chancelier Olaf Scholz avait d\u00e9j\u00e0 relev\u00e9 le salaire minimum au-del\u00e0 des suggestions initiales de cette m\u00eame commission.<\/p>\n","protected":false},"excerpt":{"rendered":"Le gouvernement allemand vient d\u2019approuver une hausse importante du salaire minimum, marquant un tournant dans l\u2019histoire sociale et&hellip;\n","protected":false},"author":2,"featured_media":506206,"comment_status":"","ping_status":"","sticky":false,"template":"","format":"standard","meta":{"footnotes":""},"categories":[1587],"tags":[11,672,1804,1805,1803,1777,674,1801,12,1802],"class_list":{"0":"post-506205","1":"post","2":"type-post","3":"status-publish","4":"format-standard","5":"has-post-thumbnail","7":"category-allemagne","8":"tag-actualites","9":"tag-allemagne","10":"tag-bundesrepublik-deutschland","11":"tag-de","12":"tag-deutschland","13":"tag-eu","14":"tag-europe","15":"tag-germany","16":"tag-news","17":"tag-republique-federale-dallemagne"},"share_on_mastodon":{"url":"https:\/\/pubeurope.com\/@fr\/115478782541756492","error":""},"_links":{"self":[{"href":"https:\/\/www.europesays.com\/fr\/wp-json\/wp\/v2\/posts\/506205","targetHints":{"allow":["GET"]}}],"collection":[{"href":"https:\/\/www.europesays.com\/fr\/wp-json\/wp\/v2\/posts"}],"about":[{"href":"https:\/\/www.europesays.com\/fr\/wp-json\/wp\/v2\/types\/post"}],"author":[{"embeddable":true,"href":"https:\/\/www.europesays.com\/fr\/wp-json\/wp\/v2\/users\/2"}],"replies":[{"embeddable":true,"href":"https:\/\/www.europesays.com\/fr\/wp-json\/wp\/v2\/comments?post=506205"}],"version-history":[{"count":0,"href":"https:\/\/www.europesays.com\/fr\/wp-json\/wp\/v2\/posts\/506205\/revisions"}],"wp:featuredmedia":[{"embeddable":true,"href":"https:\/\/www.europesays.com\/fr\/wp-json\/wp\/v2\/media\/506206"}],"wp:attachment":[{"href":"https:\/\/www.europesays.com\/fr\/wp-json\/wp\/v2\/media?parent=506205"}],"wp:term":[{"taxonomy":"category","embeddable":true,"href":"https:\/\/www.europesays.com\/fr\/wp-json\/wp\/v2\/categories?post=506205"},{"taxonomy":"post_tag","embeddable":true,"href":"https:\/\/www.europesays.com\/fr\/wp-json\/wp\/v2\/tags?post=506205"}],"curies":[{"name":"wp","href":"https:\/\/api.w.org\/{rel}","templated":true}]}}