{"id":506219,"date":"2025-11-02T07:00:14","date_gmt":"2025-11-02T07:00:14","guid":{"rendered":"https:\/\/www.europesays.com\/fr\/506219\/"},"modified":"2025-11-02T07:00:14","modified_gmt":"2025-11-02T07:00:14","slug":"la-victoire-dans-le-tournoi-et-la-premiere-place-mondiale","status":"publish","type":"post","link":"https:\/\/www.europesays.com\/fr\/506219\/","title":{"rendered":"la victoire dans le tournoi et la premi\u00e8re place mondiale"},"content":{"rendered":"\n<p>\n            Tennis,\n        <\/p>\n<p>\n            Rolex Paris Masters\n        <\/p>\n<p> abonn\u00e9<\/p>\n<p>Jannik Sinner, qui affronte en finale F\u00e9lix Auger-Aliassime, vise un coup double\u00a0: la victoire dans le tournoi et la premi\u00e8re place mondiale<\/p>\n<p>Fatigu\u00e9 en d\u00e9but de semaine, l&rsquo;Italien finit son s\u00e9jour parisien en trombe et a \u00e9trill\u00e9, ce samedi en demi-finales, un Alexander Zverev diminu\u00e9 (6-0, 6-1). Le titre et la place de n\u00b01 mondial sont \u00e0 port\u00e9e de raquette.<\/p>\n","protected":false},"excerpt":{"rendered":"Tennis, Rolex Paris Masters abonn\u00e9 Jannik Sinner, qui affronte en finale F\u00e9lix Auger-Aliassime, vise un coup double\u00a0: la&hellip;\n","protected":false},"author":2,"featured_media":506220,"comment_status":"","ping_status":"","sticky":false,"template":"","format":"standard","meta":{"footnotes":""},"categories":[1415],"tags":[1011,27,60,1467],"class_list":{"0":"post-506219","1":"post","2":"type-post","3":"status-publish","4":"format-standard","5":"has-post-thumbnail","7":"category-tennis","8":"tag-fr","9":"tag-france","10":"tag-sports","11":"tag-tennis"},"share_on_mastodon":{"url":"https:\/\/pubeurope.com\/@fr\/115478817790597530","error":""},"_links":{"self":[{"href":"https:\/\/www.europesays.com\/fr\/wp-json\/wp\/v2\/posts\/506219","targetHints":{"allow":["GET"]}}],"collection":[{"href":"https:\/\/www.europesays.com\/fr\/wp-json\/wp\/v2\/posts"}],"about":[{"href":"https:\/\/www.europesays.com\/fr\/wp-json\/wp\/v2\/types\/post"}],"author":[{"embeddable":true,"href":"https:\/\/www.europesays.com\/fr\/wp-json\/wp\/v2\/users\/2"}],"replies":[{"embeddable":true,"href":"https:\/\/www.europesays.com\/fr\/wp-json\/wp\/v2\/comments?post=506219"}],"version-history":[{"count":0,"href":"https:\/\/www.europesays.com\/fr\/wp-json\/wp\/v2\/posts\/506219\/revisions"}],"wp:featuredmedia":[{"embeddable":true,"href":"https:\/\/www.europesays.com\/fr\/wp-json\/wp\/v2\/media\/506220"}],"wp:attachment":[{"href":"https:\/\/www.europesays.com\/fr\/wp-json\/wp\/v2\/media?parent=506219"}],"wp:term":[{"taxonomy":"category","embeddable":true,"href":"https:\/\/www.europesays.com\/fr\/wp-json\/wp\/v2\/categories?post=506219"},{"taxonomy":"post_tag","embeddable":true,"href":"https:\/\/www.europesays.com\/fr\/wp-json\/wp\/v2\/tags?post=506219"}],"curies":[{"name":"wp","href":"https:\/\/api.w.org\/{rel}","templated":true}]}}