{"id":506229,"date":"2025-11-02T07:09:33","date_gmt":"2025-11-02T07:09:33","guid":{"rendered":"https:\/\/www.europesays.com\/fr\/506229\/"},"modified":"2025-11-02T07:09:33","modified_gmt":"2025-11-02T07:09:33","slug":"de-qui-est-inspire-jean-loup-adrien-dantou-le-chaperon-des-2be3-amoureux-de-filip-nikolic-la-creatrice-nous-repond","status":"publish","type":"post","link":"https:\/\/www.europesays.com\/fr\/506229\/","title":{"rendered":"De qui est inspir\u00e9 Jean-Loup (Adrien Dantou), le chaperon des 2Be3 amoureux de Filip Nikolic ? La cr\u00e9atrice nous r\u00e9pond !"},"content":{"rendered":"<p>Centr\u00e9e sur la naissance des 2Be3, la saison 2 de Culte \u00e9voque aussi l&rsquo;existence d&rsquo;un certain Jean-Loup (Adrien Dantou) dans le quotidien du boys band. Mais a-t-il r\u00e9ellement exist\u00e9 ? Explications.<\/p>\n<p>Retour dans les ann\u00e9es 90 depuis ce vendredi 24\u00a0octobre 2025. \u00c0 l\u2019instar de TF1 avec <a href=\"https:\/\/www.programme-tv.net\/news\/series-tv\/387467-filip-faut-il-regarder-le-biopic-inedit-sur-le-leader-des-2be3-avec-mikael-mittelstadt-et-sara-mortensen-diffuse-ce-lundi-15-septembre-2025-notre-avis\/\" data-api-deeplink=\"teleloisirs:\/\/news\/387467\" target=\"_blank\" rel=\"noopener\">Filip, diffus\u00e9 le lundi 15\u00a0septembre 2025<\/a>, Prime Video nous replonge dans le ph\u00e9nom\u00e8ne des boys band avec<a href=\"https:\/\/www.programme-tv.net\/news\/series-tv\/390304-culte-apres-filip-sur-tf1-que-vaut-la-deuxieme-saison-de-la-serie-racontant-l-histoire-des-2be3\/\" data-api-deeplink=\"teleloisirs:\/\/news\/390304\" target=\"_blank\" rel=\"noopener\"> la saison 2 de sa s\u00e9rie Culte<\/a> (<a href=\"https:\/\/www.programme-tv.net\/news\/series-tv\/390304-culte-apres-filip-sur-tf1-que-vaut-la-deuxieme-saison-de-la-serie-racontant-l-histoire-des-2be3\/\" data-api-deeplink=\"teleloisirs:\/\/news\/390304\" target=\"_blank\" rel=\"noopener\">notre avis<\/a>). Durant les six \u00e9pisodes de ce biopic librement inspir\u00e9 de la vie des 2Be3 &#8211; dont<a href=\"https:\/\/www.programme-tv.net\/news\/series-tv\/390386-culte-le-nom-des-2be3-vient-il-d-un-surnom-que-les-trois-amis-avaient-au-college\/\" data-api-deeplink=\"teleloisirs:\/\/news\/390386\" target=\"_blank\" rel=\"noopener\"> le nom a une origine \u00e9tonnante<\/a>, outre les trois membres incarn\u00e9s par Antoine Simony (Filip), Namory Bakayoko (Adel) et Marin Judas (Frank), plusieurs personnes de leur entourage sont \u00e9voqu\u00e9s \u00e0 l&rsquo;instar de leur manager Laurent Manganas d\u00e9peint sous les traits de Salom\u00e9 (<a href=\"https:\/\/www.programme-tv.net\/biographie\/94920-burki-daphne\/\" data-link-people=\"3fcbb07b-18bc-4247-9f9c-1b6b27fac94c\" target=\"_blank\" rel=\"noopener\">Daphn\u00e9 B\u00fcrki<\/a>). On d\u00e9couvre \u00e9galement l&rsquo;existence d&rsquo;un certain Jean-Loup (Adrien Dantou).<\/p>\n<p>Culte : De qui est inspir\u00e9 Jean-Loup (Adrien Dantou), le chaperon des 2Be3 ? La cr\u00e9atrice nous r\u00e9pond !<\/p>\n<p>En r\u00e9alit\u00e9, comme nous l&rsquo;a expliqu\u00e9 Ya\u00ebl Langmann, la cr\u00e9atrice, sc\u00e9nariste et r\u00e9alisatrice de la fiction, ce personnage est un savoureux m\u00e9lange. \u00ab\u00a0Jean-Loup (Adrien Dantou) a \u00e9t\u00e9 inspir\u00e9 par plusieurs personnes, dont un manager qui \u00e9tait fou amoureux de Filip, ou encore des mecs embauch\u00e9s \u00e0 l\u2019\u00e9poque par les maisons de disques pour surveiller les artistes quand ils partaient en vrille\u00a0\u00bb, nous explique-t-elle, avant de pr\u00e9ciser \u00ab\u00a0On m&rsquo;avait beaucoup racont\u00e9 la fascination qu&rsquo;exer\u00e7ait Filip sur les hommes, a fortiori sur les jeunes hommes et \u00e0 quel point il pouvait en tirer ce qu&rsquo;il voulait. Il savait mener tout le monde par le bout du nez. J&rsquo;avais tr\u00e8s envie d&rsquo;incarner \u00e7a \u00e0 travers un personnage, compl\u00e8tement s\u00e9duit par cette personnalit\u00e9. Et puis Jean-Loup nous permettait aussi d\u2019aborder l\u2019addiction de Filip, et la s\u00e9rophobie des ann\u00e9es 90\u00a0\u00bb. <\/p>\n<p>                        Culte : Val\u00e9rie, la compagne de Filip Nikolic \u00e9tait-elle serveuse comme dans la s\u00e9rie de Prime Video ?<\/p>\n<p>Autre personnage phare de la vie du groupe, <a href=\"https:\/\/www.programme-tv.net\/news\/people\/387393-filip-nikolic-que-devient-valerie-bourdin-la-compagne-du-leader-des-2be3-et-mere-de-sa-fille-sasha\/\" data-api-deeplink=\"teleloisirs:\/\/news\/387393\" target=\"_blank\" rel=\"noopener\">Val\u00e9rie Bourdin<\/a>, la compagne de son leader, incarn\u00e9 dans la s\u00e9rie de Prime Video par <a href=\"https:\/\/www.programme-tv.net\/biographie\/9674-cassel-cecile\/\" data-link-people=\"e13d2553-2579-48a0-bd2c-77c76ea96a7c\" target=\"_blank\" rel=\"noopener\">C\u00e9cile Cassel<\/a>, que Filip aurait rencontr\u00e9 en tant que serveuse. Pour ce personnage, la sc\u00e9nariste de <b>Culte<\/b><b> <\/b>a pris quelques libert\u00e9s sur la r\u00e9alit\u00e9.<\/p>\n<p>Ainsi, comme largement \u00e9voqu\u00e9 dans le livre Filip, pour la vie, par Val\u00e9rie Bourdin, mais aussi dans son biopic Filip, disponible sur TF1+, la v\u00e9ritable Val\u00e9rie \u00e9tait responsable d&rsquo;une boutique de v\u00eatements dans le tr\u00e8s chic 8e arrondissement parisien, quand elle a rencontr\u00e9 son futur compagnon, en tant que client.<\/p>\n","protected":false},"excerpt":{"rendered":"Centr\u00e9e sur la naissance des 2Be3, la saison 2 de Culte \u00e9voque aussi l&rsquo;existence d&rsquo;un certain Jean-Loup (Adrien&hellip;\n","protected":false},"author":2,"featured_media":506230,"comment_status":"","ping_status":"","sticky":false,"template":"","format":"standard","meta":{"footnotes":""},"categories":[1356],"tags":[3038,4225,244,7016,58,59,1011,27,10395,129,252,1364],"class_list":{"0":"post-506229","1":"post","2":"type-post","3":"status-publish","4":"format-standard","5":"has-post-thumbnail","7":"category-television","8":"tag-2be3","9":"tag-amazon-prime-vidu00e9o","10":"tag-commentaire","11":"tag-culte","12":"tag-divertissement","13":"tag-entertainment","14":"tag-fr","15":"tag-france","16":"tag-pub-streaming","17":"tag-svod","18":"tag-television","19":"tag-tv"},"share_on_mastodon":{"url":"https:\/\/pubeurope.com\/@fr\/115478853374245833","error":""},"_links":{"self":[{"href":"https:\/\/www.europesays.com\/fr\/wp-json\/wp\/v2\/posts\/506229","targetHints":{"allow":["GET"]}}],"collection":[{"href":"https:\/\/www.europesays.com\/fr\/wp-json\/wp\/v2\/posts"}],"about":[{"href":"https:\/\/www.europesays.com\/fr\/wp-json\/wp\/v2\/types\/post"}],"author":[{"embeddable":true,"href":"https:\/\/www.europesays.com\/fr\/wp-json\/wp\/v2\/users\/2"}],"replies":[{"embeddable":true,"href":"https:\/\/www.europesays.com\/fr\/wp-json\/wp\/v2\/comments?post=506229"}],"version-history":[{"count":0,"href":"https:\/\/www.europesays.com\/fr\/wp-json\/wp\/v2\/posts\/506229\/revisions"}],"wp:featuredmedia":[{"embeddable":true,"href":"https:\/\/www.europesays.com\/fr\/wp-json\/wp\/v2\/media\/506230"}],"wp:attachment":[{"href":"https:\/\/www.europesays.com\/fr\/wp-json\/wp\/v2\/media?parent=506229"}],"wp:term":[{"taxonomy":"category","embeddable":true,"href":"https:\/\/www.europesays.com\/fr\/wp-json\/wp\/v2\/categories?post=506229"},{"taxonomy":"post_tag","embeddable":true,"href":"https:\/\/www.europesays.com\/fr\/wp-json\/wp\/v2\/tags?post=506229"}],"curies":[{"name":"wp","href":"https:\/\/api.w.org\/{rel}","templated":true}]}}