{"id":506241,"date":"2025-11-02T07:16:25","date_gmt":"2025-11-02T07:16:25","guid":{"rendered":"https:\/\/www.europesays.com\/fr\/506241\/"},"modified":"2025-11-02T07:16:25","modified_gmt":"2025-11-02T07:16:25","slug":"2-essaims-detoiles-filantes-pleine-lune-opposition-duranus-que-voir-dans-le-ciel-en-novembre-2025","status":"publish","type":"post","link":"https:\/\/www.europesays.com\/fr\/506241\/","title":{"rendered":"2 essaims d&rsquo;\u00e9toiles filantes, pleine Lune, opposition d&rsquo;Uranus : que voir dans le ciel en novembre 2025 ?"},"content":{"rendered":"<p>En novembre 2025, les fans d\u2019astronomie auront de quoi se r\u00e9jouir. 2 essaims d\u2019\u00e9toiles filantes sont au programme, les L\u00e9onides puis les Alpha Monoc\u00e9rotides, ainsi que des conjonctions diverses, et l\u2019opposition de la lointaine Uranus.<\/p>\n<p>Octobre s\u2019ach\u00e8ve en ayant apport\u00e9 aux curieux et curieuses d\u2019astronomie un magnifique spectacle : <a href=\"https:\/\/www.numerama.com\/sciences\/2097737-comment-voir-en-direct-le-double-passage-des-cometes-lemmon-et-swan-pres-de-la-terre.html\" rel=\"nofollow noopener\" target=\"_blank\">2 com\u00e8tes visibles simultan\u00e9ment \u00e0 l\u2019\u0153il nu<\/a>. Alors que <a href=\"https:\/\/www.numerama.com\/sciences\/2101707-la-comete-lemmon-va-faire-ses-adieux-elle-ne-reviendra-pas-avant-plus-de-1-000-ans.html\" rel=\"nofollow noopener\" target=\"_blank\">la com\u00e8te Lemmon fait ses adieux \u00e0 la Terre<\/a>, il est d\u00e9j\u00e0 temps de s\u2019int\u00e9resser aux ph\u00e9nom\u00e8nes c\u00e9lestes pr\u00e9vus au mois de novembre.<\/p>\n<p>Voici tout les \u00e9v\u00e9nements astronomiques faciles \u00e0 observer ce mois-ci, sans avoir besoin d\u2019un \u00e9quipement sophistiqu\u00e9 \u2014 vos yeux sont d\u00e9j\u00e0 largement suffisants.<\/p>\n<p>    Pour aller plus loin<\/p>\n<p>                <img decoding=\"async\" width=\"87\" height=\"87\" loading=\"lazy\" alt=\"Un t\u00e9lescope. \/\/ Source : Unsplash\/Simon Delalande (photo recadr\u00e9e)\" title=\"Un t\u00e9lescope. \/\/ Source : Unsplash\/Simon Delalande (photo recadr\u00e9e)\" class=\"placeholder-default wp-image\" src=\"https:\/\/www.europesays.com\/fr\/wp-content\/uploads\/2025\/11\/telescope-etoiles-120x120.jpg\" \/>            <\/p>\n<p>Les phases de la Lune en novembre 2025<\/p>\n<p>Nous ne pouvons pas contempler d\u2019<a href=\"https:\/\/www.numerama.com\/sciences\/644005-eclipse-lunaire-quand-aura-lieu-la-prochaine-eclipse-de-lune.html\" rel=\"nofollow noopener\" target=\"_blank\">\u00e9clipse de Lune<\/a> tous les mois, mais cela n\u2019emp\u00eache pas de l\u2019observer quand m\u00eame. Le simple spectacle du <a href=\"https:\/\/www.numerama.com\/sciences\/1888852-quest-ce-quun-cycle-lunaire.html\" data-popover-target=\"definition\" data-tag=\"Qu\u2019est-ce qu\u2019un cycle lunaire\u00a0?\" data-chapo=\"Un cycle lunaire est une p\u00e9riode, marqu\u00e9e par une succession de phases de la Lune. On s&#039;en rend bien compte en observant la Lune r\u00e9guli\u00e8rement dans le ciel : pleine Lune, demi-Lune, nouvelle Lune... Voici l&#039;origine de ces phases lunaires.\" data-image=\"https:\/\/c0.lestechnophiles.com\/www.numerama.com\/wp-content\/uploads\/2025\/01\/lune-13-1024x576.jpg?key=5cfe32c7\" rel=\"nofollow noopener\" target=\"_blank\">cycle lunaire<\/a> m\u00e9rite notre attention.<\/p>\n<ul class=\"wp-block-list\">\n<li>Le <strong>mercredi 5 novembre<\/strong>, c\u2019est <a href=\"https:\/\/www.numerama.com\/sciences\/1599622-voici-quelle-est-la-date-de-la-prochaine-pleine-lune.html\" rel=\"nofollow noopener\" target=\"_blank\">la pleine Lune<\/a>. La face visible de l\u2019astre est compl\u00e8tement \u00e9clair\u00e9e par le Soleil.<\/li>\n<li>Le <strong>mercredi 12 novembre<\/strong> correspond \u00e0 la phase du dernier quartier de Lune, permettant de contempler une demi-Lune.<\/li>\n<li>Le <strong>jeudi 20 novembre<\/strong> est marqu\u00e9 par la nouvelle Lune, lorsque l\u2019astre ne peut pas \u00eatre vu dans le ciel nocturne.<\/li>\n<li>Le <strong>vendredi 28 novembre<\/strong>, c\u2019est la phase du premier quartier de Lune, soit le retour de la demi-Lune.<\/li>\n<\/ul>\n<p>Les plan\u00e8tes du syst\u00e8me solaire visibles \u00e0 l\u2019\u0153il nu<\/p>\n<p>Voici les plan\u00e8tes du <a href=\"https:\/\/www.numerama.com\/sciences\/877361-tout-savoir-sur-le-systeme-solaire.html\" data-popover-target=\"definition\" data-tag=\"Tout savoir sur le syst\u00e8me solaire et les plan\u00e8tes qui le composent\" data-chapo=\"Le syst\u00e8me solaire est un syst\u00e8me plan\u00e9taire, dans lequel la Terre tourne inlassablement. Le syst\u00e8me solaire tourne lui-m\u00eame dans la galaxie, avec en son sein des plan\u00e8tes et une \u00e9toile. Il serait m\u00eame assez unique en son genre.\" data-image=\"https:\/\/c0.lestechnophiles.com\/www.numerama.com\/wp-content\/uploads\/2025\/07\/systeme-solaire-nasa-1024x576.jpg?key=8d4ce066\" rel=\"nofollow noopener\" target=\"_blank\">syst\u00e8me solaire<\/a> que vous pouvez voir ais\u00e9ment en novembre 2025, \u00e0 l\u2019\u0153il nu.<\/p>\n<ul class=\"wp-block-list\">\n<li><strong>V\u00e9nus<\/strong> <a href=\"https:\/\/www.stelvision.com\/astro\/observer-venus-etoile-du-berger\/\" target=\"_blank\" rel=\"noreferrer noopener nofollow\">est visible<\/a> jusqu\u2019\u00e0 la fin de l\u2019ann\u00e9e dans le ciel, le matin en direction de l\u2019est.<\/li>\n<li><strong>Jupiter<\/strong> est \u00e9galement <a href=\"https:\/\/www.stelvision.com\/astro\/observer-jupiter\/\" target=\"_blank\" rel=\"noreferrer noopener nofollow\">visible<\/a>, en milieu et fin de nuit.<\/li>\n<li><strong>Saturne<\/strong> <a href=\"https:\/\/www.stelvision.com\/astro\/observer-jupiter\/\" target=\"_blank\" rel=\"noreferrer noopener nofollow\">s\u2019observe<\/a> en soir\u00e9e, dans de bonnes conditions d\u2019observation.<\/li>\n<\/ul>\n<p>Tous les autres ph\u00e9nom\u00e8nes astronomiques<\/p>\n<p>D\u2019autres ph\u00e9nom\u00e8nes astronomiques sont pr\u00e9vus en ce mois de novembre, voici les dates pour ne pas en manquer un seul.<\/p>\n<p><a href=\"https:\/\/www.numerama.com\/wp-content\/uploads\/2025\/10\/leonides.jpg\" rel=\"nofollow noopener\" target=\"_blank\"><img decoding=\"async\" width=\"1024\" height=\"576\" loading=\"lazy\" alt=\"M\u00e9t\u00e9ore des L\u00e9onides. \/\/ Source : Flickr\/CC\/Rocky Raybell (photo recadr\u00e9e)\" title=\"M\u00e9t\u00e9ore des L\u00e9onides. \/\/ Source : Flickr\/CC\/Rocky Raybell (photo recadr\u00e9e)\" class=\"wp-image-2106469 placeholder-default wp-image\" src=\"https:\/\/www.europesays.com\/fr\/wp-content\/uploads\/2025\/11\/leonides-1024x576.jpg\" \/><\/a>M\u00e9t\u00e9ore des L\u00e9onides. \/\/ Source : <a target=\"_blank\" href=\"https:\/\/www.flickr.com\/photos\/rockyraybell\/50583902931\/\" rel=\"nofollow noopener\">Flickr\/CC\/Rocky Raybell (photo recadr\u00e9e)<\/a><\/p>\n<ul class=\"wp-block-list\">\n<li>Quelques jours plus tard, le <strong>vendredi 21 novembre<\/strong>, c\u2019est cette fois le pic d\u2019activit\u00e9 des Alpha Monoc\u00e9rotides.<\/li>\n<li>Le <strong>vendredi 21 novembre<\/strong> \u00e9galement, c\u2019est <a href=\"https:\/\/www.numerama.com\/sciences\/730191-quest-ce-que-lopposition-en-astronomie.html\" data-popover-target=\"definition\" data-tag=\"Qu\u2019est-ce que l\u2019opposition en astronomie\u00a0?\" data-chapo=\"Quand une plan\u00e8te est \u00e0 l\u2019opposition, cette configuration permet de bien la voir. Mais, qu&#039;est-ce que l&#039;opposition en astronomie ? Quand le Soleil se l\u00e8ve, la plan\u00e8te se couche, et inversement.\" data-image=\"https:\/\/c0.lestechnophiles.com\/www.numerama.com\/wp-content\/uploads\/2021\/08\/opposition-jupiter-fixe-1024x576.jpg?key=9d1583ab\" rel=\"nofollow noopener\" target=\"_blank\">l\u2019opposition<\/a> d\u2019Uranus. En th\u00e9orie, son \u00e9clat est suffisant pour la voir \u00e0 l\u2019\u0153il nu, dans des conditions excellentes (un ciel bien sombre\u2026 et une tr\u00e8s bonne vue).<\/li>\n<li>Le <strong>samedi 29 novembre<\/strong>, observez la conjonction entre Saturne et la Lune au d\u00e9but de la nuit.<\/li>\n<\/ul>\n<p>            Ce contenu est bloqu\u00e9 car vous n\u2019avez pas accept\u00e9 les cookies et autres traceurs. Ce contenu est fourni par YouTube.<br \/>Pour pouvoir le visualiser, vous devez accepter l\u2019usage \u00e9tant op\u00e9r\u00e9 par YouTube avec vos donn\u00e9es qui pourront \u00eatre utilis\u00e9es pour les finalit\u00e9s suivantes : vous permettre de visualiser et de partager des contenus avec des m\u00e9dias sociaux, favoriser le d\u00e9veloppement et l\u2019am\u00e9lioration des produits d\u2019Humanoid et de ses partenaires, vous afficher des publicit\u00e9s personnalis\u00e9es par rapport \u00e0 votre profil et activit\u00e9, vous d\u00e9finir un profil publicitaire personnalis\u00e9, mesurer la performance des publicit\u00e9s et du contenu de ce site et mesurer l\u2019audience de ce site <a href=\"#\" class=\"js-privacy\" target=\"_blank\">(en savoir plus)<\/a>        <\/p>\n<p>            En cliquant sur \u00ab J\u2019accepte tout \u00bb, vous consentez aux finalit\u00e9s susmentionn\u00e9es pour l\u2019ensemble des cookies et autres traceurs d\u00e9pos\u00e9s par Humanoid et <a class=\"embed-consent-overlay-vendors-link\" href=\"#preferences-vendeurs\">ses partenaires<\/a>.        <\/p>\n<p>            Vous gardez la possibilit\u00e9 de retirer votre consentement \u00e0 tout moment. Pour plus d\u2019informations, nous vous invitons \u00e0 prendre connaissance de notre <a href=\"https:\/\/www.numerama.com\/politique-cookies\" rel=\"nofollow noopener\" target=\"_blank\">Politique cookies<\/a>.        <\/p>\n<p>        J\u2019accepte tout    <\/p>\n<p class=\"embed-consent-overlay-manage-choices\">        <a href=\"#preferences-publicitaires\">G\u00e9rer mes choix<\/a>    <\/p>\n<p>            <img decoding=\"async\" src=\"https:\/\/www.europesays.com\/fr\/wp-content\/uploads\/2025\/04\/iPhone-16-pro.png\" alt=\"Toute l'actu tech en un clien d'oeil\"\/><\/p>\n<p class=\"card-install-pwa__title\">Toute l&rsquo;actu tech en un clin d&rsquo;\u0153il<\/p>\n<p class=\"card-install-pwa__description\">Ajoutez Numerama \u00e0 votre \u00e9cran d&rsquo;accueil et restez connect\u00e9s au futur !<\/p>\n<p>            <img decoding=\"async\" src=\"https:\/\/www.numerama.com\/wp-content\/themes\/numerama-next\/assets\/images\/premium\/logo-card-pwa-coupe.svg\" alt=\"Logo PWA\"\/><\/p>\n<p>       Installer Numerama<\/p>\n","protected":false},"excerpt":{"rendered":"En novembre 2025, les fans d\u2019astronomie auront de quoi se r\u00e9jouir. 2 essaims d\u2019\u00e9toiles filantes sont au programme,&hellip;\n","protected":false},"author":2,"featured_media":506242,"comment_status":"","ping_status":"","sticky":false,"template":"","format":"standard","meta":{"footnotes":""},"categories":[7],"tags":[62787,60448,1011,27,50287,4506,62788,62789,48219,18117,43,40,41,39,24901,42,44,46768,16415],"class_list":{"0":"post-506241","1":"post","2":"type-post","3":"status-publish","4":"format-standard","5":"has-post-thumbnail","7":"category-sciences-et-technologies","8":"tag-conjonction-astronomie","9":"tag-etoiles-filantes","10":"tag-fr","11":"tag-france","12":"tag-jupiter","13":"tag-lune","14":"tag-lune-gibbeuse","15":"tag-opposition-astronomie","16":"tag-pleine-lune","17":"tag-saturne","18":"tag-science","19":"tag-science-and-technology","20":"tag-sciences","21":"tag-sciences-et-technologies","22":"tag-systeme-solaire","23":"tag-technologies","24":"tag-technology","25":"tag-uranus","26":"tag-venus"},"share_on_mastodon":{"url":"https:\/\/pubeurope.com\/@fr\/115478881387580738","error":""},"_links":{"self":[{"href":"https:\/\/www.europesays.com\/fr\/wp-json\/wp\/v2\/posts\/506241","targetHints":{"allow":["GET"]}}],"collection":[{"href":"https:\/\/www.europesays.com\/fr\/wp-json\/wp\/v2\/posts"}],"about":[{"href":"https:\/\/www.europesays.com\/fr\/wp-json\/wp\/v2\/types\/post"}],"author":[{"embeddable":true,"href":"https:\/\/www.europesays.com\/fr\/wp-json\/wp\/v2\/users\/2"}],"replies":[{"embeddable":true,"href":"https:\/\/www.europesays.com\/fr\/wp-json\/wp\/v2\/comments?post=506241"}],"version-history":[{"count":0,"href":"https:\/\/www.europesays.com\/fr\/wp-json\/wp\/v2\/posts\/506241\/revisions"}],"wp:featuredmedia":[{"embeddable":true,"href":"https:\/\/www.europesays.com\/fr\/wp-json\/wp\/v2\/media\/506242"}],"wp:attachment":[{"href":"https:\/\/www.europesays.com\/fr\/wp-json\/wp\/v2\/media?parent=506241"}],"wp:term":[{"taxonomy":"category","embeddable":true,"href":"https:\/\/www.europesays.com\/fr\/wp-json\/wp\/v2\/categories?post=506241"},{"taxonomy":"post_tag","embeddable":true,"href":"https:\/\/www.europesays.com\/fr\/wp-json\/wp\/v2\/tags?post=506241"}],"curies":[{"name":"wp","href":"https:\/\/api.w.org\/{rel}","templated":true}]}}