{"id":506245,"date":"2025-11-02T07:18:10","date_gmt":"2025-11-02T07:18:10","guid":{"rendered":"https:\/\/www.europesays.com\/fr\/506245\/"},"modified":"2025-11-02T07:18:10","modified_gmt":"2025-11-02T07:18:10","slug":"le-deuxieme-prisonnier-nord-coreen-en-ukraine-veut-faire-defection-vers-la-coree-du-sud","status":"publish","type":"post","link":"https:\/\/www.europesays.com\/fr\/506245\/","title":{"rendered":"Le deuxi\u00e8me prisonnier nord-cor\u00e9en en Ukraine veut faire d\u00e9fection vers la Cor\u00e9e du Sud"},"content":{"rendered":"<p>\n    La Constitution sud-cor\u00e9enne dispose que tous les Cor\u00e9ens, y compris du Nord, sont des citoyens \u00e0 part enti\u00e8re, S\u00e9oul ayant pr\u00e9cis\u00e9 que la r\u00e8gle s\u2019applique aussi aux prisonniers de guerre en Ukraine.<\/p>\n<p class=\"fig-paragraph\">Les deux soldats nord-cor\u00e9ens faits prisonniers en Ukraine ont exprim\u00e9 leur souhait de faire d\u00e9fection en\u00a0<a href=\"http:\/\/www.lefigaro.fr\/voyages\/selection\/dossier\/voyage-en-coree-du-sud-nos-circuits-hotels-et-sejours-sur-mesure\" data-fig-type=\"Topic\" rel=\"sponsored nofollow noopener\" data-gtm-custom-categorie=\"navigation\" data-gtm-custom-action=\"crossclick\" data-gtm-custom-label=\"Contextuel\" data-gtm-event=\"customEventSPE\" data-fig-domain=\"LEFIGARO\" target=\"_blank\">Cor\u00e9e du Sud<\/a>, a affirm\u00e9 dimanche \u00e0 l&rsquo;AFP une organisation travaillant avec des transfuges du Nord.<\/p>\n<p class=\"fig-paragraph\">Les renseignements sud-cor\u00e9ens et de plusieurs pays occidentaux estiment \u00e0 plus de 10.000 le nombre de militaires nord-cor\u00e9ens envoy\u00e9s en Russie en 2024, dans la r\u00e9gion de Koursk principalement, pour soutenir l&rsquo;effort de guerre de Moscou contre l&rsquo;Ukraine.<\/p>\n<p>                                    <a class=\"fig-a11y-skip a11y-hidden\" href=\"#fig-a11y-skip-main-inarticle\"><br \/>\n        Passer la publicit\u00e9<br \/>\n    <\/a><\/p>\n<p class=\"fig-paragraph\">En janvier, S\u00e9oul avait rapport\u00e9 la capture de deux d&rsquo;entre eux. L&rsquo;un avait dit vouloir \u00abune vie normale\u00bb au Sud, selon un d\u00e9put\u00e9 sud-cor\u00e9en qui leur a rendu visite en f\u00e9vrier. Une demande qu&rsquo;il a renouvel\u00e9e lors d&rsquo;un entretien pour un documentaire, cette fois suivi par son compatriote. \u00abLes deux ont demand\u00e9 au producteur, \u00e0 la fin de l&rsquo;interview, de les emmener au Sud\u00bb, a assur\u00e9 \u00e0 l&rsquo;AFP Jang Se-yul, directeur de Gyeore-eol Nation United, un groupe d&rsquo;aide aux transfuges qui a co-organis\u00e9 l&rsquo;entretien.<\/p>\n<p>Un retour en Cor\u00e9e du Nord serait \u00abune condamnation \u00e0 mort\u00bb<\/p>\n<p class=\"fig-paragraph\">L&rsquo;\u00e9change a eu lieu le 28 octobre \u00e0 Kiev, dans un lieu dont l&#8217;emplacement n&rsquo;est pas connu, o\u00f9 les deux hommes sont prisonniers. \u00abIls ont suppli\u00e9 l&rsquo;intervieweuse de promettre qu&rsquo;elle reviendrait les chercher\u00bb, a ajout\u00e9 M. Jang, lui-m\u00eame un transfuge. La vid\u00e9o de cet entretien n&rsquo;est pas encore publique mais devrait sortir dans les prochaines semaines, selon M. Jang. Des photos transmises par son organisation montrent l&rsquo;un des d\u00e9tenus en train de lire des lettres de compatriotes vivant \u00e0 pr\u00e9sent au Sud.<\/p>\n<p class=\"fig-paragraph\">La Constitution sud-cor\u00e9enne dispose que tous les Cor\u00e9ens, y compris du Nord, sont des citoyens \u00e0 part enti\u00e8re, S\u00e9oul ayant pr\u00e9cis\u00e9 que la r\u00e8gle s&rsquo;applique aussi aux prisonniers de guerre en Ukraine. D&rsquo;apr\u00e8s le renseignement sud-cor\u00e9en, les militaires de Pyongyang ont pour ordre de se suicider pour \u00e9viter d&rsquo;\u00eatre captur\u00e9s.<\/p>\n<p class=\"fig-paragraph\">Les renvoyer en Cor\u00e9e du Nord serait donc comme \u00abune condamnation \u00e0 mort\u00bb, avait estim\u00e9 Yu Yong-weon, le d\u00e9put\u00e9 qui a rencontr\u00e9 les deux prisonniers. Pyongyang n&rsquo;a reconnu avoir envoy\u00e9 des militaires en Russie qu&rsquo;en avril, et conc\u00e9d\u00e9 que certains \u00e9taient morts. Le renseignement sud-cor\u00e9en avance, lui, le chiffre d&rsquo;environ 2.000 militaires tu\u00e9s.<\/p>\n","protected":false},"excerpt":{"rendered":"La Constitution sud-cor\u00e9enne dispose que tous les Cor\u00e9ens, y compris du Nord, sont des citoyens \u00e0 part enti\u00e8re,&hellip;\n","protected":false},"author":2,"featured_media":506246,"comment_status":"","ping_status":"","sticky":false,"template":"","format":"standard","meta":{"footnotes":""},"categories":[5],"tags":[11,13987,5640,1011,27,14,12,220,28],"class_list":{"0":"post-506245","1":"post","2":"type-post","3":"status-publish","4":"format-standard","5":"has-post-thumbnail","7":"category-international","8":"tag-actualites","9":"tag-coree-du-nord","10":"tag-coree-du-sud","11":"tag-fr","12":"tag-france","13":"tag-international","14":"tag-news","15":"tag-ukraine","16":"tag-world"},"share_on_mastodon":{"url":"https:\/\/pubeurope.com\/@fr\/115478888747341164","error":""},"_links":{"self":[{"href":"https:\/\/www.europesays.com\/fr\/wp-json\/wp\/v2\/posts\/506245","targetHints":{"allow":["GET"]}}],"collection":[{"href":"https:\/\/www.europesays.com\/fr\/wp-json\/wp\/v2\/posts"}],"about":[{"href":"https:\/\/www.europesays.com\/fr\/wp-json\/wp\/v2\/types\/post"}],"author":[{"embeddable":true,"href":"https:\/\/www.europesays.com\/fr\/wp-json\/wp\/v2\/users\/2"}],"replies":[{"embeddable":true,"href":"https:\/\/www.europesays.com\/fr\/wp-json\/wp\/v2\/comments?post=506245"}],"version-history":[{"count":0,"href":"https:\/\/www.europesays.com\/fr\/wp-json\/wp\/v2\/posts\/506245\/revisions"}],"wp:featuredmedia":[{"embeddable":true,"href":"https:\/\/www.europesays.com\/fr\/wp-json\/wp\/v2\/media\/506246"}],"wp:attachment":[{"href":"https:\/\/www.europesays.com\/fr\/wp-json\/wp\/v2\/media?parent=506245"}],"wp:term":[{"taxonomy":"category","embeddable":true,"href":"https:\/\/www.europesays.com\/fr\/wp-json\/wp\/v2\/categories?post=506245"},{"taxonomy":"post_tag","embeddable":true,"href":"https:\/\/www.europesays.com\/fr\/wp-json\/wp\/v2\/tags?post=506245"}],"curies":[{"name":"wp","href":"https:\/\/api.w.org\/{rel}","templated":true}]}}