{"id":506254,"date":"2025-11-02T07:24:13","date_gmt":"2025-11-02T07:24:13","guid":{"rendered":"https:\/\/www.europesays.com\/fr\/506254\/"},"modified":"2025-11-02T07:24:13","modified_gmt":"2025-11-02T07:24:13","slug":"cette-ville-va-generaliser-la-limitation-a-30-km-h","status":"publish","type":"post","link":"https:\/\/www.europesays.com\/fr\/506254\/","title":{"rendered":"cette ville va g\u00e9n\u00e9raliser la limitation\u00a0\u00e0\u00a030\u00a0km\/h"},"content":{"rendered":"<p>            Par<br \/>\n        <strong><br \/>\n            <a href=\"https:\/\/actu.fr\/auteur\/amandine-mehl\" title=\"Consulter tous les articles de Amandine Mehl\" rel=\"nofollow noopener\" target=\"_blank\">Amandine Mehl<\/a><br \/>\n        <\/strong><\/p>\n<p>        Publi\u00e9 le<\/p>\n<p>            2 nov. 2025 \u00e0 7h02        <\/p>\n<p>Nancy, <a href=\"https:\/\/actu.fr\/grand-est\/vandoeuvre-les-nancy_54547\/cette-ville-du-grand-nancy-va-bientot-passer-aux-30-km-h-ce-qu-il-faut-savoir_62158558.html\" rel=\"nofollow noopener\" target=\"_blank\">Vand\u0153uvre-l\u00e8s-Nancy<\/a>, <a href=\"https:\/\/actu.fr\/grand-est\/saulxures-les-nancy_54495\/une-nouvelle-ville-du-grand-nancy-passe-aux-30-km-h-voici-laquelle_62776722.html\" rel=\"nofollow noopener\" target=\"_blank\">Saulxures-l\u00e8s-Nancy<\/a>\u2026 \u00c0 l\u2019\u00e9chelle de la m\u00e9tropole, plusieurs communes ont fait le choix de passer aux <strong>30 km\/h<\/strong>.\u00a0<\/p>\n<p class=\" wall-content\">Dans une logique d\u2019apaiser la <a href=\"https:\/\/actu.fr\/tag\/circulation\" rel=\"nofollow noopener\" target=\"_blank\">circulation<\/a> et de d\u00e9velopper les mobilit\u00e9s douces, la commune de <strong>Jarville-la-Malgrange<\/strong> a, elle aussi, opt\u00e9 pour la g\u00e9n\u00e9ralisation de cette limitation sur son territoire. Sa \u00ab\u00a0mise en \u0153uvre compl\u00e8te\u00a0\u00bb devrait \u00eatre <strong>achev\u00e9e au 1\u1d49\u02b3 d\u00e9cembre 2025<\/strong>, selon la mairie.<\/p>\n<p>Des plateaux \u00e0 30 km\/h sur les zones \u00e0 50<\/p>\n<p class=\" wall-content\">Comme on peut le lire au sein d\u2019un communiqu\u00e9, des panneaux de vitesse seront install\u00e9s en entr\u00e9e de ville et les <strong>zones de rencontre seront s\u00e9curis\u00e9es<\/strong> par l\u2019installation de panneaux et un marquage au sol. Au total, <strong>90 panneaux et 52 m\u00e2ts<\/strong> seront retir\u00e9s de l\u2019espace public \u00ab\u00a0pour moderniser et simplifier la signalisation\u00a0\u00bb.<\/p>\n<p class=\" wall-content\">S\u2019agissant des <strong>zones 50<\/strong>, \u00e0 savoir avenue du G\u00e9n\u00e9ral de Gaulle et rue Gabriel Faur\u00e9, deux <strong>plateaux destin\u00e9s \u00e0 ralentir et limit\u00e9s \u00e0 30 km\/h<\/strong> y seront install\u00e9s.<\/p>\n<p class=\" wall-content\">Personnalisez votre actualit\u00e9 en ajoutant vos villes et m\u00e9dias en favori avec <a href=\"https:\/\/moncompte.actu.fr\" title=\"D\u00e9couvez Mon Actu\" rel=\"nofollow noopener\" data-trk=\"{&quot;cta&quot;:{&quot;action&quot;:&quot;https:\\\/\\\/moncompte.actu.fr&quot;,&quot;category&quot;:&quot;mon compte&quot;,&quot;from&quot;:&quot;article footer&quot;,&quot;name&quot;:&quot;Mon actu&quot;,&quot;type&quot;:&quot;cta&quot;}}\" target=\"_blank\">Mon Actu<\/a>.<\/p>\n","protected":false},"excerpt":{"rendered":"Par Amandine Mehl Publi\u00e9 le 2 nov. 2025 \u00e0 7h02 Nancy, Vand\u0153uvre-l\u00e8s-Nancy, Saulxures-l\u00e8s-Nancy\u2026 \u00c0 l\u2019\u00e9chelle de la m\u00e9tropole,&hellip;\n","protected":false},"author":2,"featured_media":506255,"comment_status":"","ping_status":"","sticky":false,"template":"","format":"standard","meta":{"footnotes":""},"categories":[9635],"tags":[1111,11,3542,1777,674,1011,27,775,1702,12,25,104],"class_list":{"0":"post-506254","1":"post","2":"type-post","3":"status-publish","4":"format-standard","5":"has-post-thumbnail","7":"category-nancy","8":"tag-actu","9":"tag-actualites","10":"tag-circulation","11":"tag-eu","12":"tag-europe","13":"tag-fr","14":"tag-france","15":"tag-grand-est","16":"tag-nancy","17":"tag-news","18":"tag-republique-francaise","19":"tag-societe"},"share_on_mastodon":{"url":"https:\/\/pubeurope.com\/@fr\/115478912291775316","error":""},"_links":{"self":[{"href":"https:\/\/www.europesays.com\/fr\/wp-json\/wp\/v2\/posts\/506254","targetHints":{"allow":["GET"]}}],"collection":[{"href":"https:\/\/www.europesays.com\/fr\/wp-json\/wp\/v2\/posts"}],"about":[{"href":"https:\/\/www.europesays.com\/fr\/wp-json\/wp\/v2\/types\/post"}],"author":[{"embeddable":true,"href":"https:\/\/www.europesays.com\/fr\/wp-json\/wp\/v2\/users\/2"}],"replies":[{"embeddable":true,"href":"https:\/\/www.europesays.com\/fr\/wp-json\/wp\/v2\/comments?post=506254"}],"version-history":[{"count":0,"href":"https:\/\/www.europesays.com\/fr\/wp-json\/wp\/v2\/posts\/506254\/revisions"}],"wp:featuredmedia":[{"embeddable":true,"href":"https:\/\/www.europesays.com\/fr\/wp-json\/wp\/v2\/media\/506255"}],"wp:attachment":[{"href":"https:\/\/www.europesays.com\/fr\/wp-json\/wp\/v2\/media?parent=506254"}],"wp:term":[{"taxonomy":"category","embeddable":true,"href":"https:\/\/www.europesays.com\/fr\/wp-json\/wp\/v2\/categories?post=506254"},{"taxonomy":"post_tag","embeddable":true,"href":"https:\/\/www.europesays.com\/fr\/wp-json\/wp\/v2\/tags?post=506254"}],"curies":[{"name":"wp","href":"https:\/\/api.w.org\/{rel}","templated":true}]}}