{"id":506258,"date":"2025-11-02T07:26:12","date_gmt":"2025-11-02T07:26:12","guid":{"rendered":"https:\/\/www.europesays.com\/fr\/506258\/"},"modified":"2025-11-02T07:26:12","modified_gmt":"2025-11-02T07:26:12","slug":"elite-1-feminine-les-louves-visent-une-premiere-victoire-a-toulon","status":"publish","type":"post","link":"https:\/\/www.europesays.com\/fr\/506258\/","title":{"rendered":"\u00c9lite 1 F\u00e9minine. Les Louves visent une premi\u00e8re victoire \u00e0 Toulon"},"content":{"rendered":"<p>Apr\u00e8s avoir conc\u00e9d\u00e9 le nul (12-12) face \u00e0 Bobigny et perdu sur le fil \u00e0 Grenoble (18-22), l\u2019\u00e9quipe f\u00e9minine du <a href=\"https:\/\/www.leprogres.fr\/sport\/lou-lyon-olympique-universitaire-rugby\" target=\"_blank\" rel=\"noopener\">LOU<\/a> se d\u00e9place \u00e0 Toulon, ce dimanche (15\u00a0h), o\u00f9 elle souhaite enfin ouvrir son compteur de victoire. \u00ab\u00a0Les r\u00e9sultats de ces deux matchs sont frustrants. On m\u00e9ritait mieux, mais on n\u2019a pas encore su se payer. On va clairement chercher notre premier succ\u00e8s \u00e0 Toulon. Mais on se m\u00e9fie. Cette \u00e9quipe est promue. <a href=\"https:\/\/www.leprogres.fr\/sport\/classement\/rugby\/national-elite-1-(f)-qualif-poule-1\" target=\"_blank\" rel=\"noopener\">Elle n\u2019a pas encore gagn\u00e9<\/a> , mais elle s\u2019est bien renforc\u00e9e avec des internationales \u00e9trang\u00e8res, notamment devant\u00a0\u00bb, souligne Jean-Matthieu Alcalde.<\/p>\n<p>Les Louves vont s\u2019appuyer sur la m\u00eame structure d\u2019\u00e9quipe que lors des deux premiers matchs. \u00c0 noter toutefois les retours \u00e0 l\u2019ouverture de Garance Merle et de l\u2019internationale <a href=\"https:\/\/www.leprogres.fr\/p\/seraphine-okemba\" target=\"_blank\" rel=\"noopener\">S\u00e9raphine Okemba<\/a> qui commencera la partie sur le banc.<\/p>\n<p class=\"note\"><strong>L\u2019\u00e9quipe.- <\/strong> Clainholphe, Jeannin, Zanette \u2013 Palisser (cap), Joliveau \u2013 Foulon, Rannucini, Morland \u2013 Foure, Merle \u2013 Muzzo, Jacquet, Pauls, Hopkins \u2013 Delord. <strong>Rempla\u00e7antes.- <\/strong> Jouve, Dumontel, Martel, Peucheret, Gardet, Okemba, Pedicone, Kayabalian.<\/p>\n","protected":false},"excerpt":{"rendered":"Apr\u00e8s avoir conc\u00e9d\u00e9 le nul (12-12) face \u00e0 Bobigny et perdu sur le fil \u00e0 Grenoble (18-22), l\u2019\u00e9quipe&hellip;\n","protected":false},"author":2,"featured_media":506259,"comment_status":"","ping_status":"","sticky":false,"template":"","format":"standard","meta":{"footnotes":""},"categories":[9619],"tags":[1111,11,2757,1777,674,1011,27,8638,2428,2756,12,882,25,479,517,2310],"class_list":{"0":"post-506258","1":"post","2":"type-post","3":"status-publish","4":"format-standard","5":"has-post-thumbnail","7":"category-toulon","8":"tag-actu","9":"tag-actualites","10":"tag-edition-lyon-villeurbanne","11":"tag-eu","12":"tag-europe","13":"tag-fr","14":"tag-france","15":"tag-lou-lyon-olympique-universitaire-rugby","16":"tag-lyon","17":"tag-lyon-bassin","18":"tag-news","19":"tag-provence-alpes-cote-dazur","20":"tag-republique-francaise","21":"tag-rugby","22":"tag-sport","23":"tag-toulon"},"share_on_mastodon":{"url":"https:\/\/pubeurope.com\/@fr\/115478920157250575","error":""},"_links":{"self":[{"href":"https:\/\/www.europesays.com\/fr\/wp-json\/wp\/v2\/posts\/506258","targetHints":{"allow":["GET"]}}],"collection":[{"href":"https:\/\/www.europesays.com\/fr\/wp-json\/wp\/v2\/posts"}],"about":[{"href":"https:\/\/www.europesays.com\/fr\/wp-json\/wp\/v2\/types\/post"}],"author":[{"embeddable":true,"href":"https:\/\/www.europesays.com\/fr\/wp-json\/wp\/v2\/users\/2"}],"replies":[{"embeddable":true,"href":"https:\/\/www.europesays.com\/fr\/wp-json\/wp\/v2\/comments?post=506258"}],"version-history":[{"count":0,"href":"https:\/\/www.europesays.com\/fr\/wp-json\/wp\/v2\/posts\/506258\/revisions"}],"wp:featuredmedia":[{"embeddable":true,"href":"https:\/\/www.europesays.com\/fr\/wp-json\/wp\/v2\/media\/506259"}],"wp:attachment":[{"href":"https:\/\/www.europesays.com\/fr\/wp-json\/wp\/v2\/media?parent=506258"}],"wp:term":[{"taxonomy":"category","embeddable":true,"href":"https:\/\/www.europesays.com\/fr\/wp-json\/wp\/v2\/categories?post=506258"},{"taxonomy":"post_tag","embeddable":true,"href":"https:\/\/www.europesays.com\/fr\/wp-json\/wp\/v2\/tags?post=506258"}],"curies":[{"name":"wp","href":"https:\/\/api.w.org\/{rel}","templated":true}]}}