{"id":506264,"date":"2025-11-02T07:29:11","date_gmt":"2025-11-02T07:29:11","guid":{"rendered":"https:\/\/www.europesays.com\/fr\/506264\/"},"modified":"2025-11-02T07:29:11","modified_gmt":"2025-11-02T07:29:11","slug":"pourquoi-la-place-des-emmurees-porte-t-elle-ce-drole-de-nom-dans-le-quartier-saint-sever-a-rouen","status":"publish","type":"post","link":"https:\/\/www.europesays.com\/fr\/506264\/","title":{"rendered":"Pourquoi la place des Emmur\u00e9es porte-t-elle ce dr\u00f4le de nom dans le quartier Saint-Sever, \u00e0 Rouen\u00a0?"},"content":{"rendered":"<p>            Par<br \/>\n        <strong><br \/>\n            <a href=\"https:\/\/actu.fr\/auteur\/fmass\" title=\"Consulter tous les articles de Fabien Massin\" rel=\"nofollow noopener\" target=\"_blank\">Fabien Massin<\/a><br \/>\n        <\/strong><\/p>\n<p>        Publi\u00e9 le<\/p>\n<p>            2 nov. 2025 \u00e0 7h34        <\/p>\n<p>On y trouve des caf\u00e9s, des commerces, et <a href=\"https:\/\/actu.fr\/normandie\/rouen_76540\/fini-stationnement-sauvage-rouen-place-emmurees-completement-rendue-pietons_11687769.html\" rel=\"nofollow noopener\" target=\"_blank\">depuis 2014 une halle couverte contemporaine<\/a> qui accueille un march\u00e9 (mardi, jeudi et samedi) et des \u00e9v\u00e9nements divers (f\u00eates <a href=\"https:\/\/actu.fr\/tag\/jeanne-d-arc\" rel=\"nofollow noopener\" target=\"_blank\">Jeanne d\u2019Arc<\/a>, \u00ab\u00a0Rouen, le Sport en capitale\u00a0\u00bb, \u00a0\u00ab\u00a0Rouen \u00e0 table !\u00a0\u00bb\u2026) : c\u2019est la <strong>place des Emmur\u00e9es<\/strong>, dans le <a href=\"https:\/\/actu.fr\/tag\/saint-sever\" rel=\"nofollow noopener\" target=\"_blank\">quartier Saint-Sever<\/a>, rive gauche \u00e0 <a href=\"https:\/\/actu.fr\/normandie\/rouen_76540\" rel=\"nofollow noopener\" target=\"_blank\">Rouen (Seine-Maritime)<\/a>. Mais au fait, d\u2019o\u00f9 vient son nom \u00e9nigmatique ? C\u2019est la question pas si b\u00eate de la semaine de 76actu.\u00a0<\/p>\n<p>Une vie entre les murs<\/p>\n<p class=\" wall-content\">\u00ab\u00a0La place des Emmur\u00e9es porte ce nom en souvenir d\u2019une communaut\u00e9 de religieuses pr\u00e9sente ici \u00e0 partir du XIIIe si\u00e8cle, <strong>explique Aur\u00e9lie Daniel, animatrice culturelle ind\u00e9pendante<\/strong>, cr\u00e9atrice du concept <a href=\"https:\/\/actu.fr\/normandie\/rouen_76540\/en-images-partez-decouverte-lieux-meconnus-insolites-secrets-rouen_31566512.html\" rel=\"nofollow noopener\" target=\"_blank\">Les Balades rouennaises<\/a>. C\u2019\u00e9taient des Jacobines, install\u00e9es ici par le roi Saint Louis, \u00e0 l\u2019emplacement d\u00e9j\u00e0 d\u2019un ancien monast\u00e8re.\u00a0\u00bb<\/p>\n<blockquote class=\"ac-article-quote wall-content\">\n<p>Les jeunes filles vivaient en r\u00e9clusion totale, litt\u00e9ralement entre quatre murs, d&rsquo;o\u00f9 le nom \u00ab\u00a0Emmur\u00e9es\u00a0\u00bb. Sur des plans anciens, d\u00e8s le XIVe si\u00e8cle, on peut \u00e9galement lire \u00ab\u00a0Amur\u00e9es\u00a0\u00bb, mais c&rsquo;est la m\u00eame chose.\u00a0<\/p>\n<p>    <strong>Aur\u00e9lie Daniel<\/strong><br \/>\n        Animatrice culturelle ind\u00e9pendante    <\/p><\/blockquote>\n<p class=\" wall-content\">Au fil des si\u00e8cles, l\u2019institution s\u2019\u00e9tend, <strong>tout en subissant \u00e9galement les affres du temps<\/strong>\u00a0: elle est endommag\u00e9s, incendi\u00e9e, voire ruin\u00e9e au cours de la Guerre de cent ans et pendant les Guerres de religion. N\u00e9anmoins elle perdure jusqu\u2019\u00e0 la <a href=\"https:\/\/actu.fr\/tag\/revolution-francaise\" rel=\"nofollow noopener\" target=\"_blank\">R\u00e9volution<\/a>, p\u00e9riode durant laquelle son \u00e9glise est ferm\u00e9e au culte, puis d\u00e9saffect\u00e9e. Nous sommes alors en 1797.\u00a0<\/p>\n<p>Quelques rares vestiges subsistent<\/p>\n<p class=\" wall-content\">\u00ab\u00a0Au d\u00e9but du XIXe une partie de l\u2019\u00e9tablissement est transform\u00e9 en \u00e9cole pour jeunes filles, poursuit Aur\u00e9lie Daniel. En 1875, un incendie survient. La place est am\u00e9nag\u00e9e \u00e0 la fin XIXe et les <strong>derniers vestiges de l\u2019institution religieuse sont ras\u00e9s en 1933<\/strong>. Il n\u2019en reste que petites traces dans une cour d\u2019immeuble priv\u00e9e.\u00a0\u00bb<\/p>\n<p class=\" wall-content\">En 1978, un parking ext\u00e9rieur est construit, <a href=\"https:\/\/actu.fr\/normandie\/rouen_76540\/dans-le-quartier-saint-sever-a-rouen-la-nouvelle-place-des-emmurees_412700.html\" rel=\"nofollow noopener\" target=\"_blank\">avant de laisser place en 2014 \u00e0 l\u2019actuelle halle<\/a>.\u00a0<\/p>\n<p>Suivez l\u2019actualit\u00e9 de Rouen sur notre <a href=\"https:\/\/www.whatsapp.com\/channel\/0029VaKfnf99hXF2ddApFB1D\" rel=\"nofollow noopener\" target=\"_blank\">cha\u00eene WhatsApp<\/a> et sur notre <a href=\"https:\/\/www.tiktok.com\/@76actu.fr?lang=fr\" rel=\"nofollow noopener\" target=\"_blank\">compte TikTok<\/a><\/p>\n<p class=\" wall-content\">Personnalisez votre actualit\u00e9 en ajoutant vos villes et m\u00e9dias en favori avec <a href=\"https:\/\/moncompte.actu.fr\" title=\"D\u00e9couvez Mon Actu\" rel=\"nofollow noopener\" data-trk=\"{&quot;cta&quot;:{&quot;action&quot;:&quot;https:\\\/\\\/moncompte.actu.fr&quot;,&quot;category&quot;:&quot;mon compte&quot;,&quot;from&quot;:&quot;article footer&quot;,&quot;name&quot;:&quot;Mon actu&quot;,&quot;type&quot;:&quot;cta&quot;}}\" target=\"_blank\">Mon Actu<\/a>.<\/p>\n<p>                    <script async src=\"\/\/www.tiktok.com\/embed.js\"><\/script><\/p>\n","protected":false},"excerpt":{"rendered":"Par Fabien Massin Publi\u00e9 le 2 nov. 2025 \u00e0 7h34 On y trouve des caf\u00e9s, des commerces, et&hellip;\n","protected":false},"author":2,"featured_media":506265,"comment_status":"","ping_status":"","sticky":false,"template":"","format":"standard","meta":{"footnotes":""},"categories":[9587],"tags":[1111,11,1777,674,1011,27,937,58904,12,5161,25,9590,58211],"class_list":{"0":"post-506264","1":"post","2":"type-post","3":"status-publish","4":"format-standard","5":"has-post-thumbnail","7":"category-rouen","8":"tag-actu","9":"tag-actualites","10":"tag-eu","11":"tag-europe","12":"tag-fr","13":"tag-france","14":"tag-histoire","15":"tag-histoire-patrimoine","16":"tag-news","17":"tag-normandie","18":"tag-republique-francaise","19":"tag-rouen","20":"tag-saint-sever"},"share_on_mastodon":{"url":"https:\/\/pubeurope.com\/@fr\/115478931974989611","error":""},"_links":{"self":[{"href":"https:\/\/www.europesays.com\/fr\/wp-json\/wp\/v2\/posts\/506264","targetHints":{"allow":["GET"]}}],"collection":[{"href":"https:\/\/www.europesays.com\/fr\/wp-json\/wp\/v2\/posts"}],"about":[{"href":"https:\/\/www.europesays.com\/fr\/wp-json\/wp\/v2\/types\/post"}],"author":[{"embeddable":true,"href":"https:\/\/www.europesays.com\/fr\/wp-json\/wp\/v2\/users\/2"}],"replies":[{"embeddable":true,"href":"https:\/\/www.europesays.com\/fr\/wp-json\/wp\/v2\/comments?post=506264"}],"version-history":[{"count":0,"href":"https:\/\/www.europesays.com\/fr\/wp-json\/wp\/v2\/posts\/506264\/revisions"}],"wp:featuredmedia":[{"embeddable":true,"href":"https:\/\/www.europesays.com\/fr\/wp-json\/wp\/v2\/media\/506265"}],"wp:attachment":[{"href":"https:\/\/www.europesays.com\/fr\/wp-json\/wp\/v2\/media?parent=506264"}],"wp:term":[{"taxonomy":"category","embeddable":true,"href":"https:\/\/www.europesays.com\/fr\/wp-json\/wp\/v2\/categories?post=506264"},{"taxonomy":"post_tag","embeddable":true,"href":"https:\/\/www.europesays.com\/fr\/wp-json\/wp\/v2\/tags?post=506264"}],"curies":[{"name":"wp","href":"https:\/\/api.w.org\/{rel}","templated":true}]}}