{"id":506266,"date":"2025-11-02T07:30:19","date_gmt":"2025-11-02T07:30:19","guid":{"rendered":"https:\/\/www.europesays.com\/fr\/506266\/"},"modified":"2025-11-02T07:30:19","modified_gmt":"2025-11-02T07:30:19","slug":"des-portiqueurs-de-rouen-se-forment-sur-le-simulateur-havrais","status":"publish","type":"post","link":"https:\/\/www.europesays.com\/fr\/506266\/","title":{"rendered":"Des portiqueurs de Rouen se forment sur le simulateur havrais"},"content":{"rendered":"<p>C&rsquo;est une premi\u00e8re pour le Centre de Formation \u00e0 la Conduite des Engins de Manutention du port du Havre. Un contrat a \u00e9t\u00e9 sign\u00e9 entre les Grands Ports Maritimes du Havre et de Rouen en vue d&rsquo;assurer la formation de portiqueurs rouennais. Deux d&rsquo;entre eux se sont, ainsi, \u00ab frott\u00e9s \u00bb au simulateur sur lequel se forment habituellement leurs coll\u00e8gues normands. La formation, d&rsquo;une dur\u00e9e de 10 jours, a \u00e9t\u00e9 dispens\u00e9e par les instructeurs du centre FCEM, qui d\u00e9pend du service Exploitation de l&rsquo;Outillage et R\u00e9paration Navale du GPMH. Cette exp\u00e9rience \u00ab leur a permis d&rsquo;approfondir leur connaissance du m\u00e9tier. Elle sera compl\u00e9t\u00e9e par un module pratique sur site avec un instructeur rouennais \u00bb, pr\u00e9cise le port du Havre.  <\/p>\n","protected":false},"excerpt":{"rendered":"C&rsquo;est une premi\u00e8re pour le Centre de Formation \u00e0 la Conduite des Engins de Manutention du port du&hellip;\n","protected":false},"author":2,"featured_media":506267,"comment_status":"","ping_status":"","sticky":false,"template":"","format":"standard","meta":{"footnotes":""},"categories":[9587],"tags":[1111,11,6130,6141,6131,6138,2380,6135,554,1777,6136,674,1011,27,6139,6134,3135,6128,567,6129,6127,12,5161,6132,4838,6133,25,9590,6140,6137],"class_list":{"0":"post-506266","1":"post","2":"type-post","3":"status-publish","4":"format-standard","5":"has-post-thumbnail","7":"category-rouen","8":"tag-actu","9":"tag-actualites","10":"tag-chantiers","11":"tag-commando","12":"tag-construction-navale","13":"tag-costa","14":"tag-croisiere","15":"tag-dcns","16":"tag-defense","17":"tag-eu","18":"tag-euronaval","19":"tag-europe","20":"tag-fr","21":"tag-france","22":"tag-fremm","23":"tag-interviews","24":"tag-littoral","25":"tag-marine","26":"tag-marine-nationale","27":"tag-maritime","28":"tag-mer","29":"tag-news","30":"tag-normandie","31":"tag-offshore","32":"tag-peche","33":"tag-reportages","34":"tag-republique-francaise","35":"tag-rouen","36":"tag-sncm","37":"tag-stx"},"share_on_mastodon":{"url":"https:\/\/pubeurope.com\/@fr\/115478935816510347","error":""},"_links":{"self":[{"href":"https:\/\/www.europesays.com\/fr\/wp-json\/wp\/v2\/posts\/506266","targetHints":{"allow":["GET"]}}],"collection":[{"href":"https:\/\/www.europesays.com\/fr\/wp-json\/wp\/v2\/posts"}],"about":[{"href":"https:\/\/www.europesays.com\/fr\/wp-json\/wp\/v2\/types\/post"}],"author":[{"embeddable":true,"href":"https:\/\/www.europesays.com\/fr\/wp-json\/wp\/v2\/users\/2"}],"replies":[{"embeddable":true,"href":"https:\/\/www.europesays.com\/fr\/wp-json\/wp\/v2\/comments?post=506266"}],"version-history":[{"count":0,"href":"https:\/\/www.europesays.com\/fr\/wp-json\/wp\/v2\/posts\/506266\/revisions"}],"wp:featuredmedia":[{"embeddable":true,"href":"https:\/\/www.europesays.com\/fr\/wp-json\/wp\/v2\/media\/506267"}],"wp:attachment":[{"href":"https:\/\/www.europesays.com\/fr\/wp-json\/wp\/v2\/media?parent=506266"}],"wp:term":[{"taxonomy":"category","embeddable":true,"href":"https:\/\/www.europesays.com\/fr\/wp-json\/wp\/v2\/categories?post=506266"},{"taxonomy":"post_tag","embeddable":true,"href":"https:\/\/www.europesays.com\/fr\/wp-json\/wp\/v2\/tags?post=506266"}],"curies":[{"name":"wp","href":"https:\/\/api.w.org\/{rel}","templated":true}]}}