{"id":506271,"date":"2025-11-02T07:35:15","date_gmt":"2025-11-02T07:35:15","guid":{"rendered":"https:\/\/www.europesays.com\/fr\/506271\/"},"modified":"2025-11-02T07:35:15","modified_gmt":"2025-11-02T07:35:15","slug":"encore-en-eaux-troubles-beye-tente-de-maintenir-le-cap-a-rennes","status":"publish","type":"post","link":"https:\/\/www.europesays.com\/fr\/506271\/","title":{"rendered":"encore en eaux troubles, Beye tente de maintenir le cap \u00e0 Rennes"},"content":{"rendered":"<p>\n    Sur un si\u00e8ge \u00e9jectable, Habib Beye esp\u00e8re enfin retrouver la victoire avec le Stade Rennais lors de la r\u00e9ception du Racing Club de Strasbourg ce dimanche (15h).<\/p>\n<p class=\"fig-paragraph\">En sursis. Reconduit du bout des l\u00e8vres par le pr\u00e9sident Arnaud Pouille apr\u00e8s le match nul \u00e0 Toulouse mercredi (2-2),<a href=\"http:\/\/www.lefigaro.fr\/sports\/football\/ligue-1\/ligue-1-habib-beye-conserve-son-poste-malgre-le-nul-du-stade-rennais-a-toulouse-20251029\" data-fig-type=\"NewsFlash\" data-gtm-custom-categorie=\"navigation\" data-gtm-custom-action=\"crossclick\" data-gtm-custom-label=\"Contextuel\" data-gtm-event=\"customEventSPE\" data-fig-domain=\"LEFIGARO\" rel=\"nofollow noopener\" target=\"_blank\">\u00a0Habib Beye<\/a>\u00a0s&rsquo;efforce de ne pas se laisser d\u00e9stabiliser par l&rsquo;incertitude sur son avenir, avant de recevoir Strasbourg, dimanche, lors de la 11e journ\u00e9e de Ligue 1.<\/p>\n<p class=\"fig-paragraph\">\u00abVous avez l&rsquo;air plus d\u00e9sabus\u00e9s que moi!\u00bb, a-t-il m\u00eame lanc\u00e9, goguenard, aux journalistes, en conf\u00e9rence de presse vendredi. Au fil des r\u00e9sultats d\u00e9cevants ou frustrants &#8211; cinq nuls et une d\u00e9faite -, mais aussi face aux difficult\u00e9s \u00e0 d\u00e9crypter ce qui se trame vraiment au sein du club, l&rsquo;atmosph\u00e8re est effectivement souvent morose dans la salle de presse du Roazhon Park.<\/p>\n<p>                                    <a class=\"fig-a11y-skip a11y-hidden\" href=\"#fig-a11y-skip-main-inarticle\"><br \/>\n        Passer la publicit\u00e9<br \/>\n    <\/a><\/p>\n<p class=\"fig-paragraph\">Et ce n&rsquo;est pas le nul \u00e0 Toulouse, o\u00f9 les Rouge et Noir ont \u00e9t\u00e9 rejoints pour la sixi\u00e8me fois au score apr\u00e8s avoir men\u00e9 cette saison &#8211;dont trois fois o\u00f9 ils ont compt\u00e9 deux buts d&rsquo;avance&#8211;, qui all\u00e8ge franchement l&rsquo;ambiance.<\/p>\n<p class=\"fig-paragraph\">Imm\u00e9diatement apr\u00e8s le match, le pr\u00e9sident Pouille avait annonc\u00e9 le maintien \u00abdu staff\u00bb jusqu&rsquo;au match de Strasbourg, sans jamais prononcer le nom d&rsquo;Habib Beye au cours des quatre minutes de son intervention. \u00abIl faut qu&rsquo;ils croient en eux, les gars. Nous, on fait confiance au groupe (&#8230;) et on va essayer de repositionner le Stade rennais \u00e0 sa place tr\u00e8s rapidement\u00bb, avait-il notamment comment\u00e9 sur Ligue1+. Pas de quoi rassurer Beye&#8230;<\/p>\n<p>Signaux positifs \u00e0 Toulouse<\/p>\n<p class=\"fig-paragraph\">Ce dernier continue pourtant \u00e0 s&rsquo;afficher d\u00e9termin\u00e9, concentr\u00e9 et presque indiff\u00e9rent, en surface au moins, \u00e0 son propre sort. \u00abBeaucoup de gens, aujourd&rsquo;hui, dans le monde du football, se posent cette question \u00e0 ma place. Du coup, je n&rsquo;ai pas \u00e0 me la poser\u00bb, a-t-il encore gliss\u00e9.<\/p>\n<p class=\"fig-paragraph\">Le rythme intense du calendrier en octobre-novembre \u00abpermet de ne pas trop rester dans ces histoires-l\u00e0 et de se rapprocher toujours du football et d&rsquo;esp\u00e9rer que (la dynamique) tourne en notre faveur cette fois-ci\u00bb, a-t-il ajout\u00e9. Le match \u00e0 Toulouse lui a d&rsquo;ailleurs donn\u00e9 quelques raisons d&rsquo;esp\u00e9rer, enfin, un d\u00e9clic, avance-t-il.<\/p>\n<p class=\"fig-paragraph\">\u00abOn a vu des joueurs qui se sont par moments l\u00e2ch\u00e9s. On a vu des joueurs qui sont revenus aussi \u00e0 un niveau qui leur ressemble plus\u00bb, a-t-il \u00e9num\u00e9r\u00e9, \u00e0 l&rsquo;image d&rsquo;un Djaoui Ciss\u00e9 enfin percutant et d&rsquo;un Mahdi Camara hyperactif.<\/p>\n<p>                                    <a class=\"fig-a11y-skip a11y-hidden\" href=\"#fig-a11y-skip-main-inarticle_mtf\"><br \/>\n        Passer la publicit\u00e9<br \/>\n    <\/a><\/p>\n<p class=\"fig-paragraph\">\u00abL&rsquo;\u00e9quipe a ressembl\u00e9 \u00e0 ce que je veux globalement dans son \u00e9nergie, dans son jeu, dans sa personnalit\u00e9. On a vu une \u00e9quipe qui a avanc\u00e9, qui a \u00e9t\u00e9 capable de gagner des m\u00e8tres par la course\u00bb, a soulign\u00e9 Habib Beye, qui a \u00e9galement \u00e9voqu\u00e9 la \u00abtr\u00e8s bonne attaque de la profondeur\u00bb par ses attaquants.<\/p>\n<p>\u00abJe n\u2019entra\u00eene pas pour motiver les joueurs \u00e0 jouer au football\u00bb<\/p>\n<p class=\"fig-paragraph\">Cela a aussi \u00e9t\u00e9 le r\u00e9sultat de choix forts qu&rsquo;il a faits, laissant Quentin Merlin sur le banc alors que Seko Fofana et Ludovic Blas n&rsquo;\u00e9taient m\u00eame pas dans le groupe. Les deux derniers ont pay\u00e9 un manque d&rsquo;investissement \u00e0 l&rsquo;entra\u00eenement sur lequel Beye assure qu&rsquo;il ne transigera pas.<\/p>\n<p class=\"fig-paragraph\">\u00abJe n&rsquo;entra\u00eene pas pour motiver les joueurs \u00e0 jouer au football et \u00e0 s&rsquo;entra\u00eener\u00bb, a-t-il lanc\u00e9 vendredi. \u00abC&rsquo;est une question de demande et d&rsquo;exigence. Si tu r\u00e9ponds \u00e0 cette demande, \u00e0 ce moment-l\u00e0, tu fais partie de notre projet et de ce qu&rsquo;on veut \u00eatre en tant qu&rsquo;\u00e9quipe. Si tu ne r\u00e9ponds pas \u00e0 cette demande, il y en a d&rsquo;autres qui le feront. C&rsquo;est la logique de la concurrence, c&rsquo;est la logique d&rsquo;un groupe\u00bb.<\/p>\n<p class=\"fig-paragraph\">C&rsquo;est tout particuli\u00e8rement vrai contre Strasbourg o\u00f9 \u00abil faudra qu&rsquo;on soit vraiment investis \u00e0 200% dans notre engagement\u00bb, a averti le coach rennais. Quatri\u00e8me du classement, l&rsquo;\u00e9quipe alsacienne est en effet \u00abune machine\u00bb avec \u00abun coach qui sait exactement ce qu&rsquo;il veut, avec des joueurs qui correspondent parfaitement au projet\u00bb, a poursuivi Beye, qui esp\u00e9rera ne pas \u00abboucler la boucle\u00bb dimanche, lui qui a d\u00e9but\u00e9 son aventure rennaise par un succ\u00e8s 1-0 sur les Alsaciens il y a neuf mois jour pour jour.<\/p>\n","protected":false},"excerpt":{"rendered":"Sur un si\u00e8ge \u00e9jectable, Habib Beye esp\u00e8re enfin retrouver la victoire avec le Stade Rennais lors de la&hellip;\n","protected":false},"author":2,"featured_media":506272,"comment_status":"","ping_status":"","sticky":false,"template":"","format":"standard","meta":{"footnotes":""},"categories":[2821],"tags":[1111,11,829,1777,674,1011,27,12,4448,584,25,3087],"class_list":{"0":"post-506271","1":"post","2":"type-post","3":"status-publish","4":"format-standard","5":"has-post-thumbnail","7":"category-rennes","8":"tag-actu","9":"tag-actualites","10":"tag-bretagne","11":"tag-eu","12":"tag-europe","13":"tag-fr","14":"tag-france","15":"tag-news","16":"tag-rc-strasbourg","17":"tag-rennes","18":"tag-republique-francaise","19":"tag-stade-rennais"},"share_on_mastodon":{"url":"https:\/\/pubeurope.com\/@fr\/115478955728965488","error":""},"_links":{"self":[{"href":"https:\/\/www.europesays.com\/fr\/wp-json\/wp\/v2\/posts\/506271","targetHints":{"allow":["GET"]}}],"collection":[{"href":"https:\/\/www.europesays.com\/fr\/wp-json\/wp\/v2\/posts"}],"about":[{"href":"https:\/\/www.europesays.com\/fr\/wp-json\/wp\/v2\/types\/post"}],"author":[{"embeddable":true,"href":"https:\/\/www.europesays.com\/fr\/wp-json\/wp\/v2\/users\/2"}],"replies":[{"embeddable":true,"href":"https:\/\/www.europesays.com\/fr\/wp-json\/wp\/v2\/comments?post=506271"}],"version-history":[{"count":0,"href":"https:\/\/www.europesays.com\/fr\/wp-json\/wp\/v2\/posts\/506271\/revisions"}],"wp:featuredmedia":[{"embeddable":true,"href":"https:\/\/www.europesays.com\/fr\/wp-json\/wp\/v2\/media\/506272"}],"wp:attachment":[{"href":"https:\/\/www.europesays.com\/fr\/wp-json\/wp\/v2\/media?parent=506271"}],"wp:term":[{"taxonomy":"category","embeddable":true,"href":"https:\/\/www.europesays.com\/fr\/wp-json\/wp\/v2\/categories?post=506271"},{"taxonomy":"post_tag","embeddable":true,"href":"https:\/\/www.europesays.com\/fr\/wp-json\/wp\/v2\/tags?post=506271"}],"curies":[{"name":"wp","href":"https:\/\/api.w.org\/{rel}","templated":true}]}}