{"id":506273,"date":"2025-11-02T07:36:21","date_gmt":"2025-11-02T07:36:21","guid":{"rendered":"https:\/\/www.europesays.com\/fr\/506273\/"},"modified":"2025-11-02T07:36:21","modified_gmt":"2025-11-02T07:36:21","slug":"municipales-2026-a-strasbourg-la-gauche-avance-desunie","status":"publish","type":"post","link":"https:\/\/www.europesays.com\/fr\/506273\/","title":{"rendered":"Municipales 2026. \u00c0 Strasbourg, la gauche avance d\u00e9sunie"},"content":{"rendered":"<p>\u00c0 cinq mois des \u00e9lections municipales de 2026, la gauche strasbourgeoise n\u2019a pas r\u00e9ussi \u00e0 organiser l\u2019union qui avait pr\u00e9valu pour les \u00e9lections l\u00e9gislatives l\u2019an dernier. Sauf retournement spectaculaire, il y aura donc a minima <a href=\"https:\/\/www.lalsace.fr\/elections\/2025\/07\/05\/jeanne-barseghian-candidate-a-strasbourg-un-bilan-d-etape-qui-assume-sa-radicalite\" target=\"_blank\" rel=\"noopener\">une liste \u00e0 dominante \u00e9cologiste derri\u00e8re la maire sortante Jeanne Barseghian<\/a> , <a href=\"https:\/\/www.lalsace.fr\/elections\/2025\/10\/11\/a-strasbourg-trautmann-veut-reprendre-la-mairie-aux-ecologistes\" target=\"_blank\" rel=\"noopener\">une liste socialiste derri\u00e8re l\u2019ancienne maire Catherine Trautmann<\/a> et une liste insoumise derri\u00e8re le conseiller d\u00e9partemental Florian Kobryn.<\/p>\n<p>Les petites formations issues de la majorit\u00e9 sortante (PCF, Place publique, G\u00e9n\u00e9ration. s, s\u2019linke Elsass et L\u2019Apr\u00e8s) tentent depuis la fin de l\u2019\u00e9t\u00e9 de peser \u00e0 travers l\u2019appel \u00e0 un \u00ab\u00a0tournant populaire\u00a0\u00bb. L\u2019appel visait large mais les discussions se r\u00e9sument semble-t-il \u00e0 des n\u00e9gociations avec <a href=\"https:\/\/www.lalsace.fr\/p\/jeanne-barseghian\" target=\"_blank\" rel=\"noopener\">Jeanne Barseghian<\/a>. Il\u00a0n\u2019y a pas eu de contact avec l\u2019\u00e9quipe Trautmann, et peu avec les Insoumis. D\u2019ailleurs, les socio-d\u00e9mocrates de Place publique ont d\u2019ores et d\u00e9j\u00e0 d\u00e9cid\u00e9 de soutenir Jeanne Barseghian, quand les r\u00e9gionalistes d\u2019Alternative alsacienne, tout en affirmant que les n\u00e9gociations se poursuivent, estiment que la maire sortante est \u00ab\u00a0la candidate naturelle de la gauche\u00a0\u00bb.<\/p>\n<p><a href=\"https:\/\/www.lalsace.fr\/elections\/2025\/10\/17\/a-strasbourg-lfi-designe-florian-kobryn-en-tete-de-sa-liste\" target=\"_blank\" rel=\"noopener\">Du c\u00f4t\u00e9 de LFI, Florian Kobryn<\/a> , <a href=\"https:\/\/www.lalsace.fr\/elections\/2025\/10\/14\/strasbourg-florian-kobryn-designe-tete-de-liste-pour-la-france-insoumise\" target=\"_blank\" rel=\"noopener\">aussit\u00f4t d\u00e9sign\u00e9 t\u00eate de liste<\/a> , a tendu la main aux signataires de l\u2019appel en affirmant vouloir \u00ab\u00a0incarner un tournant populaire\u00a0\u00bb. Mais depuis le sabordage du groupe d\u2019opposition de la Collectivit\u00e9 europ\u00e9enne d\u2019Alsace, ses relations avec les communistes et les \u00e9cologistes sont ex\u00e9crables.<\/p>\n<p><a href=\"https:\/\/www.lalsace.fr\/p\/catherine-trautmann\" target=\"_blank\" rel=\"noopener\">Catherine Trautmann<\/a> a d\u00e9cid\u00e9 de capitaliser sur son parcours personnel mais elle devrait obtenir l\u2019investiture du Parti socialiste d\u00e8s cette semaine. \u00ab\u00a0On ne cherche pas forc\u00e9ment d\u2019alliances au premier tour, explique Mathieu Cahn, le bras droit de Catherine Trautmann. Et la dynamique que nous allons cr\u00e9er d\u00e9cidera s\u2019il y aura des alliances ou pas au second tour.\u00a0\u00bb<\/p>\n<p>  Trois dynamiques<\/p>\n<p>Dans les interstices laiss\u00e9s par ces trois dynamiques, d\u2019autres initiatives ont \u00e9clos, comme <a href=\"https:\/\/www.lalsace.fr\/elections\/2025\/07\/09\/a-strasbourg-paul-meyer-se-lance-avec-nawel-rafik-elmrini\" target=\"_blank\" rel=\"noopener\">celle des anciens adjoints de Roland Ries, Nawel Rafik et Paul Meyer<\/a>. Nawel Rafik (Territoires de progr\u00e8s) assure vouloir constituer une liste social-d\u00e9mocrate.<\/p>\n<p>La conseill\u00e8re r\u00e9gionale socialiste Linda Ibiem, qui a renonc\u00e9 \u00e0 briguer l\u2019investiture de son parti, pourrait aussi vouloir tenter de se faire une place.<\/p>\n<p><a href=\"https:\/\/www.lalsace.fr\/politique\/2025\/10\/16\/a-strasbourg-thibaut-vinci-(prg)-appelle-a-l-union-des-gauches\" target=\"_blank\" rel=\"noopener\">Le candidat du PRG, Thibaut Vinci<\/a> , se plaint lui de voir sa campagne stagner.<\/p>\n<p>Dans ce paysage morcel\u00e9, la maire sortante joue la carte du rassemblement et veut s\u2019appuyer sur les formations politiques. \u00ab\u00a0Notre objectif est celui d\u2019un rassemblement tr\u00e8s large \u00e0 gauche, affirme Silvio Philippe, le directeur de campagne de Jeanne Barseghian. Nous voulons rassembler le plus de partis de gauche possible et de citoyens.\u00a0\u00bb D\u2019ailleurs, l\u2019\u00e9quipe Barseghian a d\u00e9cid\u00e9 d\u2019augmenter la proportion de colistiers encart\u00e9s dans des partis, qui n\u2019est que d\u2019environ 40\u00a0% dans l\u2019\u00e9quipe sortante. \u00ab\u00a0C\u2019est une demande, avoir des positionnements politiques clairs, avec des \u00e9tiquettes politiques\u00a0\u00bb, dit encore Silvio Philippe. L\u2019id\u00e9e est d\u2019arriver \u00e0 50\/50, voire un peu plus d\u2019encart\u00e9s et de militants associatifs aguerris. \u00ab\u00a0Nous sommes dans une p\u00e9riode particuli\u00e8re, explique l\u2019adjointe communiste H\u00fclliya Turan. Les\u00a0partis politiques ont un r\u00f4le \u00e0 jouer face \u00e0 la mont\u00e9e de la droite dure et de l\u2019extr\u00eame droite.\u00a0\u00bb<\/p>\n<p>Si la question des alliances entre les trois principaux courants est \u00e9cart\u00e9e pour le moment, elle s\u2019invitera d\u00e8s le soir du premier tour avec en corollaire la question de savoir si la ville peut \u00eatre perdue par la gauche ou pas.<\/p>\n","protected":false},"excerpt":{"rendered":"\u00c0 cinq mois des \u00e9lections municipales de 2026, la gauche strasbourgeoise n\u2019a pas r\u00e9ussi \u00e0 organiser l\u2019union qui&hellip;\n","protected":false},"author":2,"featured_media":506274,"comment_status":"","ping_status":"","sticky":false,"template":"","format":"standard","meta":{"footnotes":""},"categories":[2820],"tags":[1111,11,2389,15107,1777,674,107,1011,27,775,12,316,25,640],"class_list":{"0":"post-506273","1":"post","2":"type-post","3":"status-publish","4":"format-standard","5":"has-post-thumbnail","7":"category-strasbourg","8":"tag-actu","9":"tag-actualites","10":"tag-alsace","11":"tag-chuchotements","12":"tag-eu","13":"tag-europe","14":"tag-fil-info","15":"tag-fr","16":"tag-france","17":"tag-grand-est","18":"tag-news","19":"tag-politique","20":"tag-republique-francaise","21":"tag-strasbourg"},"share_on_mastodon":{"url":"https:\/\/pubeurope.com\/@fr\/115478959470227518","error":""},"_links":{"self":[{"href":"https:\/\/www.europesays.com\/fr\/wp-json\/wp\/v2\/posts\/506273","targetHints":{"allow":["GET"]}}],"collection":[{"href":"https:\/\/www.europesays.com\/fr\/wp-json\/wp\/v2\/posts"}],"about":[{"href":"https:\/\/www.europesays.com\/fr\/wp-json\/wp\/v2\/types\/post"}],"author":[{"embeddable":true,"href":"https:\/\/www.europesays.com\/fr\/wp-json\/wp\/v2\/users\/2"}],"replies":[{"embeddable":true,"href":"https:\/\/www.europesays.com\/fr\/wp-json\/wp\/v2\/comments?post=506273"}],"version-history":[{"count":0,"href":"https:\/\/www.europesays.com\/fr\/wp-json\/wp\/v2\/posts\/506273\/revisions"}],"wp:featuredmedia":[{"embeddable":true,"href":"https:\/\/www.europesays.com\/fr\/wp-json\/wp\/v2\/media\/506274"}],"wp:attachment":[{"href":"https:\/\/www.europesays.com\/fr\/wp-json\/wp\/v2\/media?parent=506273"}],"wp:term":[{"taxonomy":"category","embeddable":true,"href":"https:\/\/www.europesays.com\/fr\/wp-json\/wp\/v2\/categories?post=506273"},{"taxonomy":"post_tag","embeddable":true,"href":"https:\/\/www.europesays.com\/fr\/wp-json\/wp\/v2\/tags?post=506273"}],"curies":[{"name":"wp","href":"https:\/\/api.w.org\/{rel}","templated":true}]}}