{"id":506277,"date":"2025-11-02T07:38:12","date_gmt":"2025-11-02T07:38:12","guid":{"rendered":"https:\/\/www.europesays.com\/fr\/506277\/"},"modified":"2025-11-02T07:38:12","modified_gmt":"2025-11-02T07:38:12","slug":"pres-de-nice-lautoroute-a8-fermee-a-plusieurs-endroits-ces-prochains-jours-voici-ou-et-pourquoi","status":"publish","type":"post","link":"https:\/\/www.europesays.com\/fr\/506277\/","title":{"rendered":"Pr\u00e8s de Nice. L&rsquo;autoroute A8 ferm\u00e9e \u00e0 plusieurs endroits ces prochains jours, voici o\u00f9 et pourquoi"},"content":{"rendered":"<p>            Par<br \/>\n        <strong><br \/>\n            <a href=\"https:\/\/actu.fr\/auteur\/arthur-frand\" title=\"Consulter tous les articles de Arthur Frand\" target=\"_blank\" rel=\"noopener\">Arthur Frand<\/a><br \/>\n        <\/strong><\/p>\n<p>        Publi\u00e9 le<\/p>\n<p>            2 nov. 2025 \u00e0 7h26        <\/p>\n<p>Encore des travaux. Et des cons\u00e9quences pour les automobilistes ni\u00e7ois et du d\u00e9partement. \u00c0 Nice (Alpes-Maritimes), une partie de l\u2019autoroute A8 <strong>\u00e9tait d\u00e9j\u00e0 ferm\u00e9e<\/strong> durant trois nuits, \u00e0 partir de 22\u2009h et jusqu\u2019\u00e0 6\u2009h du matin cette semaine, du 27 au 31\u00a0octobre.<\/p>\n<p class=\" wall-content\">Des travaux de r\u00e9novation de chauss\u00e9s ont eu lieu entre les \u00e9changeurs de Nice Saint-Isidore (n\u00b052) et Nice A\u00e9roport (n\u00b051), en direction d\u2019Aix-en-Provence. La semaine prochaine, la premi\u00e8re du mois de novembre (du 3 au 7), les travaux se poursuivent, annoncent Vinci Autoroutes. De fait, plusieurs bretelles de l\u2019A8 <strong>seront inaccessibles<\/strong> \u00e0 Nice et dans les alentours. Voici lesquelles.<\/p>\n<p>Autoroute inaccessible entre Nice Saint-Isidore et Nice A\u00e9roport<\/p>\n<p class=\" wall-content\">Les automobilistes surpris pourraient voir leurs trajets d\u00e9vi\u00e9s. Du 3 au 7\u00a0novembre, les travaux de r\u00e9novation de chauss\u00e9es continuent \u00e0 Nice Saint-Isidore. Ces op\u00e9rations n\u00e9cessiteront notamment la <strong>fermeture de l\u2019autoroute<\/strong> entre les \u00e9changeurs de Nice Saint-Isidore (n\u00b052) et Nice A\u00e9roport (n\u00b051), en direction d\u2019Aix-en-Provence.<\/p>\n<p class=\" wall-content\">Les conducteurs devront alors quitter l\u2019autoroute A8 via l\u2019\u00e9changeur de Nice Saint-Isidore (n\u00b052) et pourront la rejoindre via l\u2019\u00e9changeur de Nice A\u00e9roport (n\u00b051).<\/p>\n<p>    <img   decoding=\"async\" loading=\"lazy\" src=\"https:\/\/www.europesays.com\/fr\/wp-content\/uploads\/2025\/11\/bretelles-a8-ok-960x640.png\" alt=\"Bretelles A8 Ok\" width=\"960\" height=\"640\"\/><br \/>\n    Le soir, du 3 au 7\u00a0novembre, l\u2019A8 sera ferm\u00e9e entre les \u00e9changeurs de Nice Saint-Isidore (n\u00b052) et Nice A\u00e9roport (n\u00b051), en direction d\u2019Aix-en-Provence. (\u00a9Vinci Autoroutes)<\/p>\n<p class=\" wall-content\">En direction de l\u2019Italie, ce sont les \u00e9changeurs de Saint-Laurent-du-Var (n\u00b049), Nice Ouest (n\u00b050) et Nice A\u00e9roport (n\u00b051) qui <strong>seront inaccessibles<\/strong> de 21h \u00e0 6h du matin. Des travaux de maintenance et d\u2019entretien auront \u00e9galement lieu sur l\u2019autoroute A8 en direction de Nice.<\/p>\n<p>Plusieurs bretelles de l\u2019A8 ferm\u00e9es autour de Nice<\/p>\n<p class=\" wall-content\">Au niveau de <strong>l\u2019\u00e9changeur d\u2019Antibes Est<\/strong> (n\u00b044), les bretelles d\u2019entr\u00e9es, incluant la bretelle en provenance de Sophia Antipolis, seront ferm\u00e9es la nuit du lundi\u00a03 au mardi 4\u00a0novembre, de 21h \u00e0 5h. Une d\u00e9viation est mise en place\u2009: les conducteurs pourront emprunter la bretelle d\u2019entr\u00e9e de l\u2019\u00e9changeur de Villeneuve-Loubet (n\u00b047).<\/p>\n<p>Votre r\u00e9gion, votre actu !<\/p>\n<p>Recevez chaque jour les infos qui comptent pour vous.<\/p>\n<p>\t<a href=\"https:\/\/actu.fr\/newsletter\" class=\"ac-btn ac-btn--corner ac-btn--medium ac-btn--blue800\" target=\"_blank\" rel=\"noopener\">S&rsquo;incrire<\/a><\/p>\n<p class=\" wall-content\">Au niveau de <strong>l\u2019\u00e9changeur de Mandelieu Est \/ Cannes-La-Bocca<\/strong> (n\u00b041), la bretelle de sortie sera ferm\u00e9e la nuit du mercredi\u00a05 au jeudi 6\u00a0novembre, de 21h \u00e0 5h. Une d\u00e9viation est mise en place\u2009: les conducteurs de v\u00e9hicules l\u00e9gers pourront emprunter la bretelle de sortie de l\u2019\u00e9changeur de Mandelieu (n\u00b040). Les poids lourds devront utiliser la bretelle de sortie de l\u2019\u00e9changeur de Mougins (n\u00b042).<\/p>\n<p class=\" wall-content\">Au niveau de <strong>l\u2019\u00e9changeur de Cagnes-sur-Mer<\/strong> (n\u00b048), la bretelle de sortie sera ferm\u00e9e la nuit du jeudi\u00a06 au vendredi 7\u00a0novembre, de 21h \u00e0 5h. Une d\u00e9viation est mise en place\u2009: les conducteurs pourront emprunter la bretelle d\u2019entr\u00e9e de l\u2019\u00e9changeur de Villeneuve-Loubet (n\u00b047).<\/p>\n<p class=\" wall-content\">Personnalisez votre actualit\u00e9 en ajoutant vos villes et m\u00e9dias en favori avec <a href=\"https:\/\/moncompte.actu.fr\" title=\"D\u00e9couvez Mon Actu\" rel=\"nofollow noopener\" data-trk=\"{&quot;cta&quot;:{&quot;action&quot;:&quot;https:\\\/\\\/moncompte.actu.fr&quot;,&quot;category&quot;:&quot;mon compte&quot;,&quot;from&quot;:&quot;article footer&quot;,&quot;name&quot;:&quot;Mon actu&quot;,&quot;type&quot;:&quot;cta&quot;}}\" target=\"_blank\">Mon Actu<\/a>.<\/p>\n","protected":false},"excerpt":{"rendered":"Par Arthur Frand Publi\u00e9 le 2 nov. 2025 \u00e0 7h26 Encore des travaux. Et des cons\u00e9quences pour les&hellip;\n","protected":false},"author":2,"featured_media":506278,"comment_status":"","ping_status":"","sticky":false,"template":"","format":"standard","meta":{"footnotes":""},"categories":[2819],"tags":[1111,11,5397,1777,674,1011,27,12,2401,882,25,104,2086],"class_list":{"0":"post-506277","1":"post","2":"type-post","3":"status-publish","4":"format-standard","5":"has-post-thumbnail","7":"category-nice","8":"tag-actu","9":"tag-actualites","10":"tag-autoroute-8-a8","11":"tag-eu","12":"tag-europe","13":"tag-fr","14":"tag-france","15":"tag-news","16":"tag-nice","17":"tag-provence-alpes-cote-dazur","18":"tag-republique-francaise","19":"tag-societe","20":"tag-travaux"},"share_on_mastodon":{"url":"https:\/\/pubeurope.com\/@fr\/115478968281726345","error":""},"_links":{"self":[{"href":"https:\/\/www.europesays.com\/fr\/wp-json\/wp\/v2\/posts\/506277","targetHints":{"allow":["GET"]}}],"collection":[{"href":"https:\/\/www.europesays.com\/fr\/wp-json\/wp\/v2\/posts"}],"about":[{"href":"https:\/\/www.europesays.com\/fr\/wp-json\/wp\/v2\/types\/post"}],"author":[{"embeddable":true,"href":"https:\/\/www.europesays.com\/fr\/wp-json\/wp\/v2\/users\/2"}],"replies":[{"embeddable":true,"href":"https:\/\/www.europesays.com\/fr\/wp-json\/wp\/v2\/comments?post=506277"}],"version-history":[{"count":0,"href":"https:\/\/www.europesays.com\/fr\/wp-json\/wp\/v2\/posts\/506277\/revisions"}],"wp:featuredmedia":[{"embeddable":true,"href":"https:\/\/www.europesays.com\/fr\/wp-json\/wp\/v2\/media\/506278"}],"wp:attachment":[{"href":"https:\/\/www.europesays.com\/fr\/wp-json\/wp\/v2\/media?parent=506277"}],"wp:term":[{"taxonomy":"category","embeddable":true,"href":"https:\/\/www.europesays.com\/fr\/wp-json\/wp\/v2\/categories?post=506277"},{"taxonomy":"post_tag","embeddable":true,"href":"https:\/\/www.europesays.com\/fr\/wp-json\/wp\/v2\/tags?post=506277"}],"curies":[{"name":"wp","href":"https:\/\/api.w.org\/{rel}","templated":true}]}}