{"id":50628,"date":"2025-04-25T02:05:16","date_gmt":"2025-04-25T02:05:16","guid":{"rendered":"https:\/\/www.europesays.com\/fr\/50628\/"},"modified":"2025-04-25T02:05:16","modified_gmt":"2025-04-25T02:05:16","slug":"j32-sc-bastia-grenoble-foot-38-conf-de-presse-davant-match-de-chris-oulai-et-benoit-tavenot","status":"publish","type":"post","link":"https:\/\/www.europesays.com\/fr\/50628\/","title":{"rendered":"J32 \/ SC Bastia &#8211; Grenoble Foot 38 : Conf de presse d&rsquo;avant match de Chris Oulai et Beno\u00eet Tavenot."},"content":{"rendered":"<\/p>\n<p>Retrouvez la conf\u00e9rence de presse d\u2019avant match de Chris Oulai et Beno\u00eet Tavenot du match de la 32\u00e8me journ\u00e9e SC Bastia \u2013 Grenoble Foot 38.<\/p>\n<p>00:00 D\u00e9but<\/p>\n<p>00:05 Chris Oulai<\/p>\n<p>03:27 Beno\u00eet Tavenot<\/p>\n<p>Retrouvez nous sur nos r\u00e9seaux sociaux :<\/p>\n<p>Facebook : NRJ Corse et A Corsica TV<\/p>\n<p>Abonnez vous et activez la cloche pour ne rien manquer de l\u2019actualit\u00e9 en Corse !<\/p>\n","protected":false},"excerpt":{"rendered":"Retrouvez la conf\u00e9rence de presse d\u2019avant match de Chris Oulai et Beno\u00eet Tavenot du match de la 32\u00e8me&hellip;\n","protected":false},"author":2,"featured_media":50629,"comment_status":"","ping_status":"","sticky":false,"template":"","format":"standard","meta":{"footnotes":""},"categories":[9566],"tags":[1111,11,2430,1777,674,1011,27,2731,12,25,14335,517],"class_list":{"0":"post-50628","1":"post","2":"type-post","3":"status-publish","4":"format-standard","5":"has-post-thumbnail","7":"category-grenoble","8":"tag-actu","9":"tag-actualites","10":"tag-auvergne-rhone-alpes","11":"tag-eu","12":"tag-europe","13":"tag-fr","14":"tag-france","15":"tag-grenoble","16":"tag-news","17":"tag-republique-francaise","18":"tag-s-c-b","19":"tag-sport"},"share_on_mastodon":{"url":"https:\/\/pubeurope.com\/@fr\/114396156688487445","error":""},"_links":{"self":[{"href":"https:\/\/www.europesays.com\/fr\/wp-json\/wp\/v2\/posts\/50628","targetHints":{"allow":["GET"]}}],"collection":[{"href":"https:\/\/www.europesays.com\/fr\/wp-json\/wp\/v2\/posts"}],"about":[{"href":"https:\/\/www.europesays.com\/fr\/wp-json\/wp\/v2\/types\/post"}],"author":[{"embeddable":true,"href":"https:\/\/www.europesays.com\/fr\/wp-json\/wp\/v2\/users\/2"}],"replies":[{"embeddable":true,"href":"https:\/\/www.europesays.com\/fr\/wp-json\/wp\/v2\/comments?post=50628"}],"version-history":[{"count":0,"href":"https:\/\/www.europesays.com\/fr\/wp-json\/wp\/v2\/posts\/50628\/revisions"}],"wp:featuredmedia":[{"embeddable":true,"href":"https:\/\/www.europesays.com\/fr\/wp-json\/wp\/v2\/media\/50629"}],"wp:attachment":[{"href":"https:\/\/www.europesays.com\/fr\/wp-json\/wp\/v2\/media?parent=50628"}],"wp:term":[{"taxonomy":"category","embeddable":true,"href":"https:\/\/www.europesays.com\/fr\/wp-json\/wp\/v2\/categories?post=50628"},{"taxonomy":"post_tag","embeddable":true,"href":"https:\/\/www.europesays.com\/fr\/wp-json\/wp\/v2\/tags?post=50628"}],"curies":[{"name":"wp","href":"https:\/\/api.w.org\/{rel}","templated":true}]}}