{"id":506291,"date":"2025-11-02T07:47:33","date_gmt":"2025-11-02T07:47:33","guid":{"rendered":"https:\/\/www.europesays.com\/fr\/506291\/"},"modified":"2025-11-02T07:47:33","modified_gmt":"2025-11-02T07:47:33","slug":"lhomme-recherche-par-les-reseaux-sociaux-na-rien-a-voir-dans-la-mort-de-juliette-noyee-dans-la-deule","status":"publish","type":"post","link":"https:\/\/www.europesays.com\/fr\/506291\/","title":{"rendered":"L\u2019homme recherch\u00e9 par les r\u00e9seaux sociaux n\u2019a rien \u00e0 voir dans la mort de Juliette, noy\u00e9e dans la De\u00fble"},"content":{"rendered":"<p>Juliette, une jeune Lilloise, a \u00e9t\u00e9 <a href=\"https:\/\/www.20minutes.fr\/justice\/4182336-20251029-lille-autopsie-confirme-jeune-fille-retrouvee-deule-morte-noyee\" class=\"c-link c-link--is-underlined\" rel=\"nofollow noopener\" target=\"_blank\">retrouv\u00e9e morte dans la De\u00fble<\/a> vendredi 24\u00a0octobre apr\u00e8s avoir pass\u00e9 la soir\u00e9e dans des bars du quartier du <a href=\"https:\/\/www.20minutes.fr\/lille\/\" class=\"c-link c-link--is-underlined\" rel=\"nofollow noopener\" target=\"_blank\">Vieux-Lille<\/a>. Dans la foul\u00e9e de la macabre d\u00e9couverte sont apparues sur TikTok et Instagram des <a href=\"https:\/\/www.20minutes.fr\/faits_divers\/4181728-20251027-lille-reseaux-sociaux-decretent-coupable-juliette-retrouvee-morte-deule-cause-apparente\" class=\"c-link c-link--is-underlined\" rel=\"nofollow noopener\" target=\"_blank\">vid\u00e9os affichant le visage d\u2019un homme<\/a>, pr\u00e9sent\u00e9 comme suspect et pr\u00e9tendument recherch\u00e9 par la police. Objet d\u2019une v\u00e9ritable chasse \u00e0 l\u2019homme sur les r\u00e9seaux, cet homme a pourtant \u00e9t\u00e9 mis hors de cause, selon la <a href=\"https:\/\/www.lavoixdunord.fr\/1641728\/article\/2025-10-31\/mort-de-juliette-dans-la-deule-lille-ce-que-l-sait-une-semaine-apres-le-drame\" rel=\"nofollow noopener\" target=\"_blank\" class=\"c-link c-link--is-underlined\">Voix du Nord<\/a>.<\/p>\n<p>L\u2019initiative des internautes ayant relay\u00e9 le visage de cet inconnu, dont l\u2019activiste identitaire Alice Cordier, avait fait bondir le procureur de la R\u00e9publique de Lille, Samuel Finilez, au point qu\u2019il a menac\u00e9 de poursuites les auteurs des vid\u00e9os. Le magistrat avait notamment d\u00e9plor\u00e9 que l\u2019on jette \u00e0 la vindicte publique une personne, alors qu\u2019en l\u2019\u00e9tat des investigations, rien ne laissait supposer que Juliette avait \u00e9t\u00e9 tu\u00e9e.<\/p>\n<p>Mis hors de cause gr\u00e2ce \u00e0 la vid\u00e9osurveillance<\/p>\n<p>Selon nos confr\u00e8res, l\u2019homme en question a finalement \u00e9t\u00e9 retrouv\u00e9 et interrog\u00e9 par les enqu\u00eateurs poursuivant les investigations en recherche des causes de la mort. Touriste de nationalit\u00e9 allemande, celui-ci \u00e9tait en s\u00e9jour \u00e0 Lille et r\u00e9sidait dans un h\u00f4tel o\u00f9 les policiers l\u2019ont d\u2019ailleurs retrouv\u00e9. Outre son audition, ce sont aussi les images de vid\u00e9osurveillance de la ville qui ont permis de mettre hors de cause le touriste. S\u2019il se trouvait effectivement dans le dernier bar qu\u2019avait fr\u00e9quent\u00e9 Juliette avant sa mort, celui-ci en est sorti seul pour rentrer directement \u00e0 son h\u00f4tel, dont il n\u2019est plus ressorti.<\/p>\n<\/p>\n<p>L\u2019enqu\u00eate n\u2019est pas close pour autant, les policiers devant toujours d\u00e9terminer avec pr\u00e9cision les circonstances de la mort de la jeune femme. Rappelons que les premi\u00e8res constatations sur le corps de la victime ainsi que son autopsie ont conclu \u00e0 une mort par noyade sans intervention d\u2019un tiers.<\/p>\n","protected":false},"excerpt":{"rendered":"Juliette, une jeune Lilloise, a \u00e9t\u00e9 retrouv\u00e9e morte dans la De\u00fble vendredi 24\u00a0octobre apr\u00e8s avoir pass\u00e9 la soir\u00e9e&hellip;\n","protected":false},"author":2,"featured_media":506292,"comment_status":"","ping_status":"","sticky":false,"template":"","format":"standard","meta":{"footnotes":""},"categories":[2815],"tags":[1111,11,40273,1777,674,1011,27,811,1307,12,1308,1309,7781,1306,25,938],"class_list":{"0":"post-506291","1":"post","2":"type-post","3":"status-publish","4":"format-standard","5":"has-post-thumbnail","7":"category-lille","8":"tag-actu","9":"tag-actualites","10":"tag-canal-de-la-deule","11":"tag-eu","12":"tag-europe","13":"tag-fr","14":"tag-france","15":"tag-hauts-de-france","16":"tag-lille","17":"tag-news","18":"tag-nord","19":"tag-nord-pas-de-calais","20":"tag-noyade","21":"tag-regions","22":"tag-republique-francaise","23":"tag-reseaux-sociaux"},"share_on_mastodon":{"url":"https:\/\/pubeurope.com\/@fr\/115479002795628351","error":""},"_links":{"self":[{"href":"https:\/\/www.europesays.com\/fr\/wp-json\/wp\/v2\/posts\/506291","targetHints":{"allow":["GET"]}}],"collection":[{"href":"https:\/\/www.europesays.com\/fr\/wp-json\/wp\/v2\/posts"}],"about":[{"href":"https:\/\/www.europesays.com\/fr\/wp-json\/wp\/v2\/types\/post"}],"author":[{"embeddable":true,"href":"https:\/\/www.europesays.com\/fr\/wp-json\/wp\/v2\/users\/2"}],"replies":[{"embeddable":true,"href":"https:\/\/www.europesays.com\/fr\/wp-json\/wp\/v2\/comments?post=506291"}],"version-history":[{"count":0,"href":"https:\/\/www.europesays.com\/fr\/wp-json\/wp\/v2\/posts\/506291\/revisions"}],"wp:featuredmedia":[{"embeddable":true,"href":"https:\/\/www.europesays.com\/fr\/wp-json\/wp\/v2\/media\/506292"}],"wp:attachment":[{"href":"https:\/\/www.europesays.com\/fr\/wp-json\/wp\/v2\/media?parent=506291"}],"wp:term":[{"taxonomy":"category","embeddable":true,"href":"https:\/\/www.europesays.com\/fr\/wp-json\/wp\/v2\/categories?post=506291"},{"taxonomy":"post_tag","embeddable":true,"href":"https:\/\/www.europesays.com\/fr\/wp-json\/wp\/v2\/tags?post=506291"}],"curies":[{"name":"wp","href":"https:\/\/api.w.org\/{rel}","templated":true}]}}