{"id":506293,"date":"2025-11-02T07:48:14","date_gmt":"2025-11-02T07:48:14","guid":{"rendered":"https:\/\/www.europesays.com\/fr\/506293\/"},"modified":"2025-11-02T07:48:14","modified_gmt":"2025-11-02T07:48:14","slug":"restaurant-a-marseille-cette-chaine-de-street-food-coreenne-qui-cartonne-debarque-en-ville-voici-ou","status":"publish","type":"post","link":"https:\/\/www.europesays.com\/fr\/506293\/","title":{"rendered":"Restaurant \u00e0 Marseille. Cette cha\u00eene de street food cor\u00e9enne qui cartonne d\u00e9barque en ville : voici o\u00f9"},"content":{"rendered":"<p>            Par<br \/>\n        <strong><br \/>\n            <a href=\"https:\/\/actu.fr\/auteur\/fabien-binacchi\" title=\"Consulter tous les articles de Fabien Binacchi\" target=\"_blank\" rel=\"noopener\">Fabien Binacchi<\/a><br \/>\n        <\/strong><\/p>\n<p>        Publi\u00e9 le<\/p>\n<p>            2 nov. 2025 \u00e0 7h46        <\/p>\n<p>Poulet frit, corn dogs, bibimbap et autres burgers \u00ab\u2009vapeur\u2009\u00bb. Les amoureux de <a href=\"https:\/\/actu.fr\/tag\/street-food\" target=\"_blank\" rel=\"noopener\">street food<\/a> cor\u00e9enne vont bient\u00f4t se trouver un nouveau spot \u00e0 <a href=\"https:\/\/actu.fr\/marseille\/\" target=\"_blank\" rel=\"noopener\">Marseille<\/a>. La cha\u00eene lyonnaise <strong>Chikin Bang<\/strong> est en pleine installation au centre commercial <a href=\"https:\/\/actu.fr\/tag\/terrasse-du-port\" target=\"_blank\" rel=\"noopener\">Les Terrasses du Port (2e).<\/a><\/p>\n<p class=\" wall-content\">Voici tout ce qu\u2019il faut savoir.<\/p>\n<p>Une ouverture mi-d\u00e9cembre<\/p>\n<p class=\" wall-content\">Port\u00e9e par <strong>des s\u00e9ries \u00e0 succ\u00e8s,<\/strong> Squid Game en t\u00eate, et l<strong>\u2019explosion de la K-Pop,<\/strong> la culture cor\u00e9enne s\u00e9duit de plus en plus. Y compris les gourmands, friands d\u2019une street food qui fait de plus en plus d\u2019adeptes. Le succ\u00e8s de la cha\u00eene de restauration Chiking Bang, install\u00e9 depuis peu dans les <a href=\"https:\/\/actu.fr\/provence-alpes-cote-d-azur\/bouches-du-rhone_13\" target=\"_blank\" rel=\"noopener\">Bouches-du-Rh\u00f4ne<\/a>, <a href=\"https:\/\/actu.fr\/provence-alpes-cote-d-azur\/les-pennes-mirabeau_13071\/pres-de-marseille-tous-ces-nouveaux-restaurants-debarquent-dans-ce-centre-commercial-tres-connu_62849151.html\" target=\"_blank\" rel=\"noopener\">\u00e0 Plan-de-Campagne,<\/a> en t\u00e9moigne\u2009:<\/p>\n<blockquote class=\"ac-article-quote wall-content\">\n<p>Nous avons eu beaucoup de monde d\u00e8s l&rsquo;ouverture, en juillet. Nous avons explos\u00e9 nos pr\u00e9visions.<\/p>\n<p>    <strong>Vanessa Shi<\/strong><br \/>\n        Cofondatrice de Chikin Bang    <\/p><\/blockquote>\n<p class=\" wall-content\">Et apr\u00e8s cette premi\u00e8re ouverture r\u00e9ussie dans le d\u00e9partement, l\u2019enseigne en pr\u00e9pare une seconde, toujours sous la forme d\u2019une franchise, \u00e0 Marseille. Un nouveau <a href=\"https:\/\/actu.fr\/tag\/restaurant\" target=\"_blank\" rel=\"noopener\">restaurant<\/a> doit ouvrir mi-d\u00e9cembre, <strong>le 15 si tout va bien,<\/strong> au sein des Terrasses du Port, \u00e0 La Joliette.<\/p>\n<p class=\" wall-content\">Il prend la place qu\u2019occupait le glacier Barbarac, en fa\u00e7ade, au rez-de-chauss\u00e9e, <strong>juste \u00e0 c\u00f4t\u00e9 des burgers am\u00e9ricains de Five Guys.<\/strong> Un local de 100m2 avec terrasse o\u00f9 seront embauch\u00e9es une quinzaine de personnes, selon les responsables de l\u2019enseigne.<\/p>\n<p>\u00ab\u2009L\u2019offre \u00e9tait quasi inexistante\u2009\u00bb<\/p>\n<p class=\" wall-content\">Et cette nouvelle ouverture annonc\u00e9e dans les Bouches-du-Rh\u00f4ne, <strong>la 10e pour la marque,<\/strong> qui a m\u00eame investi l\u2019Espagne (Barcelone) derni\u00e8rement, pourrait en appeler encore d\u2019autres. \u00ab\u2009L\u2019objectif est d\u2019ouvrir 5 \u00e0 10 nouveaux restaurants par an, d\u00e8s 2026\u2009\u00bb, explique \u00e0 actu Marseille Vanessa Shi, qui a cofond\u00e9 Chikin Band avec son mari St\u00e9phane Dayot.<\/p>\n<p>Votre r\u00e9gion, votre actu !<\/p>\n<p>Recevez chaque jour les infos qui comptent pour vous.<\/p>\n<p>\t<a href=\"https:\/\/actu.fr\/newsletter\" class=\"ac-btn ac-btn--corner ac-btn--medium ac-btn--blue800\" target=\"_blank\" rel=\"noopener\">S&rsquo;incrire<\/a><\/p>\n<p class=\" wall-content\">Le couple en a eu l\u2019id\u00e9e <strong>pendant le confinement.<\/strong> \u00ab\u2009Comme tout le monde, on a regard\u00e9 beaucoup de s\u00e9ries et notamment des dramas cor\u00e9ens. On voulait manger ce qu\u2019on voyait \u00e0 l\u2019\u00e9cran et on s\u2019est vite rendu compte que l\u2019offre \u00e9tait quasi inexistante\u2009\u00bb, confie la patronne.<\/p>\n<p>En version Halal<\/p>\n<p class=\" wall-content\">La marque est lanc\u00e9e en 2022. D\u2019abord \u00e0 Lyon, puis \u00e0 Grenoble, La D\u00e9fense, Rennes, Cergy et Serris (r\u00e9gion parisienne), avant d\u2019arriver jusqu\u2019\u00e0 Plan-de-Campagne.<\/p>\n<p class=\" wall-content\">Elle propose \u00e9videmment du poulet frit, des burgers dans <strong>une brioche de farine de riz cuite \u00e0 la vapeur,<\/strong> des corndogs, des bowls et des tapas cor\u00e9ennes, le tout en version Halal.<\/p>\n<p class=\" wall-content\">Personnalisez votre actualit\u00e9 en ajoutant vos villes et m\u00e9dias en favori avec <a href=\"https:\/\/moncompte.actu.fr\" title=\"D\u00e9couvez Mon Actu\" rel=\"nofollow noopener\" data-trk=\"{&quot;cta&quot;:{&quot;action&quot;:&quot;https:\\\/\\\/moncompte.actu.fr&quot;,&quot;category&quot;:&quot;mon compte&quot;,&quot;from&quot;:&quot;article footer&quot;,&quot;name&quot;:&quot;Mon actu&quot;,&quot;type&quot;:&quot;cta&quot;}}\" target=\"_blank\">Mon Actu<\/a>.<\/p>\n","protected":false},"excerpt":{"rendered":"Par Fabien Binacchi Publi\u00e9 le 2 nov. 2025 \u00e0 7h46 Poulet frit, corn dogs, bibimbap et autres burgers&hellip;\n","protected":false},"author":2,"featured_media":506294,"comment_status":"","ping_status":"","sticky":false,"template":"","format":"standard","meta":{"footnotes":""},"categories":[2814],"tags":[1111,11,1777,674,1011,27,1305,884,12,3147,882,25,1340,10479],"class_list":{"0":"post-506293","1":"post","2":"type-post","3":"status-publish","4":"format-standard","5":"has-post-thumbnail","7":"category-marseille","8":"tag-actu","9":"tag-actualites","10":"tag-eu","11":"tag-europe","12":"tag-fr","13":"tag-france","14":"tag-lifestyle","15":"tag-marseille","16":"tag-news","17":"tag-nouveaux-commerces","18":"tag-provence-alpes-cote-dazur","19":"tag-republique-francaise","20":"tag-restaurant","21":"tag-street-food"},"share_on_mastodon":{"url":"https:\/\/pubeurope.com\/@fr\/115479006672014458","error":""},"_links":{"self":[{"href":"https:\/\/www.europesays.com\/fr\/wp-json\/wp\/v2\/posts\/506293","targetHints":{"allow":["GET"]}}],"collection":[{"href":"https:\/\/www.europesays.com\/fr\/wp-json\/wp\/v2\/posts"}],"about":[{"href":"https:\/\/www.europesays.com\/fr\/wp-json\/wp\/v2\/types\/post"}],"author":[{"embeddable":true,"href":"https:\/\/www.europesays.com\/fr\/wp-json\/wp\/v2\/users\/2"}],"replies":[{"embeddable":true,"href":"https:\/\/www.europesays.com\/fr\/wp-json\/wp\/v2\/comments?post=506293"}],"version-history":[{"count":0,"href":"https:\/\/www.europesays.com\/fr\/wp-json\/wp\/v2\/posts\/506293\/revisions"}],"wp:featuredmedia":[{"embeddable":true,"href":"https:\/\/www.europesays.com\/fr\/wp-json\/wp\/v2\/media\/506294"}],"wp:attachment":[{"href":"https:\/\/www.europesays.com\/fr\/wp-json\/wp\/v2\/media?parent=506293"}],"wp:term":[{"taxonomy":"category","embeddable":true,"href":"https:\/\/www.europesays.com\/fr\/wp-json\/wp\/v2\/categories?post=506293"},{"taxonomy":"post_tag","embeddable":true,"href":"https:\/\/www.europesays.com\/fr\/wp-json\/wp\/v2\/tags?post=506293"}],"curies":[{"name":"wp","href":"https:\/\/api.w.org\/{rel}","templated":true}]}}