{"id":506299,"date":"2025-11-02T07:51:09","date_gmt":"2025-11-02T07:51:09","guid":{"rendered":"https:\/\/www.europesays.com\/fr\/506299\/"},"modified":"2025-11-02T07:51:09","modified_gmt":"2025-11-02T07:51:09","slug":"lyon-ce-nouveau-buffet-a-volonte-ouvert-7j-7-sur-la-place-bellecour-cartonne-deja","status":"publish","type":"post","link":"https:\/\/www.europesays.com\/fr\/506299\/","title":{"rendered":"Lyon. Ce nouveau buffet \u00e0 volont\u00e9 ouvert 7j\/7 sur la place Bellecour cartonne d\u00e9j\u00e0"},"content":{"rendered":"<p>            Par<br \/>\n        <strong><br \/>\n            <a href=\"https:\/\/actu.fr\/auteur\/ludivine-caporal\" title=\"Consulter tous les articles de Ludivine Caporal\" target=\"_blank\" rel=\"noopener\">Ludivine Caporal<\/a><br \/>\n        <\/strong><\/p>\n<p>        Publi\u00e9 le<\/p>\n<p>            2 nov. 2025 \u00e0 8h36        <\/p>\n<p>Les portes du restaurant ne cessent d\u2019\u00eatre pouss\u00e9es d\u00e8s l\u2019instant o\u00f9 le service d\u00e9bute. Certains clients font m\u00eame la queue, en avance, devant l\u2019\u00e9tablissement.\u00a0<\/p>\n<p class=\" wall-content\">C\u2019est dire le succ\u00e8s que conna\u00eet, pour son ouverture, le buffet \u00e0 volont\u00e9 \u00ab\u00a0Etoile Celeste\u00a0\u00bb. Install\u00e9 depuis le 23 septembre au num\u00e9ro 3 de la place <a href=\"https:\/\/actu.fr\/tag\/bellecour\" target=\"_blank\" rel=\"noopener\">Bellecour<\/a>, \u00e0 <a href=\"https:\/\/actu.fr\/auvergne-rhone-alpes\/lyon_69123\" target=\"_blank\" rel=\"noopener\">Lyon<\/a>, il propose une nourriture asiatique et europ\u00e9enne au sein d\u2019un <strong>espace de 1000 m\u00b2.<\/strong><\/p>\n<p>200 plats et 200 places assises<\/p>\n<p class=\" wall-content\">Sushis, fruits de mer, viandes, desserts\u2026 Le restaurant dispose de 200 \u00ab\u00a0plats\u00a0\u00bb pour le m\u00eame nombre de places assises et tourne \u00e0 plein r\u00e9gime puisque celui-ci est <strong>ouvert 7j\/7, midi et soir.<\/strong><\/p>\n<p class=\" wall-content\"><a href=\"https:\/\/www.instagram.com\/p\/DPW7CZ1DDwr\/embed\" title=\"Ouvrir le lien sur Instagram\" target=\"_blank\" rel=\"noopener\">Visualiser le contenu sur Instagram<\/a><\/p>\n<p class=\" wall-content\">Si nous n\u2019avons pas test\u00e9 la nourriture qu\u2019Etoile Celeste assure concocter chaque jour sur place, l\u2019accueil de l\u2019\u00e9tablissement laisse en tout cas plut\u00f4t \u00e0 d\u00e9sirer, les employ\u00e9s n\u2019\u00e9tant pas tr\u00e8s chaleureux ni agr\u00e9ables et le g\u00e9rant \u00ab\u00a0trop occup\u00e9\u00a0\u00bb pour venir se pr\u00e9senter\u2026<\/p>\n<p class=\" wall-content\">Pour l\u2019instant, le lieu semble n\u00e9anmoins plaire aux Lyonnais et s\u2019offre une note de 4,1\/5 sur Google. Comptez <strong>20,90 \u20ac le midi<\/strong> et 30,90 \u20ac le soir pour profiter du buffet.<\/p>\n<p class=\" wall-content\">Personnalisez votre actualit\u00e9 en ajoutant vos villes et m\u00e9dias en favori avec <a href=\"https:\/\/moncompte.actu.fr\" title=\"D\u00e9couvez Mon Actu\" rel=\"nofollow noopener\" data-trk=\"{&quot;cta&quot;:{&quot;action&quot;:&quot;https:\\\/\\\/moncompte.actu.fr&quot;,&quot;category&quot;:&quot;mon compte&quot;,&quot;from&quot;:&quot;article footer&quot;,&quot;name&quot;:&quot;Mon actu&quot;,&quot;type&quot;:&quot;cta&quot;}}\" target=\"_blank\">Mon Actu<\/a>.<\/p>\n<p>                    <script async src=\"\/\/www.instagram.com\/embed.js\"><\/script><\/p>\n","protected":false},"excerpt":{"rendered":"Par Ludivine Caporal Publi\u00e9 le 2 nov. 2025 \u00e0 8h36 Les portes du restaurant ne cessent d\u2019\u00eatre pouss\u00e9es&hellip;\n","protected":false},"author":2,"featured_media":506300,"comment_status":"","ping_status":"","sticky":false,"template":"","format":"standard","meta":{"footnotes":""},"categories":[1889],"tags":[1111,11,2430,5272,1777,674,1011,27,2428,12,25,1340,104],"class_list":{"0":"post-506299","1":"post","2":"type-post","3":"status-publish","4":"format-standard","5":"has-post-thumbnail","7":"category-lyon","8":"tag-actu","9":"tag-actualites","10":"tag-auvergne-rhone-alpes","11":"tag-bellecour","12":"tag-eu","13":"tag-europe","14":"tag-fr","15":"tag-france","16":"tag-lyon","17":"tag-news","18":"tag-republique-francaise","19":"tag-restaurant","20":"tag-societe"},"share_on_mastodon":{"url":"https:\/\/pubeurope.com\/@fr\/115479018397792030","error":""},"_links":{"self":[{"href":"https:\/\/www.europesays.com\/fr\/wp-json\/wp\/v2\/posts\/506299","targetHints":{"allow":["GET"]}}],"collection":[{"href":"https:\/\/www.europesays.com\/fr\/wp-json\/wp\/v2\/posts"}],"about":[{"href":"https:\/\/www.europesays.com\/fr\/wp-json\/wp\/v2\/types\/post"}],"author":[{"embeddable":true,"href":"https:\/\/www.europesays.com\/fr\/wp-json\/wp\/v2\/users\/2"}],"replies":[{"embeddable":true,"href":"https:\/\/www.europesays.com\/fr\/wp-json\/wp\/v2\/comments?post=506299"}],"version-history":[{"count":0,"href":"https:\/\/www.europesays.com\/fr\/wp-json\/wp\/v2\/posts\/506299\/revisions"}],"wp:featuredmedia":[{"embeddable":true,"href":"https:\/\/www.europesays.com\/fr\/wp-json\/wp\/v2\/media\/506300"}],"wp:attachment":[{"href":"https:\/\/www.europesays.com\/fr\/wp-json\/wp\/v2\/media?parent=506299"}],"wp:term":[{"taxonomy":"category","embeddable":true,"href":"https:\/\/www.europesays.com\/fr\/wp-json\/wp\/v2\/categories?post=506299"},{"taxonomy":"post_tag","embeddable":true,"href":"https:\/\/www.europesays.com\/fr\/wp-json\/wp\/v2\/tags?post=506299"}],"curies":[{"name":"wp","href":"https:\/\/api.w.org\/{rel}","templated":true}]}}