{"id":50630,"date":"2025-04-25T02:06:15","date_gmt":"2025-04-25T02:06:15","guid":{"rendered":"https:\/\/www.europesays.com\/fr\/50630\/"},"modified":"2025-04-25T02:06:15","modified_gmt":"2025-04-25T02:06:15","slug":"cette-rennaise-dedie-un-roman-graphique-aux-fantomes-familiaux-pour-sen-liberer","status":"publish","type":"post","link":"https:\/\/www.europesays.com\/fr\/50630\/","title":{"rendered":"Cette Rennaise d\u00e9die un roman graphique aux fant\u00f4mes familiaux \u00ab\u00a0pour s\u2019en lib\u00e9rer\u00a0\u00bb"},"content":{"rendered":"<p><strong>\u00ab\u00a0Des traumatismes existent dans toutes les familles\u00a0! Il y a ceux dont on parle et ceux dont on ne parle pas\u00a0\u00bb<\/strong>, pr\u00e9sente C\u00e9line Ziw\u00e8s. Dans son premier ouvrage \u00c0 la racine, l\u2019autrice illustratrice aborde longuement cette deuxi\u00e8me cat\u00e9gorie aussi appel\u00e9e <strong>\u00ab\u00a0les fant\u00f4mes familiaux\u00a0\u00bb.<\/strong><\/p>\n<p>\u00ab\u00a07\u00a0ans de travail\u00a0\u00bb<\/p>\n<p>De son enfance \u00e0 l\u2019\u00e2ge adulte, en passant par l\u2019adolescence, C\u00e9line Ziw\u00e8s a pu croiser quelques-uns de ces fant\u00f4mes.<strong> \u00ab\u00a0Tous ces non-dits cr\u00e9ent des trous dans nos constructions. On en remarque les effets qu\u2019en grandissant. \u00c7a a \u00e9t\u00e9 mon cas. Dans ce roman autobiographique, je raconte comment, en tant qu\u2019adulte, j\u2019ai ouvert la bo\u00eete de Pandore\u00a0\u00bb<\/strong>, explique la jeune artiste.<\/p>\n<p><strong>Lire aussi :<\/strong> <a href=\"https:\/\/rennes.maville.com\/actu\/actudet_--j-avais-envie-de-faire-de-bonnes-affaires-pres-de-rennes-la-fete-du-livre-attire-les-curieux-_7-6772430_actu.Htm\" target=\"_blank\" rel=\"noopener\">\u00ab J\u2019avais envie de faire de bonnes affaires \u00bb : pr\u00e8s de Rennes, la F\u00eate du livre attire les curieux<\/a><\/p>\n<p>Des violences sexistes en passant par les fausses couches, les incestes, mais aussi le passage au coll\u00e8ge, l\u2019acceptation d\u2019un corps qui change, ainsi que du lourd pass\u00e9 de ces grands-parents de confession juive jamais racont\u00e9. Pendant <strong>\u00ab\u00a0sept ann\u00e9es de travail\u00a0\u00bb<\/strong>, C\u00e9line Ziw\u00e8s a tout pass\u00e9 en revue pour dessiner les 356\u00a0pages de ce premier ouvrage. <strong>\u00ab\u00a0Aquarelle, gravure, cyanotype, collage,\u00a0etc. J\u2019utilise plusieurs techniques. Chaque planche a \u00e9t\u00e9 r\u00e9alis\u00e9e \u00e0 la main, puis scann\u00e9e<\/strong> <strong>,<\/strong> liste la jeune illustratrice. <strong>Cette accumulation de couches de travail symbolise bien l\u2019importance de soigner ces histoires sinon \u00e7a s\u2019entrave\u2026\u00a0\u00bb<\/strong><\/p>\n<p>\u00ab\u00a0Lib\u00e9r\u00e9es de tout fant\u00f4me\u00a0\u00bb<\/p>\n<p>Sur certaines de ses planches, <a href=\"https:\/\/rennes.maville.com\/actu\/actudet_--j-ai-toujours-aime-l-envers-du-decor-cette-artiste-embarque-dans-la-genese-de-la-creation-_7-6668386_actu.Htm\" target=\"_blank\" rel=\"noopener\">expos\u00e9es \u00e0 la Maison du livre de B\u00e9cherel jusqu\u2019au 14\u00a0mai 2025<\/a>, on reconna\u00eet le centre de Rennes (Ille-et-Vilaine), o\u00f9 C\u00e9line Ziw\u00e8s d\u00e9barque au d\u00e9but des ann\u00e9es 2000 pour des \u00e9tudes de sciences politiques.<strong> \u00ab\u00a0A<\/strong> <strong>u printemps 2002, j\u2019\u00e9tais dans les manifestations antiracistes contre Le Pen \u00e0 l\u2019entre-deux tours, <\/strong>se souvient la jeune \u00e9tudiante qu\u2019elle \u00e9tait.<strong>\u00a0<\/strong> <strong>\u00c0 cette \u00e9poque, en partant de chez mes parents, j\u2019ai commenc\u00e9 \u00e0 vivre et \u00e0 travailler sur ces silences familiaux qui s\u2019\u00e9taient r\u00e9percut\u00e9s.\u00a0\u00bb <\/strong>Avec ce premier ouvrage, elle invite chacun \u00e0 plonger dans l\u2019histoire de son enfance et de ses anc\u00eatres. <strong>\u00ab\u00a0Le livre est d\u00e9di\u00e9 \u00e0 mes deux filles, \u00e2g\u00e9es de 16 et 13\u00a0ans, afin qu\u2019elles se sentent libres et lib\u00e9r\u00e9es de tout fant\u00f4me\u00a0\u00bb<\/strong>, conclut l\u2019autrice.<\/p>\n<p><strong>Samedi 26\u00a0avril 2025<\/strong>, de 15\u00a0h \u00e0 20\u00a0h\u00a030, au 23,\u00a0rue de la Parcheminerie, \u00e0 Rennes. Rencontre et d\u00e9dicaces. Prix du livre, publi\u00e9 en auto-\u00e9dition\u00a0: 35\u00a0\u20ac.<\/p>\n<p>\u00a0<\/p>\n","protected":false},"excerpt":{"rendered":"\u00ab\u00a0Des traumatismes existent dans toutes les familles\u00a0! Il y a ceux dont on parle et ceux dont on&hellip;\n","protected":false},"author":2,"featured_media":50631,"comment_status":"","ping_status":"","sticky":false,"template":"","format":"standard","meta":{"footnotes":""},"categories":[2821],"tags":[1111,11,829,9728,1777,674,14339,14338,1011,27,14337,14340,12,14336,584,25,2004],"class_list":{"0":"post-50630","1":"post","2":"type-post","3":"status-publish","4":"format-standard","5":"has-post-thumbnail","7":"category-rennes","8":"tag-actu","9":"tag-actualites","10":"tag-bretagne","11":"tag-dedie","12":"tag-eu","13":"tag-europe","14":"tag-familiaux","15":"tag-fantomes","16":"tag-fr","17":"tag-france","18":"tag-graphique","19":"tag-liberer","20":"tag-news","21":"tag-rennaise","22":"tag-rennes","23":"tag-republique-francaise","24":"tag-roman"},"share_on_mastodon":{"url":"https:\/\/pubeurope.com\/@fr\/114396160582472389","error":""},"_links":{"self":[{"href":"https:\/\/www.europesays.com\/fr\/wp-json\/wp\/v2\/posts\/50630","targetHints":{"allow":["GET"]}}],"collection":[{"href":"https:\/\/www.europesays.com\/fr\/wp-json\/wp\/v2\/posts"}],"about":[{"href":"https:\/\/www.europesays.com\/fr\/wp-json\/wp\/v2\/types\/post"}],"author":[{"embeddable":true,"href":"https:\/\/www.europesays.com\/fr\/wp-json\/wp\/v2\/users\/2"}],"replies":[{"embeddable":true,"href":"https:\/\/www.europesays.com\/fr\/wp-json\/wp\/v2\/comments?post=50630"}],"version-history":[{"count":0,"href":"https:\/\/www.europesays.com\/fr\/wp-json\/wp\/v2\/posts\/50630\/revisions"}],"wp:featuredmedia":[{"embeddable":true,"href":"https:\/\/www.europesays.com\/fr\/wp-json\/wp\/v2\/media\/50631"}],"wp:attachment":[{"href":"https:\/\/www.europesays.com\/fr\/wp-json\/wp\/v2\/media?parent=50630"}],"wp:term":[{"taxonomy":"category","embeddable":true,"href":"https:\/\/www.europesays.com\/fr\/wp-json\/wp\/v2\/categories?post=50630"},{"taxonomy":"post_tag","embeddable":true,"href":"https:\/\/www.europesays.com\/fr\/wp-json\/wp\/v2\/tags?post=50630"}],"curies":[{"name":"wp","href":"https:\/\/api.w.org\/{rel}","templated":true}]}}