{"id":506303,"date":"2025-11-02T07:55:10","date_gmt":"2025-11-02T07:55:10","guid":{"rendered":"https:\/\/www.europesays.com\/fr\/506303\/"},"modified":"2025-11-02T07:55:10","modified_gmt":"2025-11-02T07:55:10","slug":"la-justice-sinteresse-aux-moisissures-et-aux-fissures-tres-prononcees-du-musee-picasso","status":"publish","type":"post","link":"https:\/\/www.europesays.com\/fr\/506303\/","title":{"rendered":"la justice s&rsquo;int\u00e9resse aux \u00ab\u00a0moisissures\u00a0\u00bb et aux \u00ab\u00a0fissures tr\u00e8s prononc\u00e9es\u00a0\u00bb du Mus\u00e9e Picasso"},"content":{"rendered":"<p>            Par<br \/>\n        <strong><br \/>\n            <a href=\"https:\/\/actu.fr\/auteur\/redaction-paris\" title=\"Consulter tous les articles de R\u00e9daction Paris\" target=\"_blank\" rel=\"noopener\">R\u00e9daction Paris<\/a><br \/>\n        <\/strong><\/p>\n<p>        Publi\u00e9 le<\/p>\n<p>            2 nov. 2025 \u00e0 8h12        <\/p>\n<p>L\u2019h\u00f4tel Sal\u00e9, rue de Thorigny, dans le 3e arrondissement de la capitale, qui abrite le <strong>Mus\u00e9e national Picasso-Paris<\/strong>, avait vu appara\u00eetre en 2016 des <strong>moisissures<\/strong> sur les menuiseries des fen\u00eatres des salles d\u2019expositions du 1er \u00e9tage et des fissures tr\u00e8s prononc\u00e9es dans le rev\u00eatement en \u00ab\u00a0terrazzo\u00a0\u00bb dans le hall d\u2019accueil et au sous-sol du mus\u00e9e. La direction de cet \u00e9difice du XVIIe si\u00e8cle, qui h\u00e9berge 5 000 \u0153uvres du peintre espagnol, avait obtenu en d\u00e9cembre 2024 du juge des r\u00e9f\u00e9r\u00e9s du <a href=\"https:\/\/actu.fr\/tag\/tribunal-administratif-de-paris\" target=\"_blank\" rel=\"noopener\">tribunal administratif de Paris<\/a> qu\u2019il ordonne une expertise pour d\u00e9terminer \u00ab\u00a0l\u2019origine et les causes\u00a0\u00bb de ces probl\u00e8mes qui pourraient \u00eatre en lien avec des travaux effectu\u00e9s quinze ans plus t\u00f4t, selon le mus\u00e9e. De \u00ab\u00a0nombreuses r\u00e9serves\u00a0\u00bb qui avaient \u00e9t\u00e9 pos\u00e9es lors de ces <a href=\"https:\/\/actu.fr\/tag\/travaux\" target=\"_blank\" rel=\"noopener\">travaux<\/a> n\u2019avaient en effet \u00ab\u00a0pas \u00e9t\u00e9 lev\u00e9es\u00a0\u00bb, selon l\u2019\u00e9tablissement.<\/p>\n<p>Une expertise men\u00e9e apr\u00e8s les travaux<\/p>\n<p class=\" wall-content\">\u00ab\u00a0Le Mus\u00e9e national Picasso-Paris a lanc\u00e9 en 2009 une phase de modernisation et de d\u00e9veloppement des espaces, portant sur des travaux de r\u00e9am\u00e9nagement de l\u2019h\u00f4tel Sal\u00e9, puis en 2011 sur la r\u00e9habilitation de l\u2019aile technique\u00a0\u00bb, expliquait ainsi le magistrat dans son ordonnance du 23 d\u00e9cembre 2024. Il avait donc jug\u00e9 cette demande d\u2019expertise \u00ab\u00a0utile\u00a0\u00bb, et un expert avait \u00e9t\u00e9 charg\u00e9 de proc\u00e9der \u00e0 un \u00ab\u00a0relev\u00e9 pr\u00e9cis et d\u00e9taill\u00e9\u00a0\u00bb des \u00ab\u00a0d\u00e9sordres\u00a0\u00bb et de donner un \u00ab\u00a0avis motiv\u00e9\u00a0\u00bb sur leurs \u00ab\u00a0causes et origines\u00a0\u00bb.<\/p>\n<p class=\" wall-content\">Le groupe Eiffage et son assureur avaient alors fait appel : \u00ab\u00a0aucun acte\u00a0\u00bb n\u2019\u00e9tait venu interrompre la \u00ab\u00a0prescription\u00a0\u00bb, qui lui semblait \u00ab\u00a0acquise\u00a0\u00bb. \u00ab\u00a0L\u2019expertise est d\u00e9pourvue d\u2019utilit\u00e9\u00a0\u00bb abondait le cabinet d\u2019architectes St\u00e9phane Thouin Architecture, sp\u00e9cialis\u00e9 dans les monuments historiques. Ce cabinet d\u2019Agen (Lot-et-Garonne) demandait donc 2 000 euros au mus\u00e9e Picasso pour ses frais d\u2019avocat. Son confr\u00e8re parisien Jean-Fran\u00e7ois Bodin, intervenu \u00e0 ses c\u00f4t\u00e9s, voulait quant \u00e0 lui 1 800 euros pour le m\u00eame motif.<\/p>\n<p class=\" wall-content\">Mais \u00ab\u00a0eu \u00e9gard non seulement \u00e0 la difficult\u00e9 de d\u00e9terminer en l\u2019\u00e9tat, avec une certitude absolue, si \u00e9tait acquise la prescription (\u2026) mais surtout \u00e0 la complexit\u00e9 du chantier et aux interactions possibles entre les travaux (\u2026), c\u2019est \u00e0 bon droit que (\u2026) le premier juge a fait l\u2019hypoth\u00e8se de l\u2019utilit\u00e9 d\u2019une mission d\u2019expertise\u00a0\u00bb, consid\u00e8re le juge des r\u00e9f\u00e9r\u00e9s de la cour administrative d\u2019appel de Paris dans une ordonnance en date du 3 octobre 2025 dans laquelle il d\u00e9boute les entreprises mises en cause.\u00a0<\/p>\n<p class=\" wall-content\">L\u2019architecte de Compi\u00e8gne (Oise) qui avait \u00e9t\u00e9 mandat\u00e9 en 2024 a depuis d\u00fb rendre son rapport : il avait jusqu\u2019au 13 juin 2025 pour le faire. Le tribunal administratif de Paris, r\u00e9uni en formation coll\u00e9giale, en tirera ses propres conclusions sur la responsabilit\u00e9 ou non des entreprises incrimin\u00e9es. Si celle-ci devait \u00eatre engag\u00e9e, alors les soci\u00e9t\u00e9s devront prendre \u00e0 leur charge les honoraires de cette expertise qui n\u2019\u00e9tait en tout \u00e9tat de cause pas \u00ab\u00a0d\u00e9pourvue d\u2019utilit\u00e9\u00a0\u00bb pour la justice.<\/p>\n<p class=\" wall-content\"><strong>GF\/PressPepper<\/strong><\/p>\n<p class=\" wall-content\">Personnalisez votre actualit\u00e9 en ajoutant vos villes et m\u00e9dias en favori avec <a href=\"https:\/\/moncompte.actu.fr\" title=\"D\u00e9couvez Mon Actu\" rel=\"nofollow noopener\" data-trk=\"{&quot;cta&quot;:{&quot;action&quot;:&quot;https:\\\/\\\/moncompte.actu.fr&quot;,&quot;category&quot;:&quot;mon compte&quot;,&quot;from&quot;:&quot;article footer&quot;,&quot;name&quot;:&quot;Mon actu&quot;,&quot;type&quot;:&quot;cta&quot;}}\" target=\"_blank\">Mon Actu<\/a>.<\/p>\n","protected":false},"excerpt":{"rendered":"Par R\u00e9daction Paris Publi\u00e9 le 2 nov. 2025 \u00e0 8h12 L\u2019h\u00f4tel Sal\u00e9, rue de Thorigny, dans le 3e&hellip;\n","protected":false},"author":2,"featured_media":506304,"comment_status":"","ping_status":"","sticky":false,"template":"","format":"standard","meta":{"footnotes":""},"categories":[1888],"tags":[1111,1928,11,1927,1777,674,1011,27,303,12,1926,626,1925,2551,25,104,22321],"class_list":{"0":"post-506303","1":"post","2":"type-post","3":"status-publish","4":"format-standard","5":"has-post-thumbnail","7":"category-paris","8":"tag-actu","9":"tag-actu-paris","10":"tag-actualites","11":"tag-actualites-paris","12":"tag-eu","13":"tag-europe","14":"tag-fr","15":"tag-france","16":"tag-justice","17":"tag-news","18":"tag-news-paris","19":"tag-paris","20":"tag-paris-news","21":"tag-patrimoine","22":"tag-republique-francaise","23":"tag-societe","24":"tag-tribunal-administratif-de-paris"},"share_on_mastodon":{"url":"https:\/\/pubeurope.com\/@fr\/115479034322350326","error":""},"_links":{"self":[{"href":"https:\/\/www.europesays.com\/fr\/wp-json\/wp\/v2\/posts\/506303","targetHints":{"allow":["GET"]}}],"collection":[{"href":"https:\/\/www.europesays.com\/fr\/wp-json\/wp\/v2\/posts"}],"about":[{"href":"https:\/\/www.europesays.com\/fr\/wp-json\/wp\/v2\/types\/post"}],"author":[{"embeddable":true,"href":"https:\/\/www.europesays.com\/fr\/wp-json\/wp\/v2\/users\/2"}],"replies":[{"embeddable":true,"href":"https:\/\/www.europesays.com\/fr\/wp-json\/wp\/v2\/comments?post=506303"}],"version-history":[{"count":0,"href":"https:\/\/www.europesays.com\/fr\/wp-json\/wp\/v2\/posts\/506303\/revisions"}],"wp:featuredmedia":[{"embeddable":true,"href":"https:\/\/www.europesays.com\/fr\/wp-json\/wp\/v2\/media\/506304"}],"wp:attachment":[{"href":"https:\/\/www.europesays.com\/fr\/wp-json\/wp\/v2\/media?parent=506303"}],"wp:term":[{"taxonomy":"category","embeddable":true,"href":"https:\/\/www.europesays.com\/fr\/wp-json\/wp\/v2\/categories?post=506303"},{"taxonomy":"post_tag","embeddable":true,"href":"https:\/\/www.europesays.com\/fr\/wp-json\/wp\/v2\/tags?post=506303"}],"curies":[{"name":"wp","href":"https:\/\/api.w.org\/{rel}","templated":true}]}}