{"id":506307,"date":"2025-11-02T07:57:09","date_gmt":"2025-11-02T07:57:09","guid":{"rendered":"https:\/\/www.europesays.com\/fr\/506307\/"},"modified":"2025-11-02T07:57:09","modified_gmt":"2025-11-02T07:57:09","slug":"qui-a-assassine-mehdi-ben-barka-enleve-devant-la-celebre-brasserie-lipp-en-1965","status":"publish","type":"post","link":"https:\/\/www.europesays.com\/fr\/506307\/","title":{"rendered":"qui a assassin\u00e9 Mehdi Ben Barka, enlev\u00e9 devant la c\u00e9l\u00e8bre brasserie Lipp en 1965\u00a0?"},"content":{"rendered":"<p>            Par<br \/>\n        <strong><br \/>\n            <a href=\"https:\/\/actu.fr\/auteur\/thomas-martin\" title=\"Consulter tous les articles de Thomas Martin\" target=\"_blank\" rel=\"noopener\">Thomas Martin<\/a><br \/>\n        <\/strong><\/p>\n<p>        Publi\u00e9 le<\/p>\n<p>            2 nov. 2025 \u00e0 7h52        <\/p>\n<p>La fin d\u2019un long myst\u00e8re ? Soixante ans apr\u00e8s l\u2019enl\u00e8vement \u00e0 Paris, le 29 octobre 1965, devant la <a href=\"https:\/\/actu.fr\/ile-de-france\/paris_75056\/paris-connaissez-vous-cette-brasserie-incontournable-de-saint-germain-des-pres_60620034.html\" target=\"_blank\" rel=\"noopener\">brasserie Lipp<\/a>, de Mehdi Ben Barka, un opposant au roi du Maroc, deux journalistes ont men\u00e9 l\u2019enqu\u00eate pour recr\u00e9er heure par heure la disparition et la mort de Mehdi Ben Barka et \u00e9tablir la cha\u00eene de responsabilit\u00e9s. Dans \u00ab\u00a0L\u2019Affaire Ben Barka, la fin des secrets\u00a0\u00bb, paru cette semaine chez Grasset, ils affirment que l\u2019affaire Ben Barka est \u00ab\u00a0une triangulation de conflits d\u2019int\u00e9r\u00eat entre la France, le Maroc et Isra\u00ebl\u00a0\u00bb.\u00a0<\/p>\n<p>De multiples rebondissements<\/p>\n<p class=\" wall-content\">Pour cette enqu\u00eate men\u00e9e durant cinq ans, les journalistes Stephen Smith, sp\u00e9cialiste de l\u2019Afrique, et Ronen Bergman, du New York Times et auteur de plusieurs ouvrages sur les services secrets, ont eu acc\u00e8s \u00e0 des \u00ab\u00a0archives confidentielles\u00a0\u00bb, notamment isra\u00e9liennes.<\/p>\n<p class=\" wall-content\">Les auteurs mettent \u00e0 jour les multiples rebondissements de cette affaire qui, reconnaissent-ils, est, \u00ab\u00a0pour les jeunes g\u00e9n\u00e9rations, une lecture interdite par sa complexit\u00e9\u00a0\u00bb. Car \u00ab\u00a0le nombre d\u2019acteurs \u00a0\u2013 les premiers et les seconds r\u00f4les, les figurants restant anonymes \u2013 rivalisent ais\u00e9ment avec le nombre de personnages dans \u2018Guerre et paix&rsquo;\u00a0\u00bb, le roman fleuve de L\u00e9on Tolsto\u00ef.<\/p>\n<p>Le roi du Maroc Hassan II\u00a0 \u00e0 la manoeuvre ?\u00a0<\/p>\n<p class=\" wall-content\">Figure de proue du mouvement anticolonialiste, Mehdi Ben Barka, 45 ans, a \u00e9t\u00e9 enlev\u00e9 le 29 octobre 1965 devant la brasserie Lipp \u00e0 Paris, avant d\u2019\u00eatre cach\u00e9 et de mourir noy\u00e9, la t\u00eate plong\u00e9e dans une baignoire remplie, d\u00e9taillent-ils dans le livre.<\/p>\n<p class=\" wall-content\">Son corps n\u2019a jamais \u00e9t\u00e9 retrouv\u00e9. Il aurait \u00e9t\u00e9 enterr\u00e9 dans une for\u00eat de la r\u00e9gion parisienne, indiquent les auteurs sur la base de t\u00e9moignages.<\/p>\n<p class=\" wall-content\">Selon Stephen Smith et Ronen Bergman, cette disparition a \u00e9t\u00e9 men\u00e9e sur ordre du roi Hassan II par des agents marocains aid\u00e9s de truands parisiens, avec le soutien des services secrets isra\u00e9liens et la bienveillance de hauts responsables fran\u00e7ais, ce qui a provoqu\u00e9 la col\u00e8re du pr\u00e9sident de l\u2019\u00e9poque, le g\u00e9n\u00e9ral de Gaulle.<\/p>\n<p class=\" wall-content\">Un premier proc\u00e8s en 1967 avait d\u00e9j\u00e0 permis d\u2019\u00e9tablir que l\u2019enl\u00e8vement avait \u00e9t\u00e9 planifi\u00e9 par les services secrets marocains avec la complicit\u00e9 de policiers et de truands fran\u00e7ais. Mais l\u2019affaire n\u2019avait pas \u00e9t\u00e9 totalement \u00e9lucid\u00e9e.<\/p>\n<p>Votre r\u00e9gion, votre actu !<\/p>\n<p>Recevez chaque jour les infos qui comptent pour vous.<\/p>\n<p>\t<a href=\"https:\/\/actu.fr\/newsletter\" class=\"ac-btn ac-btn--corner ac-btn--medium ac-btn--blue800\" target=\"_blank\" rel=\"noopener\">S&rsquo;incrire<\/a><\/p>\n<p class=\" wall-content\">L\u2019enqu\u00eate, pr\u00e9sent\u00e9e comme la plus ancienne de France, n\u2019est pas close. La juge d\u2019instruction a auditionn\u00e9 en juillet le fils de l\u2019opposant, <a href=\"https:\/\/actu.fr\/pays-de-la-loire\/pornichet_44132\/affaire-ben-barka-le-combat-dun-fils-pour-la-verite-sur-la-disparition-de-son-pere-il-y-a-60-ans_63363407.html\" target=\"_blank\" rel=\"noopener\">Bachir Ben Barka<\/a>, qui a dit esp\u00e9rer de prochaines \u00ab\u00a0avanc\u00e9es\u00a0\u00bb.<\/p>\n<p class=\" wall-content\"><strong>AFP<\/strong><\/p>\n<p class=\" wall-content\">Personnalisez votre actualit\u00e9 en ajoutant vos villes et m\u00e9dias en favori avec <a href=\"https:\/\/moncompte.actu.fr\" title=\"D\u00e9couvez Mon Actu\" rel=\"nofollow noopener\" data-trk=\"{&quot;cta&quot;:{&quot;action&quot;:&quot;https:\\\/\\\/moncompte.actu.fr&quot;,&quot;category&quot;:&quot;mon compte&quot;,&quot;from&quot;:&quot;article footer&quot;,&quot;name&quot;:&quot;Mon actu&quot;,&quot;type&quot;:&quot;cta&quot;}}\" target=\"_blank\">Mon Actu<\/a>.<\/p>\n","protected":false},"excerpt":{"rendered":"Par Thomas Martin Publi\u00e9 le 2 nov. 2025 \u00e0 7h52 La fin d\u2019un long myst\u00e8re ? Soixante ans&hellip;\n","protected":false},"author":2,"featured_media":506308,"comment_status":"","ping_status":"","sticky":false,"template":"","format":"standard","meta":{"footnotes":""},"categories":[1888],"tags":[11,1777,674,118,1011,27,937,303,777,12,626,25],"class_list":{"0":"post-506307","1":"post","2":"type-post","3":"status-publish","4":"format-standard","5":"has-post-thumbnail","7":"category-paris","8":"tag-actualites","9":"tag-eu","10":"tag-europe","11":"tag-faits-divers","12":"tag-fr","13":"tag-france","14":"tag-histoire","15":"tag-justice","16":"tag-meurtre","17":"tag-news","18":"tag-paris","19":"tag-republique-francaise"},"share_on_mastodon":{"url":"https:\/\/pubeurope.com\/@fr\/115479042086256623","error":""},"_links":{"self":[{"href":"https:\/\/www.europesays.com\/fr\/wp-json\/wp\/v2\/posts\/506307","targetHints":{"allow":["GET"]}}],"collection":[{"href":"https:\/\/www.europesays.com\/fr\/wp-json\/wp\/v2\/posts"}],"about":[{"href":"https:\/\/www.europesays.com\/fr\/wp-json\/wp\/v2\/types\/post"}],"author":[{"embeddable":true,"href":"https:\/\/www.europesays.com\/fr\/wp-json\/wp\/v2\/users\/2"}],"replies":[{"embeddable":true,"href":"https:\/\/www.europesays.com\/fr\/wp-json\/wp\/v2\/comments?post=506307"}],"version-history":[{"count":0,"href":"https:\/\/www.europesays.com\/fr\/wp-json\/wp\/v2\/posts\/506307\/revisions"}],"wp:featuredmedia":[{"embeddable":true,"href":"https:\/\/www.europesays.com\/fr\/wp-json\/wp\/v2\/media\/506308"}],"wp:attachment":[{"href":"https:\/\/www.europesays.com\/fr\/wp-json\/wp\/v2\/media?parent=506307"}],"wp:term":[{"taxonomy":"category","embeddable":true,"href":"https:\/\/www.europesays.com\/fr\/wp-json\/wp\/v2\/categories?post=506307"},{"taxonomy":"post_tag","embeddable":true,"href":"https:\/\/www.europesays.com\/fr\/wp-json\/wp\/v2\/tags?post=506307"}],"curies":[{"name":"wp","href":"https:\/\/api.w.org\/{rel}","templated":true}]}}