{"id":506311,"date":"2025-11-02T07:59:11","date_gmt":"2025-11-02T07:59:11","guid":{"rendered":"https:\/\/www.europesays.com\/fr\/506311\/"},"modified":"2025-11-02T07:59:11","modified_gmt":"2025-11-02T07:59:11","slug":"guerre-en-ukraine-60-000-foyers-prives-delectricite-pres-de-de-zaporijjia-la-russie-cible-les-sources-denergie-a-lapproche-de-lhiver","status":"publish","type":"post","link":"https:\/\/www.europesays.com\/fr\/506311\/","title":{"rendered":"Guerre en Ukraine\u00a0: 60\u00a0000 foyers priv\u00e9s d\u2019\u00e9lectricit\u00e9 pr\u00e8s de de Zaporijjia, la Russie cible les sources d\u2019\u00e9nergie \u00e0 l\u2019approche de l\u2019hiver"},"content":{"rendered":"<p>\n                                                                Il faut que la situation s\u00e9curitaire soit r\u00e9tablie pour r\u00e9parer le courant.\n                            <\/p>\n<p>Pr\u00e8s de 60\u00a0000 personnes \u00e9taient priv\u00e9es d\u2019\u00e9lectricit\u00e9 apr\u00e8s une attaque russe men\u00e9e dans la nuit de samedi \u00e0 dimanche dans la r\u00e9gion de Zaporijjia, dans le sud-est de l\u2019Ukraine, a d\u00e9clar\u00e9 le gouverneur de la r\u00e9gion, Ivan Fedorov.<\/p>\n<p>\u00ab\u00a0Le courant sera r\u00e9tabli d\u00e8s que la situation s\u00e9curitaire le permettra\u00a0\u00bb, a dit Ivan Fedorov sur Telegram, ajoutant que deux personnes avaient \u00e9t\u00e9 bless\u00e9es dans l\u2019attaque. La Russie a intensifi\u00e9 ses attaques contre les infrastructures \u00e9nerg\u00e9tiques ukrainiennes \u00e0 l\u2019approche de l\u2019hiver.<\/p>\n<p>La Russie a \u00e9galement d\u00e9clar\u00e9 samedi que des soldats ukrainiens encercl\u00e9s \u00e0 Pokrovsk, attaqu\u00e9e depuis des mois par les forces russes dans l\u2019oblast de Donetsk (est), avaient commenc\u00e9 \u00e0 se rendre, l\u2019Ukraine assurant au contraire que ses forces avaient am\u00e9lior\u00e9 leurs positions tactiques dans la ville. Selon l\u2019arm\u00e9e ukrainienne, la situation \u00e0 Pokrovsk reste \u00ab\u00a0difficile et \u00e9volutive\u00a0\u00bb mais ses troupes sont parvenues par des contre-attaques \u00e0 am\u00e9liorer leur \u00ab\u00a0position tactique\u00a0\u00bb dans plusieurs quartiers. \u00ab\u00a0Nous tenons Pokrovsk\u00a0\u00bb, a d\u00e9clar\u00e9 le chef d\u2019\u00e9tat-major de l\u2019arm\u00e9e ukrainienne, Oleksandr Syrskyi, sur Facebook.<\/p>\n","protected":false},"excerpt":{"rendered":"Il faut que la situation s\u00e9curitaire soit r\u00e9tablie pour r\u00e9parer le courant. Pr\u00e8s de 60\u00a0000 personnes \u00e9taient priv\u00e9es&hellip;\n","protected":false},"author":2,"featured_media":506312,"comment_status":"","ping_status":"","sticky":false,"template":"","format":"standard","meta":{"footnotes":""},"categories":[1591],"tags":[11,1887,12,1885,1886,132],"class_list":{"0":"post-506311","1":"post","2":"type-post","3":"status-publish","4":"format-standard","5":"has-post-thumbnail","7":"category-russie","8":"tag-actualites","9":"tag-federation-de-russie","10":"tag-news","11":"tag-russia","12":"tag-russian-federation","13":"tag-russie"},"share_on_mastodon":{"url":"https:\/\/pubeurope.com\/@fr\/115479049952328364","error":""},"_links":{"self":[{"href":"https:\/\/www.europesays.com\/fr\/wp-json\/wp\/v2\/posts\/506311","targetHints":{"allow":["GET"]}}],"collection":[{"href":"https:\/\/www.europesays.com\/fr\/wp-json\/wp\/v2\/posts"}],"about":[{"href":"https:\/\/www.europesays.com\/fr\/wp-json\/wp\/v2\/types\/post"}],"author":[{"embeddable":true,"href":"https:\/\/www.europesays.com\/fr\/wp-json\/wp\/v2\/users\/2"}],"replies":[{"embeddable":true,"href":"https:\/\/www.europesays.com\/fr\/wp-json\/wp\/v2\/comments?post=506311"}],"version-history":[{"count":0,"href":"https:\/\/www.europesays.com\/fr\/wp-json\/wp\/v2\/posts\/506311\/revisions"}],"wp:featuredmedia":[{"embeddable":true,"href":"https:\/\/www.europesays.com\/fr\/wp-json\/wp\/v2\/media\/506312"}],"wp:attachment":[{"href":"https:\/\/www.europesays.com\/fr\/wp-json\/wp\/v2\/media?parent=506311"}],"wp:term":[{"taxonomy":"category","embeddable":true,"href":"https:\/\/www.europesays.com\/fr\/wp-json\/wp\/v2\/categories?post=506311"},{"taxonomy":"post_tag","embeddable":true,"href":"https:\/\/www.europesays.com\/fr\/wp-json\/wp\/v2\/tags?post=506311"}],"curies":[{"name":"wp","href":"https:\/\/api.w.org\/{rel}","templated":true}]}}