{"id":506315,"date":"2025-11-02T08:01:10","date_gmt":"2025-11-02T08:01:10","guid":{"rendered":"https:\/\/www.europesays.com\/fr\/506315\/"},"modified":"2025-11-02T08:01:10","modified_gmt":"2025-11-02T08:01:10","slug":"donald-trump-menace-le-nigeria-dune-action-militaire-accusant-le-pays-de-tolerer-les-meurtres-de-chretiens","status":"publish","type":"post","link":"https:\/\/www.europesays.com\/fr\/506315\/","title":{"rendered":"Donald Trump menace le Nigeria d&rsquo;une action militaire, accusant le pays de \u00ab\u00a0tol\u00e9rer les meurtres de chr\u00e9tiens\u00a0\u00bb"},"content":{"rendered":"<p>Donald Trump a menac\u00e9 samedi le Nigeria d&rsquo;une intervention militaire n&rsquo;arr\u00eatait pas ce que le pr\u00e9sident am\u00e9ricain pr\u00e9sente comme des \u00ab\u00a0meurtres de chr\u00e9tiens\u00a0\u00bb.<\/p>\n<p><a href=\"https:\/\/www.bfmtv.com\/international\/asie\/russie\/guerre-en-ukraine-la-russie-estime-qu-une-rencontre-poutine-trump-n-est-pour-le-moment-pas-necessaire-et-plaide-pour-la-diplomatie_AD-202511020084.html\" title=\"Guerre en Ukraine: la Russie estime qu&#039;une rencontre Poutine-Trump n&#039;est &quot;pour le moment pas n\u00e9cessaire&quot; et plaide pour la diplomatie\" class=\"internal_link\" rel=\"nofollow noopener\" target=\"_blank\">Donald Trump<\/a> a menac\u00e9 samedi le Nigeria d&rsquo;une intervention militaire si le pays le plus peupl\u00e9 d&rsquo;Afrique n&rsquo;arr\u00eatait pas ce que le pr\u00e9sident am\u00e9ricain pr\u00e9tend \u00eatre des \u00ab\u00a0meurtres de chr\u00e9tiens\u00a0\u00bb par des \u00ab\u00a0terroristes islamistes\u00a0\u00bb, des accusations d\u00e9menties par Abuja.<\/p>\n<p>Ces menaces interviennent apr\u00e8s des mois de lobbying de la part d&rsquo;\u00e9lus am\u00e9ricains conservateurs qui estiment que les chr\u00e9tiens y font face \u00e0 un \u00ab\u00a0g\u00e9nocide\u00a0\u00bb. Ces accusations ont \u00e9galement \u00e9t\u00e9 relay\u00e9es par des associations chr\u00e9tiennes et \u00e9vang\u00e9liques et ont trouv\u00e9 un \u00e9cho aupr\u00e8s de responsables politiques europ\u00e9ens d&rsquo;extr\u00eame droite, bien qu&rsquo;elles soient mises en doute par des experts.<\/p>\n<p>\u00ab\u00a0Une \u00e9ventuelle action\u00a0\u00bb<\/p>\n<p>\u00ab\u00a0Si le gouvernement nig\u00e9rian continue de tol\u00e9rer les meurtres de chr\u00e9tiens, les Etats-Unis cesseront imm\u00e9diatement toute aide au Nigeria, et pourraient tr\u00e8s bien aller dans ce pays d\u00e9sormais d\u00e9shonor\u00e9 en d\u00e9fouraillant \u00e0 tout-va, pour an\u00e9antir compl\u00e8tement les terroristes islamistes qui commettent ces atrocit\u00e9s horribles\u00a0\u00bb, a tonn\u00e9 le pr\u00e9sident am\u00e9ricain sur sa plateforme Truth Social.<\/p>\n<p>\u00ab\u00a0J&rsquo;ordonne au minist\u00e8re de la Guerre de se pr\u00e9parer \u00e0 une \u00e9ventuelle action\u00a0\u00bb, a-t-il ajout\u00e9, intimant le Nigeria d'\u00a0\u00bbagir vite\u00a0\u00bb. Le ministre de la D\u00e9fense Pete Hegseth a ensuite assur\u00e9 sur X que le Pentagone \u00ab\u00a0se pr\u00e9pare \u00e0 passer \u00e0 l&rsquo;action\u00a0\u00bb: \u00ab\u00a0Soit le gouvernement nig\u00e9rian prot\u00e8ge les chr\u00e9tiens, soit nous tuerons les terroristes islamiques qui commettent ces atrocit\u00e9s horribles\u00a0\u00bb.<\/p>\n<p>Le Nigeria est min\u00e9 par des probl\u00e8mes s\u00e9curitaires. La r\u00e9gion nord-est est un foyer de l&rsquo;insurrection jihadiste Boko Haram, qui a fait plus de 40.000 morts et d\u00e9plac\u00e9 plus de deux millions de personnes depuis 2009, selon les estimations des Nations unies.<\/p>\n<p>Vendredi, Donald Trump avait inscrit le pays sur la liste des pays \u00ab\u00a0particuli\u00e8rement pr\u00e9occupants\u00a0\u00bb (\u00ab\u00a0Country of Particular Concern\u00a0\u00bb, CPC) en mati\u00e8re de libert\u00e9 religieuse, estimant que \u00ab\u00a0le christianisme (y) est confront\u00e9 \u00e0 une menace existentielle\u00a0\u00bb. \u00ab\u00a0Lorsque des chr\u00e9tiens, ou tout autre groupe, sont massacr\u00e9s comme c&rsquo;est le cas au Nigeria (3.100 contre 4.476 dans le monde), il faut agir !\u00a0\u00bb, avait-il martel\u00e9, sans pr\u00e9ciser d&rsquo;o\u00f9 venaient ces chiffres.<\/p>\n<p>Affrontements et enl\u00e8vements<\/p>\n<p>\u00ab\u00a0La caract\u00e9risation du Nigeria comme un pays intol\u00e9rant sur le plan religieux ne refl\u00e8te pas notre r\u00e9alit\u00e9 nationale\u00a0\u00bb, a r\u00e9agi samedi sur X son pr\u00e9sident Bola Tinubu, avant les menaces d&rsquo;interventions militaires.<\/p>\n<p>Le Nigeria est divis\u00e9 de mani\u00e8re presque \u00e9gale entre un nord \u00e0 majorit\u00e9 musulmane et un sud majoritairement chr\u00e9tien. Dans le nord-est, Boko Haram et son groupe dissident, la Province d&rsquo;Afrique de l&rsquo;Ouest de l&rsquo;\u00c9tat islamique (ISWAP), sont toujours actifs bien qu&rsquo;affaiblis par rapport \u00e0 il y a quelques ann\u00e9es.<\/p>\n<p>Dans le centre du pays, les affrontements meurtriers entre les \u00e9leveurs peuls, principalement musulmans, et les agriculteurs, souvent chr\u00e9tiens, sont r\u00e9currents et souvent pr\u00e9sent\u00e9s comme des conflits inter-religieux alors qu&rsquo;ils trouvent en g\u00e9n\u00e9ral leurs racines dans la comp\u00e9tition pour l&rsquo;acc\u00e8s aux terres.<\/p>\n<p>Dans le nord-ouest, des gangs criminels &#8211; appel\u00e9s localement \u00ab\u00a0bandits\u00a0\u00bb &#8211; terrorisent les communaut\u00e9s en attaquant des villages, tuant et kidnappant pour obtenir des ran\u00e7ons et incendiant des maisons apr\u00e8s les avoir pill\u00e9es.<\/p>\n<p>Mi-octobre, le conseiller pour l&rsquo;Afrique de Donald Trump, Massad Boulos, install\u00e9 au Nigeria depuis plusieurs d\u00e9cennies, a affirm\u00e9 que les jihadistes tuaient \u00ab\u00a0plus de musulmans que de chr\u00e9tiens\u00a0\u00bb.<\/p>\n<p>Cette fervente d\u00e9fense des chr\u00e9tiens nig\u00e9rians fait \u00e9cho aux positions de Donald Trump concernant les Afrikaners, descendants des premiers colons europ\u00e9ens en Afrique du Sud. Le pr\u00e9sident r\u00e9publicain a \u00e9voqu\u00e9 \u00e0 plusieurs reprises un pr\u00e9tendu \u00ab\u00a0g\u00e9nocide\u00a0\u00bb \u00e0 leur encontre et accord\u00e9 le statut de r\u00e9fugi\u00e9 \u00e0 cette minorit\u00e9 blanche, dont \u00e9taient issus les dirigeants du r\u00e9gime s\u00e9gr\u00e9gationniste de l&rsquo;apartheid, qui a priv\u00e9 la population noire &#8211; tr\u00e8s majoritaire &#8211; de la plupart de ses droits de 1948 jusqu&rsquo;au d\u00e9but des ann\u00e9es 1990.<\/p>\n","protected":false},"excerpt":{"rendered":"Donald Trump a menac\u00e9 samedi le Nigeria d&rsquo;une intervention militaire n&rsquo;arr\u00eatait pas ce que le pr\u00e9sident am\u00e9ricain pr\u00e9sente&hellip;\n","protected":false},"author":2,"featured_media":506316,"comment_status":"","ping_status":"","sticky":false,"template":"","format":"standard","meta":{"footnotes":""},"categories":[1589],"tags":[11,73,1866,12,1864,1865,1863,308],"class_list":{"0":"post-506315","1":"post","2":"type-post","3":"status-publish","4":"format-standard","5":"has-post-thumbnail","7":"category-etats-unis","8":"tag-actualites","9":"tag-etats-unis","10":"tag-etats-unis-damerique","11":"tag-news","12":"tag-united-states","13":"tag-united-states-of-america","14":"tag-us","15":"tag-usa"},"share_on_mastodon":{"url":"https:\/\/pubeurope.com\/@fr\/115479057860614951","error":""},"_links":{"self":[{"href":"https:\/\/www.europesays.com\/fr\/wp-json\/wp\/v2\/posts\/506315","targetHints":{"allow":["GET"]}}],"collection":[{"href":"https:\/\/www.europesays.com\/fr\/wp-json\/wp\/v2\/posts"}],"about":[{"href":"https:\/\/www.europesays.com\/fr\/wp-json\/wp\/v2\/types\/post"}],"author":[{"embeddable":true,"href":"https:\/\/www.europesays.com\/fr\/wp-json\/wp\/v2\/users\/2"}],"replies":[{"embeddable":true,"href":"https:\/\/www.europesays.com\/fr\/wp-json\/wp\/v2\/comments?post=506315"}],"version-history":[{"count":0,"href":"https:\/\/www.europesays.com\/fr\/wp-json\/wp\/v2\/posts\/506315\/revisions"}],"wp:featuredmedia":[{"embeddable":true,"href":"https:\/\/www.europesays.com\/fr\/wp-json\/wp\/v2\/media\/506316"}],"wp:attachment":[{"href":"https:\/\/www.europesays.com\/fr\/wp-json\/wp\/v2\/media?parent=506315"}],"wp:term":[{"taxonomy":"category","embeddable":true,"href":"https:\/\/www.europesays.com\/fr\/wp-json\/wp\/v2\/categories?post=506315"},{"taxonomy":"post_tag","embeddable":true,"href":"https:\/\/www.europesays.com\/fr\/wp-json\/wp\/v2\/tags?post=506315"}],"curies":[{"name":"wp","href":"https:\/\/api.w.org\/{rel}","templated":true}]}}