{"id":506317,"date":"2025-11-02T08:02:19","date_gmt":"2025-11-02T08:02:19","guid":{"rendered":"https:\/\/www.europesays.com\/fr\/506317\/"},"modified":"2025-11-02T08:02:19","modified_gmt":"2025-11-02T08:02:19","slug":"dix-blesses-deux-suspects-interpelles-ce-que-lon-sait-de-lattaque-a-larme-blanche-dans-un-train-qui-allait-a-londres","status":"publish","type":"post","link":"https:\/\/www.europesays.com\/fr\/506317\/","title":{"rendered":"Dix bless\u00e9s, deux suspects interpell\u00e9s\u2026 Ce que l\u2019on sait de l\u2019attaque \u00e0 l\u2019arme blanche dans un train qui allait \u00e0 Londres"},"content":{"rendered":"<p class=\"paragraph text_align_left lp-f-body-02\">Quinze minutes d\u2019horreur. Une attaque \u00e0 l\u2019arme blanche samedi 1er novembre <a href=\"https:\/\/www.leparisien.fr\/faits-divers\/grande-bretagne-attaque-a-larme-blanche-contre-plusieurs-personnes-a-bord-dun-train-deux-interpelles-01-11-2025-EHEIUPRCMVAJNFONACD2SWAAEA.php\" target=\"_self\" rel=\"nofollow noopener\">a fait au moins dix bless\u00e9s, dont neuf graves<\/a>, dans un train parti de Doncaster \u00e0 18h25 en direction de Londres, dans l\u2019est de l\u2019Angleterre. Les forces de l\u2019ordre ont \u00e9t\u00e9 alert\u00e9es d\u2019un incident vers 19h40 locales (20h40 \u00e0 Paris) et sont intervenues en garde d\u2019Huntingdon, non loin de la ville universitaire de Cambridge. Le Parisien fait le point sur la situation.<\/p>\n<p>\u00ab Fuyez ! Il y a un homme qui poignarde tout le monde \u00bb<\/p>\n<p class=\"paragraph text_align_left lp-f-body-02\">Olly Foster, <a href=\"https:\/\/www.bbc.com\/news\/live\/cm2zvjx1z14t\" target=\"_self\" rel=\"nofollow noopener\">cit\u00e9 par la BBC<\/a>, a d\u2019abord cru \u00e0 une plaisanterie au lendemain d\u2019Halloween quand il a entendu des passagers crier \u00ab Fuyez ! Il y a un homme qui poignarde tout le monde \u00bb. Une sorte de mouvement de foule a eu lieu \u00e0 bord, raconte ce t\u00e9moin qui d\u00e9crit des si\u00e8ges \u00ab couverts de sang \u00bb. <a href=\"https:\/\/www.thetimes.com\/\" target=\"_self\" rel=\"nofollow noopener\">Aupr\u00e8s du Times<\/a>, des t\u00e9moins expliquent que des passagers se sont cach\u00e9s dans les toilettes du train pour se prot\u00e9ger.<\/p>\n<p class=\"paragraph text_align_left lp-f-body-02\">Selon Olly Foster, un homme s\u2019est interpos\u00e9 face \u00e0 l\u2019assaillant pour prot\u00e9ger une jeune fille et a \u00e9t\u00e9 bless\u00e9 \u00e0 la t\u00eate et au cou. Les passagers autour de cet individu ont utilis\u00e9 leurs vestes pour tenter de stopper le saignement, raconte le t\u00e9moin. Bien que les faits n\u2019aient dur\u00e9 que 10 \u00e0 15 minutes, Olly Foster d\u00e9crit un incident qui \u00ab semblait ne jamais devoir se terminer \u00bb.<\/p>\n<p class=\"paragraph text_align_left lp-f-body-02\">Wren Chambers elle aussi a cru \u00e0 une plaisanterie li\u00e9e \u00e0 Halloween. Mais quand elle a vu \u00ab un homme bless\u00e9 \u00e0 la main \u00bb, elle et les autres passagers de son wagon se sont rapidement d\u00e9plac\u00e9s dans le train : \u00ab Nous \u00e9tions tous entass\u00e9s \u00bb. Elle aussi indique qu\u2019un homme aurait \u00e9t\u00e9 \u00ab poignard\u00e9 \u00bb au niveau du cou.<\/p>\n<p>Dix bless\u00e9s, dont neuf graves<\/p>\n<p class=\"paragraph text_align_left lp-f-body-02\">Quand le train s\u2019est arr\u00eat\u00e9 en gare, beaucoup de passagers sont imm\u00e9diatement descendus sur le quai, <a href=\"https:\/\/www.bbc.com\/news\/live\/cm2zvjx1z14t\" target=\"_self\" rel=\"nofollow noopener\">explique Wren Chambers aupr\u00e8s de la BBC<\/a>. \u00ab Nous savions que l\u2019assaillant \u00e9tait probablement encore dans le train \u00bb, raconte-t-elle. Un autre passager, cit\u00e9 par <a href=\"https:\/\/news.sky.com\/story\/armed-police-called-to-huntingdon-station-after-multiple-people-stabbed-on-train-13462246\" target=\"_self\" rel=\"nofollow noopener\">Sky News<\/a>, rapport\u00e9 avoir vu, une fois le train arr\u00eat\u00e9, des policiers faire usage de leur taser (pistolet \u00e0 impulsion \u00e9lectrique) sur le quai pour ma\u00eetriser un homme arm\u00e9 d\u2019un grand couteau.<\/p>\n<p class=\"paragraph text_align_left lp-f-body-02\">\u00ab Plusieurs personnes ont \u00e9t\u00e9 poignard\u00e9es \u00bb, a d\u2019abord annonc\u00e9 la police britannique des Transports sur X, \u00e0 19h47. Dans la nuit, <a href=\"https:\/\/www.btp.police.uk\/news\/btp\/news\/england\/statement-following-incident-at-huntingdon---cambridgeshire\/\" target=\"_self\" rel=\"nofollow noopener\">un communiqu\u00e9 a \u00e9t\u00e9 publi\u00e9<\/a>, indiquant que dix personnes ont \u00e9t\u00e9 emmen\u00e9es \u00e0 l\u2019h\u00f4pital, dont neuf \u00ab pourraient \u00eatre en danger de mort \u00bb. Aucune pr\u00e9cision n\u2019a \u00e9t\u00e9 donn\u00e9e dans l\u2019imm\u00e9diat sur l\u2019identit\u00e9 des victimes.<\/p>\n<p class=\"paragraph text_align_left lp-f-body-02\">\u00ab Il s\u2019agit d\u2019un incident choquant et mes pens\u00e9es vont avant tout aux personnes qui ont \u00e9t\u00e9 bless\u00e9es ce soir et \u00e0 leurs familles \u00bb, dit le commissaire Chris Casey, cit\u00e9 dans le communiqu\u00e9.<\/p>\n<p>Les services antiterroristes saisis, deux personnes interpell\u00e9es<\/p>\n<p class=\"paragraph text_align_left lp-f-body-02\">\u00ab L\u2019attaque a \u00e9t\u00e9 d\u00e9clar\u00e9e incident majeur et la police antiterroriste aide \u00e0 l\u2019enqu\u00eate pendant que nous travaillons \u00e0 \u00e9tablir toutes les circonstances de l\u2019incident \u00bb, ajoute la police des transports, qui annonce l\u2019arrestation de deux personnes, sans pr\u00e9ciser leur identit\u00e9.<\/p>\n<p class=\"paragraph text_align_left lp-f-body-02\">\u00ab Nous menons actuellement des v\u00e9rifications urgentes afin de d\u00e9terminer ce qui s\u2019est pass\u00e9 et il faudra peut-\u00eatre un certain temps avant que nous soyons en mesure de confirmer quoi que ce soit \u00bb, pr\u00e9vient le commissaire Chris Casey, appelant \u00e0 ne pas \u00ab sp\u00e9culer sur les causes de l\u2019incident \u00bb.<\/p>\n<p class=\"paragraph text_align_left lp-f-body-02\">La compagnie ferroviaire London North Eastern Railway (LNER), qui exploite des liaisons ferroviaires dans l\u2019est de l\u2019Angleterre et en \u00c9cosse, demande \u00e0 ses usagers de ne pas voyager ce dimanche 2 novembre.<\/p>\n<p>\u00ab Crise nationale \u00bb<\/p>\n<p class=\"paragraph text_align_left lp-f-body-02\">Sur X dans la soir\u00e9e, <a href=\"https:\/\/www.leparisien.fr\/international\/legislatives-au-royaume-uni-keir-starmer-le-monsieur-ennuyeux-qui-a-revolutionne-la-gauche-britannique-04-07-2024-LLQHNO4VHVDDBLFMK7JWDJQM5E.php\" target=\"_self\" rel=\"nofollow noopener\">le Premier ministre Keir Starmer<\/a> avait qualifi\u00e9 sur X l\u2019incident d\u2019\u00ab extr\u00eamement pr\u00e9occupant \u00bb. \u00ab Mes pens\u00e9es vont \u00e0 toutes les personnes touch\u00e9es, et je remercie les services d\u2019urgence pour leur r\u00e9action \u00bb, a-t-il indiqu\u00e9.<\/p>\n<blockquote class=\"twitter-tweet\">\n<p lang=\"en\" dir=\"ltr\">The appalling incident on a train near Huntingdon is deeply concerning.<\/p>\n<p>My thoughts are with all those affected, and my thanks go to the emergency services for their response.<\/p>\n<p>Anyone in the area should follow the advice of the police.<\/p>\n<p>\u2014 Keir Starmer (@Keir_Starmer) <a href=\"https:\/\/twitter.com\/Keir_Starmer\/status\/1984743058856869942?ref_src=twsrc%5Etfw\" rel=\"nofollow noopener\" target=\"_blank\">November 1, 2025<\/a><\/p><\/blockquote>\n<p class=\"paragraph text_align_left lp-f-body-02\">Dans un pays o\u00f9 la l\u00e9gislation sur les armes \u00e0 feu est tr\u00e8s stricte, les violences \u00e0 l\u2019arme blanche <a href=\"https:\/\/www.leparisien.fr\/faits-divers\/le-fleau-des-crimes-au-couteau-un-britannique-de-16-ans-condamne-a-la-prison-a-vie-pour-le-meurtre-dun-autre-adolescent-03-05-2024-RQVTAPBEVJF5ZOMPRKHJTQXZTY.php\" target=\"_self\" rel=\"nofollow noopener\">ont fortement augment\u00e9 ces quinze derni\u00e8res ann\u00e9es en Angleterre et au Pays de Galles<\/a>, selon des chiffres officiels. Le Premier ministre a qualifi\u00e9 par le pass\u00e9 la situation de \u00ab crise nationale \u00bb.<\/p>\n<p class=\"paragraph text_align_left lp-f-body-02\">Le gouvernement Starmer a pris plusieurs mesures pour durcir l\u2019acc\u00e8s aux armes blanches depuis son arriv\u00e9e au pouvoir en juillet 2024. Pr\u00e8s de 60 000 d\u2019entre elles ont \u00e9t\u00e9 saisies ou r\u00e9cup\u00e9r\u00e9es par la police en dix ans, avait indiqu\u00e9 mercredi la ministre de l\u2019Int\u00e9rieur Shabana Mahmood.<\/p>\n<p class=\"paragraph text_align_left lp-f-body-02\">Cette attaque intervient un mois apr\u00e8s l\u2019attaque contre une synagogue au nord de Manchester, o\u00f9 un homme avait attaqu\u00e9 des fid\u00e8les arm\u00e9 d\u2019un couteau. Deux personnes avaient \u00e9t\u00e9 tu\u00e9es, l\u2019une d\u2019entre elles d\u2019une balle tir\u00e9e par la police intervenue sur les lieux.<\/p>\n<p><script async src=\"https:\/\/platform.twitter.com\/widgets.js\" charset=\"utf-8\"><\/script><\/p>\n","protected":false},"excerpt":{"rendered":"Quinze minutes d\u2019horreur. Une attaque \u00e0 l\u2019arme blanche samedi 1er novembre a fait au moins dix bless\u00e9s, dont&hellip;\n","protected":false},"author":2,"featured_media":506318,"comment_status":"","ping_status":"","sticky":false,"template":"","format":"standard","meta":{"footnotes":""},"categories":[1588],"tags":[11,1777,674,118,14,12,473,1853,1851,1850,1852],"class_list":{"0":"post-506317","1":"post","2":"type-post","3":"status-publish","4":"format-standard","5":"has-post-thumbnail","7":"category-royaume-uni","8":"tag-actualites","9":"tag-eu","10":"tag-europe","11":"tag-faits-divers","12":"tag-international","13":"tag-news","14":"tag-royaume-uni","15":"tag-royaume-uni-de-grande-bretagne-et-dirlande-du-nord","16":"tag-uk","17":"tag-united-kingdom","18":"tag-united-kingdom-of-great-britain-and-northern-ireland"},"share_on_mastodon":{"url":"https:\/\/pubeurope.com\/@fr\/115479061739173096","error":""},"_links":{"self":[{"href":"https:\/\/www.europesays.com\/fr\/wp-json\/wp\/v2\/posts\/506317","targetHints":{"allow":["GET"]}}],"collection":[{"href":"https:\/\/www.europesays.com\/fr\/wp-json\/wp\/v2\/posts"}],"about":[{"href":"https:\/\/www.europesays.com\/fr\/wp-json\/wp\/v2\/types\/post"}],"author":[{"embeddable":true,"href":"https:\/\/www.europesays.com\/fr\/wp-json\/wp\/v2\/users\/2"}],"replies":[{"embeddable":true,"href":"https:\/\/www.europesays.com\/fr\/wp-json\/wp\/v2\/comments?post=506317"}],"version-history":[{"count":0,"href":"https:\/\/www.europesays.com\/fr\/wp-json\/wp\/v2\/posts\/506317\/revisions"}],"wp:featuredmedia":[{"embeddable":true,"href":"https:\/\/www.europesays.com\/fr\/wp-json\/wp\/v2\/media\/506318"}],"wp:attachment":[{"href":"https:\/\/www.europesays.com\/fr\/wp-json\/wp\/v2\/media?parent=506317"}],"wp:term":[{"taxonomy":"category","embeddable":true,"href":"https:\/\/www.europesays.com\/fr\/wp-json\/wp\/v2\/categories?post=506317"},{"taxonomy":"post_tag","embeddable":true,"href":"https:\/\/www.europesays.com\/fr\/wp-json\/wp\/v2\/tags?post=506317"}],"curies":[{"name":"wp","href":"https:\/\/api.w.org\/{rel}","templated":true}]}}