{"id":506319,"date":"2025-11-02T08:03:26","date_gmt":"2025-11-02T08:03:26","guid":{"rendered":"https:\/\/www.europesays.com\/fr\/506319\/"},"modified":"2025-11-02T08:03:26","modified_gmt":"2025-11-02T08:03:26","slug":"lexcellente-entree-de-maza-face-au-bayern-video","status":"publish","type":"post","link":"https:\/\/www.europesays.com\/fr\/506319\/","title":{"rendered":"L&rsquo;excellente entr\u00e9e de Maza face au Bayern (vid\u00e9o)"},"content":{"rendered":"<p><strong\/><\/p>\n<p><strong>Buteur en coupe trois jours plus t\u00f4t, c&rsquo;est en confiance<br \/>\nqu&rsquo;Ibrahim Maza a fait une belle entr\u00e9e en jeu face au Bayern<br \/>\nmalgr\u00e9 un d\u00e9faite s\u00e8che des siens.<\/strong><\/p>\n<p>Le Bayer Leverkusen a donc jou\u00e9 hier \u00e0 l&rsquo;Allianz Arena face \u00e0 un<br \/>\nBayern Munich de Vincent <strong>Kompany<\/strong> qui <strong>a<br \/>\nlaiss\u00e9 Harry Kane sur le banc<\/strong> au coup de sifflet, afin de<br \/>\nle pr\u00e9server avant le match de Champions League face au PSG.<\/p>\n<p>M\u00eame sans Kane, Olise ou Diaz, <strong>le Bayern n\u00a0\u00bba fait qu&rsquo;une<br \/>\nbouch\u00e9e de son adversaire en premi\u00e8re p\u00e9riode pour mener<br \/>\n3-0<\/strong>. C&rsquo;est le moment qu&rsquo;\u00e0 choisi Kasper Hjulmand pour<br \/>\nlancer <strong>Ibrahim Maza \u00e0 la mi-temps \u00e0 la place d&rsquo;Aleix<br \/>\nGarcia<\/strong>.<\/p>\n<p><strong>L&rsquo;international Alg\u00e9rien a fait forte<br \/>\nimpression<\/strong> par la mani\u00e8re dont il a <strong>r\u00e9ussi \u00e0<br \/>\ngarder la balle m\u00eame face \u00e0 trois ou quatre adversaires<\/strong> et<br \/>\nquand on croit qu&rsquo;il va perdre la balle comme quand <strong>il<br \/>\nrepart face au jeu d&rsquo;une roulette arri\u00e8re laissant Laimer et<br \/>\nGuereiro sur place.<\/strong><\/p>\n<p>Apr\u00e8s l&rsquo;<strong>entr\u00e9e<\/strong> en jeu <strong>de Kane<\/strong>,<br \/>\n<strong>il lui chipera la balle dans l&rsquo;axe dans un duel<br \/>\nd\u00e9fensif<\/strong> avant de repartir vers l&rsquo;avant et se<br \/>\n<strong>subir une deuxi\u00e8me faute de la part de Kimmich<\/strong>,<br \/>\nr\u00e9clamant le caton.<\/p>\n<p><strong>Il mystifiera<\/strong> une nouvelle fois Harry<br \/>\n<strong>Kane<\/strong> en recevant un ballon de son gardien \u00e0<br \/>\nl&rsquo;entr\u00e9e de la surface, dos au but <strong>il se d\u00e9barrasse du<br \/>\nbuteur anglais<\/strong>, venu au pressing, <strong>d&rsquo;un contr\u00f4le<br \/>\norient\u00e9<\/strong>.<\/p>\n<p><strong>Il aura assur\u00e9ment marqu\u00e9 des points<\/strong>, avec un<br \/>\njeu toujours tourn\u00e9 vers l&rsquo;avant et beaucoup d&rsquo;aisance pour prendre<br \/>\nles espaces.<\/p>\n<blockquote class=\"twitter-tweet\"><p><a class=\"twitter-link\" rel=\"noindex, nofollow noopener\" href=\"https:\/\/twitter.com\/CompsMercu\/status\/1984734824184037727\" target=\"_blank\"><\/p><\/blockquote>\n<p style=\"text-align: right;\">DZfoot<\/p>\n<p><script async src=\"https:\/\/platform.twitter.com\/widgets.js\" charset=\"utf-8\"><\/script><\/p>\n","protected":false},"excerpt":{"rendered":"Buteur en coupe trois jours plus t\u00f4t, c&rsquo;est en confiance qu&rsquo;Ibrahim Maza a fait une belle entr\u00e9e en&hellip;\n","protected":false},"author":2,"featured_media":506320,"comment_status":"","ping_status":"","sticky":false,"template":"","format":"standard","meta":{"footnotes":""},"categories":[1587],"tags":[11,672,1804,1805,1803,1777,674,1801,12,1802],"class_list":{"0":"post-506319","1":"post","2":"type-post","3":"status-publish","4":"format-standard","5":"has-post-thumbnail","7":"category-allemagne","8":"tag-actualites","9":"tag-allemagne","10":"tag-bundesrepublik-deutschland","11":"tag-de","12":"tag-deutschland","13":"tag-eu","14":"tag-europe","15":"tag-germany","16":"tag-news","17":"tag-republique-federale-dallemagne"},"share_on_mastodon":{"url":"https:\/\/pubeurope.com\/@fr\/115479065988342311","error":""},"_links":{"self":[{"href":"https:\/\/www.europesays.com\/fr\/wp-json\/wp\/v2\/posts\/506319","targetHints":{"allow":["GET"]}}],"collection":[{"href":"https:\/\/www.europesays.com\/fr\/wp-json\/wp\/v2\/posts"}],"about":[{"href":"https:\/\/www.europesays.com\/fr\/wp-json\/wp\/v2\/types\/post"}],"author":[{"embeddable":true,"href":"https:\/\/www.europesays.com\/fr\/wp-json\/wp\/v2\/users\/2"}],"replies":[{"embeddable":true,"href":"https:\/\/www.europesays.com\/fr\/wp-json\/wp\/v2\/comments?post=506319"}],"version-history":[{"count":0,"href":"https:\/\/www.europesays.com\/fr\/wp-json\/wp\/v2\/posts\/506319\/revisions"}],"wp:featuredmedia":[{"embeddable":true,"href":"https:\/\/www.europesays.com\/fr\/wp-json\/wp\/v2\/media\/506320"}],"wp:attachment":[{"href":"https:\/\/www.europesays.com\/fr\/wp-json\/wp\/v2\/media?parent=506319"}],"wp:term":[{"taxonomy":"category","embeddable":true,"href":"https:\/\/www.europesays.com\/fr\/wp-json\/wp\/v2\/categories?post=506319"},{"taxonomy":"post_tag","embeddable":true,"href":"https:\/\/www.europesays.com\/fr\/wp-json\/wp\/v2\/tags?post=506319"}],"curies":[{"name":"wp","href":"https:\/\/api.w.org\/{rel}","templated":true}]}}