{"id":506321,"date":"2025-11-02T08:04:11","date_gmt":"2025-11-02T08:04:11","guid":{"rendered":"https:\/\/www.europesays.com\/fr\/506321\/"},"modified":"2025-11-02T08:04:11","modified_gmt":"2025-11-02T08:04:11","slug":"leurope-peut-elle-se-defendre-elle-meme-on-nest-pas-encore-capable-de-produire-lequivalent-de-ce-que-les-americains-nous-vendent","status":"publish","type":"post","link":"https:\/\/www.europesays.com\/fr\/506321\/","title":{"rendered":"L&rsquo;Europe peut-elle se d\u00e9fendre elle-m\u00eame ? \u00ab\u00a0On n&rsquo;est pas encore capable de produire l&rsquo;\u00e9quivalent de ce que les Am\u00e9ricains nous vendent\u00a0\u00bb"},"content":{"rendered":"<p><a href=\"https:\/\/www.moustique.be\/notre-epoque\/nos-explications\/2025\/10\/01\/les-russes-nenvahiront-pas-un-pays-europeen-ils-nont-pas-encore-larmee-pour-ca-mais-quels-sont-alors-les-veritables-objectifs-du-kremlin-VHCDL3ZY4BC5RCZAXRQI2ICWUE\/\" target=\"_blank\" rel=\"noopener noreferrer\" class=\"ap-StoryInterstitialLink ap-StoryElement ap-StoryElement--mb js-paywall-target\">\u00ab\u00a0Les Russes n&rsquo;ont pas encore l&rsquo;arm\u00e9e pour envahir un pays europ\u00e9en&#8230;\u00a0\u00bb Mais quels sont alors les v\u00e9ritables objectifs des drones du Kremlin ?<\/a>Quels sont les atouts de l&rsquo;industrie belge de l&rsquo;armement ?<\/p>\n<p class=\"ap-StoryElement ap-StoryElement--mb ap-StoryText\">Mais quitte \u00e0 se r\u00e9armer, le mieux est de le faire en produisant localement, en s&rsquo;appuyant sur le <a href=\"https:\/\/www.moustique.be\/notre-epoque\/les-infos\/2025\/07\/31\/la-belgique-va-devenir-un-partenaire-important-de-lindustrie-de-defense-francaise-pour-quelles-retombees-economiques-DLRR4OHMIFFPBIVEMK3QWV72IY\/\" target=\"_self\" rel=\"noopener\">tissu \u00e9conomique belge<\/a> et europ\u00e9en. Et en n&rsquo;enrichissant pas nos concurrents ou nos adversaires\u2026<\/p>\n<p class=\"ap-StoryElement ap-StoryElement--mb ap-StoryText\">Or, que ce soit \u00e0 l&rsquo;\u00e9chelon belge ou continental, l&rsquo;industrie de l&rsquo;armement a des forces \u00e0 faire valoir. D&rsquo;apr\u00e8s les chiffres du Sipri, l&rsquo;Institut international de recherche sur la paix de Stockholm, 26 entreprises europ\u00e9ennes (en incluant les Britanniques) se classent parmi les 100 plus grosses du secteur, au niveau mondial.<\/p>\n<p>Pourquoi le choix du F-35 est-il embl\u00e9matique ?<\/p>\n<p class=\"text-left ap-StoryElement ap-StoryElement--mb ap-StoryText\">Mais c&rsquo;est encore loin, cependant, des 41 concurrents \u00e9tats-uniens, dont les champions trustent \u00e0 eux seuls le top 5. Pas \u00e9tonnant, d\u00e8s lors, que notre d\u00e9pendance envers l&rsquo;Oncle Sam soit majeure : 64 % des importations r\u00e9alis\u00e9es entre 2020 et 2024 par les pays europ\u00e9ens membres de l&rsquo;OTAN provenaient des \u00c9tats-Unis, selon le Sipri.<\/p>\n<p class=\"text-left ap-StoryElement ap-StoryElement--mb ap-StoryText\">\u00ab\u00a0Sur ce plan, le choix de programmes comme le F-35 (l&rsquo;avion de derni\u00e8re g\u00e9n\u00e9ration dont la Belgique vient de recevoir les premi\u00e8res unit\u00e9s, NdlR) est embl\u00e9matique, souligne Alain De Neve, chercheur \u00e0 l&rsquo;Institut royal sup\u00e9rieur de d\u00e9fense. On reste \u00e9galement <a href=\"https:\/\/www.moustique.be\/notre-epoque\/les-infos\/2025\/02\/27\/pourra-t-on-se-defendre-sans-le-grand-frere-americain-DDQLHI7V5ZFBJGSVMPRXPHZC5Y\/\" target=\"_self\" rel=\"noopener\">d\u00e9pendant<\/a> de toute une s\u00e9rie de syst\u00e8mes d&rsquo;armes, de munitions, de drones. Et puis, il y a les services fournis par les Am\u00e9ricains. Si on devait s&rsquo;en passer, cela nous obligerait \u00e0 investir massivement dans du mat\u00e9riel. C&rsquo;est particuli\u00e8rement le cas pour le renseignement. Si les \u00c9tats-Unis cessaient d&rsquo;alimenter l&rsquo;Ukraine en renseignement spatial, on serait bien en peine de compenser\u00a0\u00bb.<\/p>\n<p><a href=\"https:\/\/www.moustique.be\/notre-epoque\/nos-explications\/2025\/08\/19\/poussee-les-usa-de-trump-la-belgique-investit-pour-se-constituer-une-defense-en-argent-SX26KCWNJZHE7EVOLOCFBIMF3M\/\" target=\"_blank\" rel=\"noopener noreferrer\" class=\"ap-StoryInterstitialLink ap-StoryElement ap-StoryElement--mb\">Pouss\u00e9e les USA de Trump, la Belgique de Francken investit pour se constituer une \u00ab\u00a0d\u00e9fense en argent\u00a0\u00bb<\/a>L&rsquo;Europe peut-elle produire plus et atteindre les quantit\u00e9s exig\u00e9es par les Am\u00e9ricains ?<\/p>\n<p class=\"text-left ap-StoryElement ap-StoryElement--mb ap-StoryText\">Pour autant, le chercheur note que dans de nombreux domaines, l&rsquo;Europe n&rsquo;a pas \u00e0 rougir en mati\u00e8re de comp\u00e9tences et d&rsquo;innovations.<\/p>\n<p class=\"text-left ap-StoryElement ap-StoryElement--mb ap-StoryText\">\u00ab\u00a0Globalement, on a les savoir-faire. En revanche, monter en masse critique pose probl\u00e8me. On n&rsquo;est pas capable, pour le moment, de produire la quantit\u00e9 d&rsquo;\u00e9quipements et de services que les Am\u00e9ricains nous vendent\u00a0\u00bb.<\/p>\n<p><a href=\"https:\/\/www.moustique.be\/notre-epoque\/les-infos\/2025\/10\/20\/a-quel-point-la-belgique-et-leurope-sont-dependantes-militairement-des-autres-nations-a-lheure-ou-le-conflit-avec-la-russie-pourrait-sintensifier-P7JMLCAWFZBLNM6XSCJ67QFOFM\/\" target=\"_blank\" rel=\"noopener noreferrer\" class=\"ap-StoryInterstitialLink ap-StoryElement ap-StoryElement--mb\">\u00c0 quel point la Belgique et l&rsquo;Europe sont d\u00e9pendantes militairement des autres nations? \u00c0 l&rsquo;heure o\u00f9 le conflit avec la Russie pourrait s&rsquo;intensifier<\/a><\/p>\n","protected":false},"excerpt":{"rendered":"\u00ab\u00a0Les Russes n&rsquo;ont pas encore l&rsquo;arm\u00e9e pour envahir un pays europ\u00e9en&#8230;\u00a0\u00bb Mais quels sont alors les v\u00e9ritables objectifs&hellip;\n","protected":false},"author":2,"featured_media":506322,"comment_status":"","ping_status":"","sticky":false,"template":"","format":"standard","meta":{"footnotes":""},"categories":[1586],"tags":[11,21332,1777,674,1011,27,1227,12,25],"class_list":{"0":"post-506321","1":"post","2":"type-post","3":"status-publish","4":"format-standard","5":"has-post-thumbnail","7":"category-europe","8":"tag-actualites","9":"tag-diplomacy","10":"tag-eu","11":"tag-europe","12":"tag-fr","13":"tag-france","14":"tag-horizontal","15":"tag-news","16":"tag-republique-francaise"},"share_on_mastodon":{"url":"https:\/\/pubeurope.com\/@fr\/115479069594050546","error":""},"_links":{"self":[{"href":"https:\/\/www.europesays.com\/fr\/wp-json\/wp\/v2\/posts\/506321","targetHints":{"allow":["GET"]}}],"collection":[{"href":"https:\/\/www.europesays.com\/fr\/wp-json\/wp\/v2\/posts"}],"about":[{"href":"https:\/\/www.europesays.com\/fr\/wp-json\/wp\/v2\/types\/post"}],"author":[{"embeddable":true,"href":"https:\/\/www.europesays.com\/fr\/wp-json\/wp\/v2\/users\/2"}],"replies":[{"embeddable":true,"href":"https:\/\/www.europesays.com\/fr\/wp-json\/wp\/v2\/comments?post=506321"}],"version-history":[{"count":0,"href":"https:\/\/www.europesays.com\/fr\/wp-json\/wp\/v2\/posts\/506321\/revisions"}],"wp:featuredmedia":[{"embeddable":true,"href":"https:\/\/www.europesays.com\/fr\/wp-json\/wp\/v2\/media\/506322"}],"wp:attachment":[{"href":"https:\/\/www.europesays.com\/fr\/wp-json\/wp\/v2\/media?parent=506321"}],"wp:term":[{"taxonomy":"category","embeddable":true,"href":"https:\/\/www.europesays.com\/fr\/wp-json\/wp\/v2\/categories?post=506321"},{"taxonomy":"post_tag","embeddable":true,"href":"https:\/\/www.europesays.com\/fr\/wp-json\/wp\/v2\/tags?post=506321"}],"curies":[{"name":"wp","href":"https:\/\/api.w.org\/{rel}","templated":true}]}}