{"id":50633,"date":"2025-04-25T02:08:07","date_gmt":"2025-04-25T02:08:07","guid":{"rendered":"https:\/\/www.europesays.com\/fr\/50633\/"},"modified":"2025-04-25T02:08:07","modified_gmt":"2025-04-25T02:08:07","slug":"mobilier-tissus-et-peintures-sont-vendus-a-prix-casses-jusqua-samedi-a-strasbourg","status":"publish","type":"post","link":"https:\/\/www.europesays.com\/fr\/50633\/","title":{"rendered":"Mobilier, tissus et peintures sont vendus \u00e0 prix cass\u00e9s jusqu&rsquo;\u00e0 samedi \u00e0 Strasbourg"},"content":{"rendered":"<p>            Par<br \/>\n        <strong><br \/>\n            <a href=\"https:\/\/actu.fr\/auteur\/margot-fournie\" title=\"Consulter tous les articles de Margot Fournie\" target=\"_blank\" rel=\"noopener\">Margot Fournie<\/a><br \/>\n        <\/strong><\/p>\n<p>        Publi\u00e9 le<\/p>\n<p>            24 avr. 2025 \u00e0 15h21        <\/p>\n<p>Du 24 au 26\u00a0avril, une <strong>bourse aux mat\u00e9riaux<\/strong> est organis\u00e9e dans des magasins du quartier de la Plaine des Bouchers, \u00e0 <a href=\"https:\/\/actu.fr\/strasbourg\/\" target=\"_blank\" rel=\"noopener\">Strasbourg<\/a>.<\/p>\n<p class=\" wall-content\">\u00c0 cette occasion, <strong>linge de maison<\/strong>, mobilier ou encore tissu sont vendus \u00e0 <strong>petit prix<\/strong>.<\/p>\n<p>Des produits vendus \u00e0 5\u00a0euros le kg<\/p>\n<p class=\" wall-content\"><strong>Huit magasins<\/strong> participent \u00e0 l\u2019op\u00e9ration, dont le magasin Autour Du Tissu qui proposera des coupons, des sangles ou des kits coutures.<\/p>\n<p class=\" wall-content\">Mais aussi Eimi Strasbourg avec des produits comme des <strong>lavabos<\/strong>, des miroirs de douche. Ou encore Maison Vivaraise, soci\u00e9t\u00e9 sp\u00e9cialis\u00e9e dans <strong>le linge de maison<\/strong>, c\u2019est-\u00e0-dire dans les plaids, les rideaux, les tapis, qui vendra ses produits \u00e0 <strong>5\u00a0euros le kg<\/strong>.<\/p>\n<p>Regarder les horaires avant de se rendre sur place<\/p>\n<p class=\" wall-content\">Tout le mat\u00e9riel vendu durant ces trois jours est <strong>r\u00e9pertori\u00e9<\/strong> sur le <a href=\"https:\/\/bourse-materiaux-strasbourg.eu\/materiaux\/\" target=\"_blank\" rel=\"noopener\">site de l\u2019\u00e9v\u00e8nement<\/a>.<\/p>\n<p>Vid\u00e9os : en ce moment sur Actu<\/p>\n<p class=\" wall-content\">\u00c0 noter qu\u2019il <strong>vaut mieux pr\u00e9parer sa visite <\/strong>\u00e0 l\u2019avance. Histoire de bien v\u00e9rifier que le magasin est ouvert. Par exemple, seule l\u2019entreprise Strasbourg Carrelage le sera le 26\u00a0avril.<\/p>\n<p class=\" wall-content\">Suivez toute l\u2019actualit\u00e9 de vos villes et m\u00e9dias favoris en vous inscrivant \u00e0 <a href=\"https:\/\/moncompte.actu.fr\" title=\"D\u00e9couvez Mon Actu\" rel=\"nofollow noopener\" data-trk=\"{&quot;cta&quot;:{&quot;action&quot;:&quot;https:\\\/\\\/moncompte.actu.fr&quot;,&quot;category&quot;:&quot;mon compte&quot;,&quot;from&quot;:&quot;article footer&quot;,&quot;name&quot;:&quot;Mon actu&quot;,&quot;type&quot;:&quot;cta&quot;}}\" target=\"_blank\">Mon Actu<\/a>.<\/p>\n<ul class=\"ac-article-tag wall-content\">\n<li><a href=\"https:\/\/actu.fr\/tag\/bons-plans-a-strasbourg\" data-trk=\"{&quot;cta&quot;:{&quot;action&quot;:&quot;Bons plans \\u00e0 Strasbourg&quot;,&quot;category&quot;:&quot;tag&quot;,&quot;from&quot;:&quot;article footer&quot;,&quot;name&quot;:&quot;Bons plans \\u00e0 Strasbourg&quot;,&quot;type&quot;:&quot;cta&quot;}}\" target=\"_blank\" rel=\"noopener\">#Bons plans \u00e0 Strasbourg<\/a><\/li>\n<\/ul>\n","protected":false},"excerpt":{"rendered":"Par Margot Fournie Publi\u00e9 le 24 avr. 2025 \u00e0 15h21 Du 24 au 26\u00a0avril, une bourse aux mat\u00e9riaux&hellip;\n","protected":false},"author":2,"featured_media":50634,"comment_status":"","ping_status":"","sticky":false,"template":"","format":"standard","meta":{"footnotes":""},"categories":[2820],"tags":[1111,11,13978,1777,674,1011,27,775,12,25,104,640],"class_list":{"0":"post-50633","1":"post","2":"type-post","3":"status-publish","4":"format-standard","5":"has-post-thumbnail","7":"category-strasbourg","8":"tag-actu","9":"tag-actualites","10":"tag-bons-plans-a-strasbourg","11":"tag-eu","12":"tag-europe","13":"tag-fr","14":"tag-france","15":"tag-grand-est","16":"tag-news","17":"tag-republique-francaise","18":"tag-societe","19":"tag-strasbourg"},"share_on_mastodon":{"url":"https:\/\/pubeurope.com\/@fr\/114396168406089319","error":""},"_links":{"self":[{"href":"https:\/\/www.europesays.com\/fr\/wp-json\/wp\/v2\/posts\/50633","targetHints":{"allow":["GET"]}}],"collection":[{"href":"https:\/\/www.europesays.com\/fr\/wp-json\/wp\/v2\/posts"}],"about":[{"href":"https:\/\/www.europesays.com\/fr\/wp-json\/wp\/v2\/types\/post"}],"author":[{"embeddable":true,"href":"https:\/\/www.europesays.com\/fr\/wp-json\/wp\/v2\/users\/2"}],"replies":[{"embeddable":true,"href":"https:\/\/www.europesays.com\/fr\/wp-json\/wp\/v2\/comments?post=50633"}],"version-history":[{"count":0,"href":"https:\/\/www.europesays.com\/fr\/wp-json\/wp\/v2\/posts\/50633\/revisions"}],"wp:featuredmedia":[{"embeddable":true,"href":"https:\/\/www.europesays.com\/fr\/wp-json\/wp\/v2\/media\/50634"}],"wp:attachment":[{"href":"https:\/\/www.europesays.com\/fr\/wp-json\/wp\/v2\/media?parent=50633"}],"wp:term":[{"taxonomy":"category","embeddable":true,"href":"https:\/\/www.europesays.com\/fr\/wp-json\/wp\/v2\/categories?post=50633"},{"taxonomy":"post_tag","embeddable":true,"href":"https:\/\/www.europesays.com\/fr\/wp-json\/wp\/v2\/tags?post=50633"}],"curies":[{"name":"wp","href":"https:\/\/api.w.org\/{rel}","templated":true}]}}