{"id":506335,"date":"2025-11-02T08:12:15","date_gmt":"2025-11-02T08:12:15","guid":{"rendered":"https:\/\/www.europesays.com\/fr\/506335\/"},"modified":"2025-11-02T08:12:15","modified_gmt":"2025-11-02T08:12:15","slug":"un-impact-economique-le-monde-des-affaires-grimace","status":"publish","type":"post","link":"https:\/\/www.europesays.com\/fr\/506335\/","title":{"rendered":"un impact \u00e9conomique, le monde des affaires grimace"},"content":{"rendered":"<p>Les fl\u00fbtes et les seaux \u00e0 champagne ont \u00e9t\u00e9 soigneusement align\u00e9s. Les tables et le sol d\u00e9poussi\u00e9r\u00e9s. Ici et l\u00e0 vaquent les logisticiens de la derni\u00e8re heure\u00a0: tout doit \u00eatre pr\u00eat pour l\u2019arriv\u00e9e des convives.<\/p>\n<p>Au premier jour du Moselle Open de tennis, le Village VIP des entreprises sonne encore creux. \u00ab\u00a0Ils n\u2019arriveront que lundi\u2026\u00a0\u00bb, confie l\u2019employ\u00e9e d\u2019une bo\u00eete sous-traitante. Dirigeants et cadres d\u2019une vingtaine de grands groupes, de soci\u00e9t\u00e9s, de cabinets d\u2019avocats et de collectivit\u00e9s, s\u2019y croiseront pendant une semaine pour faire marcher les affaires. Une bulle de business b to b dans\u00a0un oc\u00e9an de sport.<\/p>\n<p>\u00ab\u00a0Un gros manque \u00e0 gagner\u00a0\u00bb<\/p>\n<p>Chaque ann\u00e9e, environ 240 entreprises ach\u00e8tent des prestations au Moselle Open <a href=\"https:\/\/www.republicain-lorrain.fr\/sport\/2025\/06\/20\/moselle-open-cet-argent-public-sans-quoi-rien-ne-serait-possible\" target=\"_blank\" rel=\"noopener\">et g\u00e9n\u00e8rent plus d\u2019un million d\u2019euros de chiffre d\u2019affaires pour l\u2019organisateur<\/a>. Le mod\u00e8le \u00e9conomique de l\u2019\u00e9v\u00e9nement repose&#8230;<\/p>\n","protected":false},"excerpt":{"rendered":"Les fl\u00fbtes et les seaux \u00e0 champagne ont \u00e9t\u00e9 soigneusement align\u00e9s. Les tables et le sol d\u00e9poussi\u00e9r\u00e9s. Ici&hellip;\n","protected":false},"author":2,"featured_media":506336,"comment_status":"","ping_status":"","sticky":false,"template":"","format":"standard","meta":{"footnotes":""},"categories":[1415],"tags":[1687,62799,33,15834,4141,14238,5598,15835,5327,6114,7162,3183,1011,27,62798,6212,6213,5599,62797,3456,517,1700,60,1467,7160,7161,216],"class_list":{"0":"post-506335","1":"post","2":"type-post","3":"status-publish","4":"format-standard","5":"has-post-thumbnail","7":"category-tennis","8":"tag-culture-loisirs","9":"tag-dieuze","10":"tag-economie","11":"tag-edition-briey","12":"tag-edition-forbach","13":"tag-edition-longwy","14":"tag-edition-metz-et-agglomeration","15":"tag-edition-saint-avold-creutzwald","16":"tag-edition-sarrebourg-chateau-salins","17":"tag-edition-sarreguemines-bitche","18":"tag-edition-thionville-hayange","19":"tag-finance-et-fiscalite","20":"tag-fr","21":"tag-france","22":"tag-louvigny","23":"tag-metz","24":"tag-metz-ville-57b","25":"tag-moselle","26":"tag-moselle-open","27":"tag-region-lorraine","28":"tag-sport","29":"tag-sport-lorrain","30":"tag-sports","31":"tag-tennis","32":"tag-thionville","33":"tag-thionville-ville-57f","34":"tag-vie-des-entreprises"},"share_on_mastodon":{"url":"https:\/\/pubeurope.com\/@fr\/115479100990520622","error":""},"_links":{"self":[{"href":"https:\/\/www.europesays.com\/fr\/wp-json\/wp\/v2\/posts\/506335","targetHints":{"allow":["GET"]}}],"collection":[{"href":"https:\/\/www.europesays.com\/fr\/wp-json\/wp\/v2\/posts"}],"about":[{"href":"https:\/\/www.europesays.com\/fr\/wp-json\/wp\/v2\/types\/post"}],"author":[{"embeddable":true,"href":"https:\/\/www.europesays.com\/fr\/wp-json\/wp\/v2\/users\/2"}],"replies":[{"embeddable":true,"href":"https:\/\/www.europesays.com\/fr\/wp-json\/wp\/v2\/comments?post=506335"}],"version-history":[{"count":0,"href":"https:\/\/www.europesays.com\/fr\/wp-json\/wp\/v2\/posts\/506335\/revisions"}],"wp:featuredmedia":[{"embeddable":true,"href":"https:\/\/www.europesays.com\/fr\/wp-json\/wp\/v2\/media\/506336"}],"wp:attachment":[{"href":"https:\/\/www.europesays.com\/fr\/wp-json\/wp\/v2\/media?parent=506335"}],"wp:term":[{"taxonomy":"category","embeddable":true,"href":"https:\/\/www.europesays.com\/fr\/wp-json\/wp\/v2\/categories?post=506335"},{"taxonomy":"post_tag","embeddable":true,"href":"https:\/\/www.europesays.com\/fr\/wp-json\/wp\/v2\/tags?post=506335"}],"curies":[{"name":"wp","href":"https:\/\/api.w.org\/{rel}","templated":true}]}}