{"id":506341,"date":"2025-11-02T08:18:24","date_gmt":"2025-11-02T08:18:24","guid":{"rendered":"https:\/\/www.europesays.com\/fr\/506341\/"},"modified":"2025-11-02T08:18:24","modified_gmt":"2025-11-02T08:18:24","slug":"andrew-dechu-de-ses-titres-que-va-t-il-advenir-des-princesses-beatrice-et-eugenie-et-sarah-ferguson","status":"publish","type":"post","link":"https:\/\/www.europesays.com\/fr\/506341\/","title":{"rendered":"Andrew d\u00e9chu de ses titres, que va-t-il advenir des princesses Beatrice et Eugenie (et Sarah Ferguson) ?"},"content":{"rendered":"<p>Leurs racines les emp\u00eachent cependant de s&rsquo;\u00e9loigner de la Couronne. En raison de leur place dans l&rsquo;arbre g\u00e9n\u00e9alogique des Windsor, elles figurent toutes les deux dans l&rsquo;ordre de succession au tr\u00f4ne, Beatrice \u00e0 la neuvi\u00e8me place et Eugenie \u00e0 la douzi\u00e8me. D&rsquo;autre part, le roi est connu pour porter une grande affection \u00e0 ses ni\u00e8ces et leur aurait assur\u00e9 qu&rsquo;elles \u00e9taient, malgr\u00e9 le scandale, toujours les bienvenues aux rassemblements familiaux. Les deux jeunes femmes se glissent r\u00e9guli\u00e8rement dans le cort\u00e8ge royal \u00e0 l&rsquo;occasion des messes de <a href=\"https:\/\/www.vanityfair.fr\/dossier\/paques\" isautogenerated=\"true\" target=\"_blank\" rel=\"noopener\">P\u00e2ques<\/a> et de <a href=\"https:\/\/www.vanityfair.fr\/dossier\/noel\" isautogenerated=\"true\" target=\"_blank\" rel=\"noopener\">No\u00ebl<\/a> et apparaissent \u00e0 d&rsquo;autres occasions, dont les courses d&rsquo;Ascot ou encore le concert de fin d&rsquo;ann\u00e9e de la princesse de Galles. Le scandale n&rsquo;\u00e9tant pas le leur, il semble que ces privil\u00e8ges leur soient toujours accord\u00e9s.<\/p>\n<p>\u00c0 l&rsquo;heure o\u00f9 la temp\u00eate gronde sur l&rsquo;Angleterre, toutes deux ont toutefois pr\u00e9f\u00e9r\u00e9 prendre leurs distances. La Britannique de 37 ans \u00e9tait, aux derni\u00e8res nouvelles, en Arabie saoudite pour une conf\u00e9rence tandis que sa cadette de deux ans se remontait le moral \u00e0 <a href=\"https:\/\/www.vanityfair.fr\/dossier\/paris\" isautogenerated=\"true\" target=\"_blank\" rel=\"noopener\">Paris<\/a> avec des amies.<\/p>\n<p>Le cas Sarah<\/p>\n<p>Apr\u00e8s Andrew, Sarah Ferguson est la premi\u00e8re personne \u00e0 \u00eatre vivement impact\u00e9e par les d\u00e9cisions cons\u00e9cutives du roi Charles III. Lorsqu&rsquo;Andrew a perdu son titre de duc d&rsquo;York, <a href=\"https:\/\/www.vanityfair.fr\/article\/le-prince-andrew-abandonne-officiellement-son-titre-de-duc-dyork-apres-les-nouvelles-revelations-dans-laffaire-epstein\" target=\"_blank\" rel=\"noopener\">elle a d\u00fb renoncer \u00e0 celui de duchesse d&rsquo;York<\/a>. Un revers humiliant pour le premier et une d\u00e9ception certaine pour la deuxi\u00e8me, qui se plaisait \u00e0 se pr\u00e9senter comme duchesse. Elle est d\u00e9sormais Sarah Ferguson, divorc\u00e9e d&rsquo;Andrew Mountbatten-Windsor, et\u2026 en recherche de logement.<\/p>\n<p>En mettant Andrew \u00e0 la porte du <a href=\"https:\/\/www.vanityfair.fr\/article\/royal-lodge-la-maison-denfance-delizabeth-ii-que-le-prince-andrew-refuse-de-quitter\" target=\"_blank\" rel=\"noopener\">Royal Lodge<\/a> \u2014 et il est pri\u00e9 de d\u00e9guerpir rapidement \u2014 Charles III expulse \u00e9galement Sarah, qui cohabitait depuis vingt ans avec son ex-mari (au vu de la trentaine de pi\u00e8ces, les anciens \u00e9poux avaient peu de chances d&rsquo;envahir l&rsquo;existence l&rsquo;un de l&rsquo;autre). Andrew, lui, a gagn\u00e9 son aller direct \u00e0 Sandringham, o\u00f9 une demeure priv\u00e9e financ\u00e9e par son fr\u00e8re l&rsquo;attend. Sarah va quant \u00e0 elle devoir se trouver un toit, car Charles III ne mettra plus la main \u00e0 la poche. Les m\u00e9dias britanniques avaient r\u00e9v\u00e9l\u00e9 qu&rsquo;elle r\u00eavait d&rsquo;Adelaide Cottage, la demeure que s&rsquo;appr\u00eatent \u00e0 quitter le <strong>prince<\/strong> et la <strong>princesse<\/strong> <strong>de<\/strong> <strong>Galles<\/strong>. \u00c9gar\u00e9e dans ses chim\u00e8res, en aurait-elle oubli\u00e9 qu&rsquo;elle est, elle aussi, au c\u0153ur de l&rsquo;affaire ?<\/p>\n<p><img decoding=\"async\" alt=\"Sarah Ferguson et Andrew MountbattenWindsor aux funrailles de la duchesse de Kent \u00e0 Londres le 16 septembre 2025.\" loading=\"lazy\" class=\"ResponsiveImageContainer-eNxvmU cfBbTk responsive-image__image\"   src=\"https:\/\/www.europesays.com\/fr\/wp-content\/uploads\/2025\/11\/GettyImages-2235242853.jpg\"\/><\/p>\n<p>Sarah Ferguson et Andrew Mountbatten-Windsor aux fun\u00e9railles de la duchesse de Kent, \u00e0 Londres, le 16 septembre 2025.Mark Cuthbert\/Getty Images<\/p>\n<p>Mi-septembre, les associations pour lesquelles elle \u0153uvrait lui ont subitement tourn\u00e9 le dos, ne voulant plus d&rsquo;un quelconque lien avec elle. Car, apr\u00e8s Andrew, c&rsquo;\u00e9tait elle qui faisait la une. En cause, un mail exhum\u00e9 par le Mail on Sunday <a href=\"https:\/\/www.vanityfair.fr\/article\/natalie-dormer-ne-fera-pas-la-promotion-de-the-lady-serie-dans-laquelle-elle-incarne-sarah-ferguson\" target=\"_blank\" rel=\"noopener\">qu&rsquo;elle aurait adress\u00e9 \u00e0 Epstein<\/a> quelques semaines apr\u00e8s avoir assur\u00e9 \u00e0 la t\u00e9l\u00e9vision n&rsquo;avoir plus aucun contact avec le milliardaire. Elle lui t\u00e9moignait son amiti\u00e9 entre deux phrases doucereuses : \u00ab Je sais que tu te sens terriblement d\u00e9\u00e7u par moi \u00e0 cause de ce qu&rsquo;on t&rsquo;a dit ou de ce que tu as lu, et je dois t&rsquo;offrir mes excuses les plus sinc\u00e8res, \u00e0 toi et \u00e0 ton c\u0153ur&#8230; Tu as toujours \u00e9t\u00e9 un ami fid\u00e8le, g\u00e9n\u00e9reux et exceptionnel pour moi et ma famille\u00a0\u00bb. Charles III, qui avait de nouveau accueilli Sarah dans le giron familial, par sympathie et t\u00e9moignage de solidarit\u00e9 face \u00e0 la maladie, a perdu patience. Il l&rsquo;a bannie, ainsi que son ex-\u00e9poux, <a href=\"https:\/\/www.vanityfair.fr\/article\/le-roi-charles-iii-bannit-le-prince-andrew-et-sarah-ferguson-du-noel-de-la-famille-royale\" target=\"_blank\" rel=\"noopener\">des r\u00e9unions familiales \u00e0 venir<\/a>.<\/p>\n<p>Mari\u00e9s ou divorc\u00e9s, Sarah et Andrew vont par deux. \u00ab Il l&rsquo;a soutenue. Elle l&rsquo;a soutenu parce qu&rsquo;ils ont tous deux \u00e9t\u00e9 aussi mauvais l&rsquo;un que l&rsquo;autre, pour \u00eatre honn\u00eate. Ils ont tous deux \u00e9t\u00e9 impliqu\u00e9s dans des scandales. C&rsquo;est donc une sorte de survie mutuelle \u00bb, explique <strong>Phil<\/strong> <strong>Dampier<\/strong>, sp\u00e9cialiste en t\u00eates couronn\u00e9es aupr\u00e8s de <a data-offer-url=\"https:\/\/www.hellomagazine.com\/royalty\/864689\/prince-andrew-sarah-ferguson-relationship-explained-marriage-divorce-leaving-royal-lodge-mean-for-them\/\" class=\"external-link\" data-event-click=\"{&quot;element&quot;:&quot;ExternalLink&quot;,&quot;outgoingURL&quot;:&quot;https:\/\/www.hellomagazine.com\/royalty\/864689\/prince-andrew-sarah-ferguson-relationship-explained-marriage-divorce-leaving-royal-lodge-mean-for-them\/&quot;}\" href=\"https:\/\/www.hellomagazine.com\/royalty\/864689\/prince-andrew-sarah-ferguson-relationship-explained-marriage-divorce-leaving-royal-lodge-mean-for-them\/\" rel=\"nofollow noopener\" target=\"_blank\">Hello<\/a>. \u00ab Ils ont \u00e9t\u00e9 soud\u00e9s par une sorte d&rsquo;int\u00e9r\u00eat mutuel et ont peut-\u00eatre fait ressortir le pire l&rsquo;un chez l&rsquo;autre. \u00bb L&rsquo;ancien couple est rest\u00e9 ensemble pour le bien de leurs filles puis par habitude \u2014 et confort pour Sarah qui pouvait discr\u00e8tement profiter d&rsquo;un train de vie royal. Aujourd&rsquo;hui, que leur reste-t-il ? La maison d&rsquo;York est r\u00e9duite aux cendres, leurs filles loin et ind\u00e9pendantes et la colocation est termin\u00e9e. Ils se sont rest\u00e9s fid\u00e8les dans le bonheur et les \u00e9preuves. Le seront-ils toujours dans le d\u00e9shonneur ?<\/p>\n","protected":false},"excerpt":{"rendered":"Leurs racines les emp\u00eachent cependant de s&rsquo;\u00e9loigner de la Couronne. En raison de leur place dans l&rsquo;arbre g\u00e9n\u00e9alogique&hellip;\n","protected":false},"author":2,"featured_media":506342,"comment_status":"","ping_status":"","sticky":false,"template":"","format":"standard","meta":{"footnotes":""},"categories":[1359],"tags":[58,59,1011,27,973,546],"class_list":{"0":"post-506341","1":"post","2":"type-post","3":"status-publish","4":"format-standard","5":"has-post-thumbnail","7":"category-people","8":"tag-divertissement","9":"tag-entertainment","10":"tag-fr","11":"tag-france","12":"tag-people","13":"tag-prince-andrew"},"share_on_mastodon":{"url":"https:\/\/pubeurope.com\/@fr\/115479125686050463","error":""},"_links":{"self":[{"href":"https:\/\/www.europesays.com\/fr\/wp-json\/wp\/v2\/posts\/506341","targetHints":{"allow":["GET"]}}],"collection":[{"href":"https:\/\/www.europesays.com\/fr\/wp-json\/wp\/v2\/posts"}],"about":[{"href":"https:\/\/www.europesays.com\/fr\/wp-json\/wp\/v2\/types\/post"}],"author":[{"embeddable":true,"href":"https:\/\/www.europesays.com\/fr\/wp-json\/wp\/v2\/users\/2"}],"replies":[{"embeddable":true,"href":"https:\/\/www.europesays.com\/fr\/wp-json\/wp\/v2\/comments?post=506341"}],"version-history":[{"count":0,"href":"https:\/\/www.europesays.com\/fr\/wp-json\/wp\/v2\/posts\/506341\/revisions"}],"wp:featuredmedia":[{"embeddable":true,"href":"https:\/\/www.europesays.com\/fr\/wp-json\/wp\/v2\/media\/506342"}],"wp:attachment":[{"href":"https:\/\/www.europesays.com\/fr\/wp-json\/wp\/v2\/media?parent=506341"}],"wp:term":[{"taxonomy":"category","embeddable":true,"href":"https:\/\/www.europesays.com\/fr\/wp-json\/wp\/v2\/categories?post=506341"},{"taxonomy":"post_tag","embeddable":true,"href":"https:\/\/www.europesays.com\/fr\/wp-json\/wp\/v2\/tags?post=506341"}],"curies":[{"name":"wp","href":"https:\/\/api.w.org\/{rel}","templated":true}]}}