{"id":506343,"date":"2025-11-02T08:19:42","date_gmt":"2025-11-02T08:19:42","guid":{"rendered":"https:\/\/www.europesays.com\/fr\/506343\/"},"modified":"2025-11-02T08:19:42","modified_gmt":"2025-11-02T08:19:42","slug":"les-cliches-hauts-en-couleurs-du-wildlife-photographer-of-the-year-2025","status":"publish","type":"post","link":"https:\/\/www.europesays.com\/fr\/506343\/","title":{"rendered":"Les clich\u00e9s hauts en couleurs du Wildlife Photographer of the Year 2025"},"content":{"rendered":"<p>            Rouge et vert<\/p>\n<p>L\u2019\u00e9clair rouge et vert traversait l\u2019int\u00e9rieur de sa maison de Goalpara, dans le nord-est de <a href=\"https:\/\/www.geo.fr\/geopolitique\/plutot-mourir-dans-le-nord-de-l-inde-colere-autour-d-un-projet-de-barrage-anti-chinois-228813\" target=\"_blank\" rel=\"noopener\">l\u2019Inde<\/a> : le photographe Bidyut Kalita a surpris cette gu\u00eape poti\u00e8re transportant sa proie \u2013\u00a0une <a href=\"https:\/\/www.geo.fr\/animaux\/a-hawai-une-etrange-chenille-se-deguise-avec-les-cadavres-de-ses-proies-226232\" target=\"_blank\" rel=\"noopener\">chenille<\/a>\u00a0\u2013 entre ses mandibules. Ailes pourpres, corps rubescent, yeux noirs tel un masque sur un front jaune et antennes orange, l\u2019insecte filait vers le petit nid de boue s\u00e9ch\u00e9e qu\u2019il avait b\u00e2ti sur un simple cadre photo, afin d\u2019abriter ses larves. Une d\u00e9bauche de couleurs pour un geste immuable : nourrir la g\u00e9n\u00e9ration \u00e0 venir.<\/p>\n<p>Bidyut Kalita (Inde) &gt; Cat\u00e9gorie \u00ab\u00a0Comportement des invert\u00e9br\u00e9s\u00a0\u00bb &gt; Mention : F\u00e9licitations du jury<\/p>\n<p>Rose<\/p>\n<p>Gr\u00e2ce naturelle, geste suspendu, nuances de corail\u2026 Avec ce clich\u00e9, la jeune Leana Kuster \u2013 elle n\u2019a que 17 ans \u2013, a saisi un flamant rose (Phoenicopterus roseus) comme en pleine r\u00e9v\u00e9rence, en <a href=\"https:\/\/www.geo.fr\/animaux\/en-camargue-les-fetes-ne-peuvent-se-passer-d-un-protagoniste-essentiel-le-cheval-222717\" target=\"_blank\" rel=\"noopener\">Camargue<\/a>, dans le parc ornithologique de Pont-de-Gau. En r\u00e9alit\u00e9, la longue patte de l\u2019oiseau, fine comme un pinceau, est en train de gratter d\u00e9licatement sa t\u00eate aux douces teintes pastel. Cet \u00e9chassier, symbole de la r\u00e9serve, doit sa couleur aux carot\u00e9no\u00efdes de son alimentation \u2013\u00a0<a href=\"https:\/\/www.geo.fr\/environnement\/l-oeil-de-geo-ces-algues-aux-parois-de-verre-glissent-a-travers-les-canaux-geles-de-l-arctique-228594\" target=\"_blank\" rel=\"noopener\">algues<\/a>, crustac\u00e9s\u00a0\u2013 qu\u2019il filtre dans les lagunes sal\u00e9es gr\u00e2ce \u00e0 son bec incurv\u00e9 aplati. Ce geste \u00e9l\u00e9gant, loin d\u2019\u00eatre anodin, est \u00e9galement une n\u00e9cessit\u00e9 vitale, car cette toilette minutieuse imperm\u00e9abilise son plumage et le prot\u00e8ge des parasites. Beaut\u00e9, soin et survie en une seule image.<\/p>\n<p>Leana Kuster (Suisse) &gt; Cat\u00e9gorie : \u00ab\u00a015-17 ans\u00a0\u00bb &gt; Mention : F\u00e9licitations du jury<\/p>\n<p><img decoding=\"async\"  src=\"https:\/\/www.geo.fr\/imgre\/fit\/~1~geo~2025~10~28~87b93d62-15eb-426a-b3b0-2d050473d58d.jpeg\/425x283\/quality\/63\/crop-from\/center\/image.avif\" alt=\"Flamant rose.\"  class=\"apply-ratio\" loading=\"lazy\" style=\"aspect-ratio: 1.5 \/ 1;\"\/><\/p>\n<p>\n                            Flamant rose.<\/p>\n<p>                            \u00a9 Leana Kuster \/ Wildlife Photographer of The year 2025<\/p>\n<p>Vert<\/p>\n<p>Risqu\u00e9 et hypnotique : pour capturer, au large de la Californie, ce tourbillon vertfluo, un essaim de <a href=\"https:\/\/www.geo.fr\/environnement\/des-meduses-cyborgs-pour-explorer-les-fonds-marins-les-architectes-de-la-mer-en-danger-le-journal-de-l-ocean-228233\" target=\"_blank\" rel=\"noopener\">m\u00e9duses<\/a> de type Chrysaora fuscescens, le photojournaliste Ralph Pace a enduit de vaseline chaque parcelle de sa peau expos\u00e9e avant de braver la br\u00fblure de leurs tentacules. Ombres fantomatiques, cr\u00e9atures translucides suspendues dans la lumi\u00e8re, elles livrent un ballet aussi gracieux que d\u00e9routant. Leur prolif\u00e9ration est cependant le signe d\u2019un oc\u00e9an en d\u00e9s\u00e9quilibre, boulevers\u00e9 par le r\u00e9chauffement des eaux et la surp\u00eache qui fait dispara\u00eetre leurs pr\u00e9dateurs. Fragiles en apparence, ces m\u00e9duses prosp\u00e8rent l\u00e0 o\u00f9 l\u2019homme d\u00e9faille : elles sont les danseuses inqui\u00e8tes d\u2019un monde marin en pleine mutation.<\/p>\n<p>Ralph Pace (\u00c9tats-Unis) &gt; Cat\u00e9gorie : \u00ab\u00a0Monde sous-marin\u00a0\u00bb &gt; Mention : F\u00e9licitations du jury<\/p>\n<p><img decoding=\"async\"  src=\"https:\/\/www.geo.fr\/imgre\/fit\/~1~geo~2025~10~28~bbae0b4b-4d43-410f-b198-c610a029b6f7.jpeg\/425x283\/quality\/63\/crop-from\/center\/image.avif\" alt=\"Essaim de m\u00e9duses.\"  class=\"apply-ratio\" loading=\"lazy\" style=\"aspect-ratio: 1.5 \/ 1;\"\/><\/p>\n<p>\n                            Essaim de m\u00e9duses.<\/p>\n<p>                            \u00a9 Ralph Pace \/ Wildlife Photographer of The year 2025<\/p>\n<p>Blanc<\/p>\n<p>Sur l\u2019\u00eele d\u2019Ellesmere, au <a href=\"https:\/\/www.geo.fr\/environnement\/le-canada-donne-a-la-region-arctique-du-nunavut-riche-en-minerais-le-controle-de-ses-ressources-218464\" target=\"_blank\" rel=\"noopener\">Nunavut<\/a>, le plus vaste et le plus septentrional des territoires du <a href=\"https:\/\/www.geo.fr\/voyage\/traverser-le-canada-en-fauteuil-roulant-recit-dun-voyage-en-train-a-travers-l-hiver-228799\" target=\"_blank\" rel=\"noopener\">Canada<\/a>, une meute de loups arctiques (Canis lupus arctos) avance, presque invisible dans l\u2019immensit\u00e9 du d\u00e9sertblanc. Seuls leurs yeux bruns et leurs truffes noires trahissent leur pr\u00e9sence. Dans ces terres isol\u00e9es de l\u2019Arctique, ces cousins du <a href=\"https:\/\/www.geo.fr\/animaux\/tout-ce-quil-faut-savoir-sur-le-loup-gris-206981\" target=\"_blank\" rel=\"noopener\">loup gris<\/a> vivent en bande, chassant le li\u00e8vre et le b\u0153uf musqu\u00e9. Leur pelage blanc, inchang\u00e9 toute l\u2019ann\u00e9e, permet \u00e0 ces redoutables pr\u00e9dateurs de rester discrets. Peu expos\u00e9s \u00e0 l\u2019homme, ces animaux se montrent plus curieux que craintifs, mais le <a href=\"https:\/\/www.geo.fr\/animaux\/laurent-baheux-photographe-animalier-ce-nest-pas-moi-qui-choisis-la-rencontre-cest-lelephant-212051\" target=\"_blank\" rel=\"noopener\">photographe animalier<\/a> Amit Eshel a d\u00fb patienter douze jours, par -35 \u00b0C, avant de voir son r\u00eave se r\u00e9aliser et que les loups s\u2019approchent si pr\u00e8s de son objectif qu\u2019il puisse sentir leur souffle.<\/p>\n<p>Amit Eshel (Isra\u00ebl) &gt; Cat\u00e9gorie : \u00ab\u00a0Portaits d\u2019animaux\u00a0\u00bb &gt; Mention : F\u00e9licitations du jury<\/p>\n<p><img decoding=\"async\"  src=\"https:\/\/www.geo.fr\/imgre\/fit\/~1~geo~2025~10~28~c0964f22-6429-4885-a17f-866cd771d0a0.jpeg\/425x239\/quality\/63\/crop-from\/center\/image.avif\" alt=\"Meute de loups arctiques.\"  class=\"apply-ratio\" loading=\"lazy\" style=\"\"\/><\/p>\n<p>\n                            Meute de loups arctiques.<\/p>\n<p>                            \u00a9 Amit Eshel \/ Wildlife Photographer of The year 2025<\/p>\n<p>Or<\/p>\n<p>Les photographes animaliers utilisent souvent un diffuseur, un accessoire qui adoucit la lumi\u00e8re du flash et \u00e9vite reflets et ombres dures. Gr\u00e2ce \u00e0 cette technique, l\u2019Am\u00e9ricain Nick Kanakis a saisi, lors d\u2019une sortie nocturne dans un bois du comt\u00e9 de Navarro (Texas), une sc\u00e8ne rare et fascinante : une couleuvre d\u2019eau \u00e0 dos de diamant (Nerodia rhombifer) engloutissant lentement une grenouille taureau (Lithobates catesbeianus). Non venimeux, ce <a href=\"https:\/\/www.geo.fr\/animaux\/redecouverte-du-plus-petit-serpent-du-monde-disparu-depuis-20-ans-a-la-barbade-227898\" target=\"_blank\" rel=\"noopener\">serpent<\/a> vit dans les zones humides et se nourrit de poissons et d\u2019amphibiens. La <a href=\"https:\/\/www.geo.fr\/animaux\/qui-est-la-grenouille-taureau-et-pourquoi-sappelle-t-elle-ainsi-217667\" target=\"_blank\" rel=\"noopener\">grenouille taureau<\/a>, la plus grande d\u2019Am\u00e9rique du Nord \u2013\u00a0jusqu\u2019\u00e0 20 centim\u00e8tres et un kilo\u00a0\u2013 est quant \u00e0 elle devenue invasive dans de nombreuses r\u00e9gions du monde.<\/p>\n<p>Nick Kanakis (\u00c9tats-Unis) &gt; Cat\u00e9gorie : \u00ab\u00a0Comportement des amphibiens et des reptiles\u00a0\u00bb &gt; Mention : F\u00e9licitations du jury<\/p>\n<p><img decoding=\"async\"  src=\"https:\/\/www.geo.fr\/imgre\/fit\/~1~geo~2025~10~28~ac8494a2-ae0b-460e-bb67-71e0cf68280a.jpeg\/425x283\/quality\/63\/crop-from\/center\/image.avif\" alt=\"Couleuvre d\u2019eau \u00e0 dos de diamant engloutissant lentement une grenouille taureau.\"  class=\"apply-ratio\" loading=\"lazy\" style=\"aspect-ratio: 1.5 \/ 1;\"\/><\/p>\n<p>\n                            Couleuvre d\u2019eau \u00e0 dos de diamant engloutissant lentement une grenouille taureau.<\/p>\n<p>                            \u00a9 Nick Kanakis \/ Wildlife Photographer of The year 2025<\/p>\n<p>\u27a4 Article paru dans le magazine GEO n\u00b0561, \u00ab\u00a0Tunisie, un surprenant h\u00e9ritage antique \u00e0 d\u00e9couvrir\u00a0\u00bb, de novembre 2025.<\/p>\n<p>\u27a4 Vous \u00eates d\u00e9j\u00e0 fid\u00e8le au contenu GEO ? Alors pour ne rien manquer, d\u00e9couvrez <a href=\"https:\/\/www.prismashop.fr\/tous-les-magazines\/connaissance-et-voyage\/geo.html?code=SIEPMSGEO&amp;utm_source=geo-fr&amp;utm_medium=sites-editos&amp;utm_campaign=article&amp;utm_content=pms\" target=\"_blank\" rel=\"noopener\">n<\/a><a href=\"https:\/\/www.prismashop.fr\/tous-les-magazines\/connaissance-et-voyage\/geo.html?code=SIEPMSGEO&amp;utm_source=geo-fr&amp;utm_medium=sites-editos&amp;utm_campaign=article&amp;utm_content=pms\" target=\"_blank\" rel=\"noopener\">os<\/a><a href=\"https:\/\/www.prismashop.fr\/tous-les-magazines\/connaissance-et-voyage\/geo.html?code=SIEPMSGEO&amp;utm_source=geo-fr&amp;utm_medium=sites-editos&amp;utm_campaign=article&amp;utm_content=pms\" target=\"_blank\" rel=\"noopener\"> formules d&rsquo;abonnement <\/a>pour recevoir chaque mois GEO chez vous en toute simplicit\u00e9.<\/p>\n","protected":false},"excerpt":{"rendered":"Rouge et vert L\u2019\u00e9clair rouge et vert traversait l\u2019int\u00e9rieur de sa maison de Goalpara, dans le nord-est de&hellip;\n","protected":false},"author":2,"featured_media":506344,"comment_status":"","ping_status":"","sticky":false,"template":"","format":"standard","meta":{"footnotes":""},"categories":[1358],"tags":[1867,1348,1384,1385,59401,33942,1386,58,59,5154,1011,27,2742],"class_list":{"0":"post-506343","1":"post","2":"type-post","3":"status-publish","4":"format-standard","5":"has-post-thumbnail","7":"category-arts-et-design","8":"tag-animaux","9":"tag-arts","10":"tag-arts-and-design","11":"tag-arts-et-design","12":"tag-comportement-animal","13":"tag-concours-photo","14":"tag-design","15":"tag-divertissement","16":"tag-entertainment","17":"tag-faune","18":"tag-fr","19":"tag-france","20":"tag-nature"},"share_on_mastodon":{"url":"https:\/\/pubeurope.com\/@fr\/115479128929526418","error":""},"_links":{"self":[{"href":"https:\/\/www.europesays.com\/fr\/wp-json\/wp\/v2\/posts\/506343","targetHints":{"allow":["GET"]}}],"collection":[{"href":"https:\/\/www.europesays.com\/fr\/wp-json\/wp\/v2\/posts"}],"about":[{"href":"https:\/\/www.europesays.com\/fr\/wp-json\/wp\/v2\/types\/post"}],"author":[{"embeddable":true,"href":"https:\/\/www.europesays.com\/fr\/wp-json\/wp\/v2\/users\/2"}],"replies":[{"embeddable":true,"href":"https:\/\/www.europesays.com\/fr\/wp-json\/wp\/v2\/comments?post=506343"}],"version-history":[{"count":0,"href":"https:\/\/www.europesays.com\/fr\/wp-json\/wp\/v2\/posts\/506343\/revisions"}],"wp:featuredmedia":[{"embeddable":true,"href":"https:\/\/www.europesays.com\/fr\/wp-json\/wp\/v2\/media\/506344"}],"wp:attachment":[{"href":"https:\/\/www.europesays.com\/fr\/wp-json\/wp\/v2\/media?parent=506343"}],"wp:term":[{"taxonomy":"category","embeddable":true,"href":"https:\/\/www.europesays.com\/fr\/wp-json\/wp\/v2\/categories?post=506343"},{"taxonomy":"post_tag","embeddable":true,"href":"https:\/\/www.europesays.com\/fr\/wp-json\/wp\/v2\/tags?post=506343"}],"curies":[{"name":"wp","href":"https:\/\/api.w.org\/{rel}","templated":true}]}}