{"id":506351,"date":"2025-11-02T08:25:11","date_gmt":"2025-11-02T08:25:11","guid":{"rendered":"https:\/\/www.europesays.com\/fr\/506351\/"},"modified":"2025-11-02T08:25:11","modified_gmt":"2025-11-02T08:25:11","slug":"crise-cardiaque-avc-les-personnes-qui-ont-ce-groupe-sanguin-sont-mieux-protegees-que-les-autres","status":"publish","type":"post","link":"https:\/\/www.europesays.com\/fr\/506351\/","title":{"rendered":"Crise cardiaque, AVC&#8230; Les personnes qui ont ce groupe sanguin sont mieux prot\u00e9g\u00e9es que les autres"},"content":{"rendered":"<p class=\"app_entry_lead\">\n<p>                    <a title=\"\u00a0\u00a9\u00a0photobuay - stock.adobe.com\" href=\"https:\/\/www.europesays.com\/fr\/wp-content\/uploads\/2025\/11\/82172352.jpg\" class=\"fancy\"><\/p>\n<p>                            <img loading=\"lazy\" decoding=\"async\" src=\"https:\/\/www.europesays.com\/fr\/wp-content\/uploads\/2025\/11\/82172352.jpg\" alt=\"Crise cardiaque, AVC... Les personnes qui ont ce groupe sanguin sont mieux prot\u00e9g\u00e9es que les autres\" width=\"1500\" height=\"924\"\/><\/p>\n<p>                    <\/a><\/p>\n<p>                Ce groupe sanguin pourrait \u00eatre mieux prot\u00e9g\u00e9 contre les AVC, les crises cardiaques ou les embolies.<\/p>\n<p>A, B, AB, O&#8230; Et si notre groupe sanguin n&rsquo;\u00e9tait pas qu&rsquo;une simple lettre sur notre carnet de sant\u00e9, mais en disait plus long sur nous qu&rsquo;on ne le pensait ? Plusieurs \u00e9tudes le montrent. Elles se sont notamment int\u00e9ress\u00e9es au lien entre groupe sanguin et sant\u00e9. Toutes mettent en \u00e9vidence un risque r\u00e9duit pour le m\u00eame groupe sanguin.<\/p>\n<p>Une des principales \u00e9tudes sur le sujet a d\u00e9montr\u00e9 que les personnes des groupes sanguins A et B\u00a0\u00ab\u00a0avaient 51\u00a0% plus de risques de d\u00e9velopper une thrombose veineuse profonde (un caillot dans une veine, ndlr) et 47\u00a0% plus de risques de d\u00e9velopper une embolie pulmonaire\u00a0\u00bb (un caillot dans les poumons) par rapport aux personnes du groupe sanguin O, selon\u00a0l&rsquo;\u00e9tude publi\u00e9e\u00a0en 2020\u00a0dans le r\u00e9put\u00e9 <a href=\"https:\/\/www.ahajournals.org\/doi\/10.1161\/ATVBAHA.119.313658\" target=\"_blank\" rel=\"noopener\">American Heart Journal<\/a>.<\/p>\n<p>Les chercheurs avaient conclu que les personnes des groupes sanguins A et B\u00a0avaient \u00e9galement un risque plus \u00e9lev\u00e9 de 8 % de crise cardiaque, et de 10 % d&rsquo;insuffisance cardiaque, par rapport au groupe O. Une conclusion similaire \u00e0 celle d&rsquo;une <a href=\"https:\/\/www.sciencedaily.com\/releases\/2017\/04\/170430095446.htm\" target=\"_blank\" rel=\"noopener\">autre \u00e9tude men\u00e9e par la Soci\u00e9t\u00e9 europ\u00e9enne de cardiologie<\/a>. Elle avait trouv\u00e9 \u00ab\u00a0une augmentation de 9\u00a0% du risque d&rsquo;\u00e9v\u00e9nements cardiovasculaires, en particulier d&rsquo;infarctus du myocarde\u00a0\u00bb chez les personnes qui n&rsquo;\u00e9taient pas du groupe sanguin O.\u00a0<\/p>\n<p><img decoding=\"async\" alt=\"\" src=\"https:\/\/www.europesays.com\/fr\/wp-content\/uploads\/2025\/11\/82173328.jpg\"\/><\/p>\n<p>Aussi, une <a href=\"https:\/\/www.neurology.org\/doi\/10.1212\/WNL.0000000000201006\" target=\"_blank\" rel=\"noopener\">revue de 48 \u00e9tudes<\/a>\u00a0avait mis en \u00e9vidence que le groupe sanguin pouvait aussi influencer le risque d&rsquo;AVC, et en particulier les AVC pr\u00e9coces, c&rsquo;est-\u00e0-dire avant 60\u00a0ans. Les chercheurs avaient en effet \u00ab\u00a0d\u00e9couvert que les personnes du groupe sanguin A pr\u00e9sentaient un risque de 16\u00a0% plus \u00e9lev\u00e9 de subir un AVC pr\u00e9coce que les personnes des autres groupes sanguins\u00a0\u00bb, et que \u00ab\u00a0les personnes du groupe sanguin O pr\u00e9sentaient un risque de 12\u00a0% moins \u00e9lev\u00e9 de subir un AVC que les personnes des autres groupes sanguins\u00a0\u00bb.<\/p>\n<p>Si ces liens sont encore \u00e0 confirmer, comment peut-on les expliquer ? Les chercheurs ont plusieurs hypoth\u00e8ses. Selon les auteurs de\u00a0l&rsquo;\u00e9tude de la Soci\u00e9t\u00e9 europ\u00e9enne de cardiologie,\u00a0le risque plus \u00e9lev\u00e9 chez les personnes n&rsquo;appartenant pas au groupe sanguin O pourrait \u00eatre d\u00fb \u00e0 la pr\u00e9sence plus importante dans le sang d&rsquo;une prot\u00e9ine associ\u00e9e aux thromboses.\u00a0Aussi, une substance \u00ab\u00a0li\u00e9e \u00e0 l&rsquo;inflammation et \u00e0 une aggravation de l&rsquo;\u00e9tat des patients atteints d&rsquo;insuffisance cardiaque, est \u00e9galement plus \u00e9lev\u00e9e chez les personnes dont le groupe sanguin n&rsquo;est pas O\u00a0\u00bb. <\/p>\n<p>M\u00eame si ces donn\u00e9es peuvent para\u00eetre inqui\u00e9tantes pour les personnes qui ne sont pas du groupe sanguin O, il n&rsquo;y\u00a0a pas encore assez de preuves pour que le groupe sanguin soit consid\u00e9r\u00e9 comme un facteur de risque cardiovasculaire. En attendant, la meilleure arme contre les maladies cardiovasculaires, c&rsquo;est la pr\u00e9vention !\u00a0\u00ab\u00a0Il existe de nombreux moyens pour les personnes ayant ces groupes sanguins de minimiser leur risque. Il s&rsquo;agit notamment de faire de l&rsquo;exercice, d&rsquo;adopter une alimentation saine, de ne pas fumer et d&rsquo;apporter d&rsquo;autres changements similaires \u00e0 son mode de vie\u00a0\u00bb, a expliqu\u00e9 <a href=\"https:\/\/medicine.tufts.edu\/news-events\/news\/what-your-blood-type-can-tell-you-about-your-health\" target=\"_blank\" rel=\"noopener\">l&rsquo;h\u00e9matologue Raymond Comenzo<\/a>.<\/p>\n","protected":false},"excerpt":{"rendered":"Ce groupe sanguin pourrait \u00eatre mieux prot\u00e9g\u00e9 contre les AVC, les crises cardiaques ou les embolies. A, B,&hellip;\n","protected":false},"author":2,"featured_media":506352,"comment_status":"","ping_status":"","sticky":false,"template":"","format":"standard","meta":{"footnotes":""},"categories":[10],"tags":[62800,51761,51763,1011,27,72,51979,2778,51767,71],"class_list":{"0":"post-506351","1":"post","2":"type-post","3":"status-publish","4":"format-standard","5":"has-post-thumbnail","7":"category-sante","8":"tag-cms-linternaute-9129390","9":"tag-controller-content","10":"tag-format-papier","11":"tag-fr","12":"tag-france","13":"tag-health","14":"tag-les-histoires-de-linternaute","15":"tag-maladies","16":"tag-parallaxeinfeed","17":"tag-sante"},"share_on_mastodon":{"url":"https:\/\/pubeurope.com\/@fr\/115479152813769960","error":""},"_links":{"self":[{"href":"https:\/\/www.europesays.com\/fr\/wp-json\/wp\/v2\/posts\/506351","targetHints":{"allow":["GET"]}}],"collection":[{"href":"https:\/\/www.europesays.com\/fr\/wp-json\/wp\/v2\/posts"}],"about":[{"href":"https:\/\/www.europesays.com\/fr\/wp-json\/wp\/v2\/types\/post"}],"author":[{"embeddable":true,"href":"https:\/\/www.europesays.com\/fr\/wp-json\/wp\/v2\/users\/2"}],"replies":[{"embeddable":true,"href":"https:\/\/www.europesays.com\/fr\/wp-json\/wp\/v2\/comments?post=506351"}],"version-history":[{"count":0,"href":"https:\/\/www.europesays.com\/fr\/wp-json\/wp\/v2\/posts\/506351\/revisions"}],"wp:featuredmedia":[{"embeddable":true,"href":"https:\/\/www.europesays.com\/fr\/wp-json\/wp\/v2\/media\/506352"}],"wp:attachment":[{"href":"https:\/\/www.europesays.com\/fr\/wp-json\/wp\/v2\/media?parent=506351"}],"wp:term":[{"taxonomy":"category","embeddable":true,"href":"https:\/\/www.europesays.com\/fr\/wp-json\/wp\/v2\/categories?post=506351"},{"taxonomy":"post_tag","embeddable":true,"href":"https:\/\/www.europesays.com\/fr\/wp-json\/wp\/v2\/tags?post=506351"}],"curies":[{"name":"wp","href":"https:\/\/api.w.org\/{rel}","templated":true}]}}