{"id":506360,"date":"2025-11-02T08:30:17","date_gmt":"2025-11-02T08:30:17","guid":{"rendered":"https:\/\/www.europesays.com\/fr\/506360\/"},"modified":"2025-11-02T08:30:17","modified_gmt":"2025-11-02T08:30:17","slug":"en-campagne-pour-les-democrates-obama-tacle-frontalement-la-politique-de-trump","status":"publish","type":"post","link":"https:\/\/www.europesays.com\/fr\/506360\/","title":{"rendered":"En campagne pour les d\u00e9mocrates, Obama tacle frontalement la politique de Trump"},"content":{"rendered":"<p>En campagne pour les d\u00e9mocrates avant des \u00e9lections r\u00e9gionales \u00e0 valeur de test, <a href=\"https:\/\/www.20minutes.fr\/monde\/etats-unis\/4175387-20250926-etats-unis-violence-contre-verite-obama-offusque-theories-trump-causes-autisme\" target=\"_blank\" class=\"c-link c-link--is-underlined\" rel=\"noopener\">Barack Obama<\/a> en a profit\u00e9 pour d\u00e9cocher ses fl\u00e8ches contre l\u2019actuel locataire de la Maison-Blanche. Lors de meeting samedi, l\u2019ancien pr\u00e9sident des Etats-Unis a en effet critiqu\u00e9 <a href=\"https:\/\/www.20minutes.fr\/monde\/etats-unis\/4182448-20251030-face-chine-russie-trump-ordonne-reprise-essais-nucleaires-americains\" target=\"_blank\" class=\"c-link c-link--is-underlined\" rel=\"noopener\">Donald Trump<\/a> pour ses politiques \u00ab\u00a0chaotiques\u00a0\u00bb et mis en garde contre les dangers qui menacent la d\u00e9mocratie am\u00e9ricaine.<\/p>\n<p>Neuf mois apr\u00e8s le d\u00e9but du second mandat de Donald Trump, \u00ab\u00a0la situation s\u2019est-elle am\u00e9lior\u00e9e\u00a0?\u00a0\u00bb pour ceux qui ont voulu \u00ab\u00a0tenter leur chance\u00a0\u00bb avec le r\u00e9publicain, a-t-il lanc\u00e9 \u00e0 Norfolk, en Virginie. \u00ab\u00a0L\u2019\u00e9conomie fonctionne-t-elle mieux pour vous\u00a0? Car elle s\u2019est certainement am\u00e9lior\u00e9e pour (Donald) Trump et sa famille\u00a0\u00bb. \u00ab\u00a0Pour les familles ordinaires, les co\u00fbts n\u2019ont pas baiss\u00e9, ils ont augment\u00e9, \u00e0 cause de cette politique tarifaire chaotique\u00a0\u00bb, a-t-il ajout\u00e9, faisant r\u00e9f\u00e9rence aux <a href=\"https:\/\/www.20minutes.fr\/economie\/4166738-20250805-droits-douane-ue-suspend-represailles-economiques-apres-accord-commercial-noue-trump\" target=\"_blank\" class=\"c-link c-link--is-underlined\" rel=\"noopener\">droits de douane impos\u00e9s par Trump<\/a>.<\/p>\n<p>Obama, une figure toujours influente<\/p>\n<p>Barack Obama, qui reste une figure influente au sein du Parti d\u00e9mocrate, est mont\u00e9 sur sc\u00e8ne sous les applaudissements en Virginie, puis dans le New Jersey, pour soutenir deux candidats au poste de gouverneur. Les r\u00e9sultats de ces \u00e9lections qui auront lieu mardi seront scrut\u00e9s au-del\u00e0 de la sph\u00e8re locale et serviront, dans une certaine mesure, de barom\u00e8tre avant les \u00e9lections de mi-mandat de\u00a02026.<\/p>\n<\/p>\n<p>Jusqu\u2019\u00e0 ce week-end, Barack Obama avait jou\u00e9 un r\u00f4le relativement discret dans la campagne \u00e9lectorale. Samedi, il est venu d\u00e9fendre la candidature de l\u2019ancienne membre du Congr\u00e8s Abigail Spanberger, qui part largement favorite en Virginie, et de l\u2019actuelle membre d\u00e9mocrate de la Chambre des repr\u00e9sentants Mikie Sherrill du New Jersey, au coude-\u00e0-coude avec le r\u00e9publicain Jack Ciattarelli.<\/p>\n<p>Un tacle contre la Cour supr\u00eame<\/p>\n<p>L\u2019ancien pr\u00e9sident (2009-2017) s\u2019est \u00e9galement exprim\u00e9 plus largement sur la politique am\u00e9ricaine, faisant part de ses inqui\u00e9tudes. \u00ab\u00a0Nous n\u2019avons pas besoin de sp\u00e9culer sur les dangers qui menacent notre d\u00e9mocratie\u00a0: ils sont bien r\u00e9els\u00a0\u00bb, a-t-il d\u00e9clar\u00e9.<\/p>\n<p><a href=\"https:\/\/www.20minutes.fr\/monde\/etats-unis\/\" target=\"_blank\" class=\"c-link c-btn c-btn--primary\" rel=\"noopener\">Notre dossier sur les Etats-Unis<\/a><\/p>\n<p>Il a au passage critiqu\u00e9 les r\u00e9publicains du Congr\u00e8s, qui, selon lui, \u00ab\u00a0refusent de s\u2019opposer au pr\u00e9sident (Trump) m\u00eame lorsqu\u2019ils savent qu\u2019il d\u00e9passe les bornes\u00a0\u00bb. Il s\u2019est \u00e9galement dit inquiet face \u00e0 la Cour supr\u00eame qui ne montre \u00ab\u00a0aucune volont\u00e9 de contr\u00f4ler les exc\u00e8s de cette administration\u00a0\u00bb.<\/p>\n","protected":false},"excerpt":{"rendered":"En campagne pour les d\u00e9mocrates avant des \u00e9lections r\u00e9gionales \u00e0 valeur de test, Barack Obama en a profit\u00e9&hellip;\n","protected":false},"author":2,"featured_media":506361,"comment_status":"","ping_status":"","sticky":false,"template":"","format":"standard","meta":{"footnotes":""},"categories":[5],"tags":[47,11,592,75,73,1011,27,14,74,12,23893,23892,28],"class_list":{"0":"post-506360","1":"post","2":"type-post","3":"status-publish","4":"format-standard","5":"has-post-thumbnail","7":"category-international","8":"tag-actualite","9":"tag-actualites","10":"tag-barack-obama","11":"tag-donald-trump","12":"tag-etats-unis","13":"tag-fr","14":"tag-france","15":"tag-international","16":"tag-monde","17":"tag-news","18":"tag-parti-democrate-usa","19":"tag-parti-republicain-usa","20":"tag-world"},"share_on_mastodon":{"url":"https:\/\/pubeurope.com\/@fr\/115479171936802248","error":""},"_links":{"self":[{"href":"https:\/\/www.europesays.com\/fr\/wp-json\/wp\/v2\/posts\/506360","targetHints":{"allow":["GET"]}}],"collection":[{"href":"https:\/\/www.europesays.com\/fr\/wp-json\/wp\/v2\/posts"}],"about":[{"href":"https:\/\/www.europesays.com\/fr\/wp-json\/wp\/v2\/types\/post"}],"author":[{"embeddable":true,"href":"https:\/\/www.europesays.com\/fr\/wp-json\/wp\/v2\/users\/2"}],"replies":[{"embeddable":true,"href":"https:\/\/www.europesays.com\/fr\/wp-json\/wp\/v2\/comments?post=506360"}],"version-history":[{"count":0,"href":"https:\/\/www.europesays.com\/fr\/wp-json\/wp\/v2\/posts\/506360\/revisions"}],"wp:featuredmedia":[{"embeddable":true,"href":"https:\/\/www.europesays.com\/fr\/wp-json\/wp\/v2\/media\/506361"}],"wp:attachment":[{"href":"https:\/\/www.europesays.com\/fr\/wp-json\/wp\/v2\/media?parent=506360"}],"wp:term":[{"taxonomy":"category","embeddable":true,"href":"https:\/\/www.europesays.com\/fr\/wp-json\/wp\/v2\/categories?post=506360"},{"taxonomy":"post_tag","embeddable":true,"href":"https:\/\/www.europesays.com\/fr\/wp-json\/wp\/v2\/tags?post=506360"}],"curies":[{"name":"wp","href":"https:\/\/api.w.org\/{rel}","templated":true}]}}