{"id":506362,"date":"2025-11-02T08:31:12","date_gmt":"2025-11-02T08:31:12","guid":{"rendered":"https:\/\/www.europesays.com\/fr\/506362\/"},"modified":"2025-11-02T08:31:12","modified_gmt":"2025-11-02T08:31:12","slug":"cest-un-peu-notre-mur-de-berlin-un-quartier-semmure-et-divise-les-habitants","status":"publish","type":"post","link":"https:\/\/www.europesays.com\/fr\/506362\/","title":{"rendered":"\u00ab\u00a0C\u2019est un peu notre mur de Berlin\u00a0\u00bb\u2026 Un quartier s\u2019emmure et divise les habitants"},"content":{"rendered":"<p>Quoique voisines, Nadia et Colette tapent la discussion au travers d\u2019un grillage. Soixante ans que Colette vit ici, dans le 4e\u00a0arrondissement de <a href=\"https:\/\/www.20minutes.fr\/marseille\/\" class=\"c-link c-link--is-underlined\" target=\"_blank\" rel=\"noopener\">Marseille<\/a>, et la voil\u00e0 d\u00e9sormais du mauvais c\u00f4t\u00e9 de la barri\u00e8re. \u00ab\u00a0C\u2019est un peu notre mur de Berlin\u00a0\u00bb, en sourirait presque Nadia, locataire d\u2019un appartement de la cit\u00e9 jardin Chutes-Lavie distant de 200 m\u00e8tres de celui de Colette, qui doit n\u00e9anmoins compter une vingtaine de minutes de marche et un d\u00e9tour proche du kilom\u00e8tre pour s\u2019y rendre.<\/p>\n<p>La faute \u00e0 cette barri\u00e8re, d\u2019abord \u00e9rig\u00e9e avec un portillon permettant \u00e0 ses d\u00e9buts le passage, mais soud\u00e9e depuis, emmurant les habitants de cette cit\u00e9 ouvri\u00e8re aux petits pavillons HLM construits dans les ann\u00e9es\u00a01920. \u00ab\u00a0Les Chutes-Lavie c\u2019est 8.000 habitants et la cit\u00e9 des jardins c\u2019est 300 personnes\u00a0\u00bb, explique Nathalie qui s\u2019est d\u00e9cid\u00e9e avec d\u2019autres habitants \u00e0 se monter en collectif contre \u00ab\u00a0cette privatisation de l\u2019espace publique\u00a0\u00bb.<\/p>\n<p>Un parc public privatis\u00e9<\/p>\n<p>Car dans cette cit\u00e9 aux airs de lotissement, se trouvent une \u00e9cole primaire, qui a ferm\u00e9 en juillet dernier faute d\u2019enfants, une cr\u00e8che, un centre a\u00e9r\u00e9 et surtout un parc municipal. Et pour s\u2019y rendre aujourd\u2019hui le d\u00e9tour s\u2019impose. Mais bient\u00f4t, ce parc risque bien de ne plus du tout \u00eatre accessible au reste des habitants.<\/p>\n<p>\u00ab\u00a0Lorsqu\u2019on a appris qu\u2019ils avaient vot\u00e9 la fermeture du dernier acc\u00e8s, situ\u00e9 tout en haut et qui nous contraint d\u00e9j\u00e0 au d\u00e9tour, on s\u2019est dit \u201cce n\u2019est plus possible\u201d\u00a0\u00bb, poursuit Sabine, une assistante maternelle qui a pour habitude de se rendre au parc.<\/p>\n<p>\u00ab\u00a0Avant la barri\u00e8re du bas, j\u2019y allais \u00e0 pied avec les enfants en poussette. \u00c7a me prenait cinq minutes. Avec cette barri\u00e8re, je suis \u00e0 pr\u00e9sent oblig\u00e9e de prendre la voiture. Et l\u00e0, on ne pourra plus du tout y aller\u00a0\u00bb. Pourtant, <a href=\"https:\/\/www.laprovence.com\/article\/region\/4853371198696914\/marseille-un-portail-ferme-et-des-habitants-remontes-aux-chutes-lavie\" rel=\"nofollow noopener\" target=\"_blank\" class=\"c-link c-link--is-underlined\">ce parc a \u00e9t\u00e9 r\u00e9nov\u00e9 derni\u00e8rement avec 90.000 euros d\u2019argent public<\/a>. \u00ab\u00a0On paye avec nos imp\u00f4ts une installation dont ils vont se r\u00e9server l\u2019usage l\u2019exclusif\u00a0\u00bb, s\u2019indigne Nathalie.<\/p>\n<p>Aussi, \u00e0 d\u00e9faut de pouvoir traverser cette paisible cit\u00e9, l\u2019acc\u00e8s aux commerces du quartier, supermarch\u00e9, tabac-presse, boulangerie, pharmacie, fleuriste, boucher se fait en empruntant le boulevard Guigou. Un \u00ab\u00a0boulevard\u00a0\u00bb essentiel \u00e0 la circulation du quartier pour rejoindre l&rsquo;A7, mais o\u00f9 deux voitures ne peuvent se croiser sans avoir \u00e0 monter sur des trottoirs de moins d\u2019un m\u00e8tre de large. \u00ab\u00a0Moi je ne peux plus y monter, c\u2019est devenu trop dangereux\u00a0\u00bb, regrette Nicole, 82 ans, n\u00e9e dans le quartier, qui laisse d\u00e9sormais son mari Diego chercher le pain frais en plus de ne plus pouvoir aller voir son cousin voisin sans prendre sa voiture.<\/p>\n<\/p>\n<p>Cette \u00ab\u00a0enclosure\u00a0\u00bb du quartier des Chutes-Lavie est loin d\u2019\u00eatre un cas isol\u00e9 \u00e0 Marseille. Les \u00ab\u00a0r\u00e9sidences s\u00e9curis\u00e9es\u00a0\u00bb, import\u00e9es du mod\u00e8le am\u00e9ricain des \u00ab\u00a0gated communities\u00a0\u00bb repr\u00e9sentent d\u00e9sormais pr\u00e8s de <a href=\"https:\/\/urbanicites.hypotheses.org\/files\/2019\/09\/DORIER-DARIO-Espage-geo-anglais-_EG_474_0323-1.pdf\" rel=\"nofollow noopener\" target=\"_blank\" class=\"c-link c-link--is-underlined\">30\u00a0% du parc de logements<\/a> \u00e0 Marseille. D\u2019abord apparues marginalement dans les quartiers ais\u00e9s du sud de Marseille, elles colonisent la ville dans un d\u00e9veloppement exponentiel depuis le d\u00e9but des ann\u00e9es\u00a02000.<\/p>\n<p>\u00ab\u00a0Tranquillit\u00e9\u00a0\u00bb et \u00ab\u00a0stationnement r\u00e9serv\u00e9\u00a0\u00bb<\/p>\n<p>Et dans le cas de la cit\u00e9 jardin Chutes-Lavie, cette aspiration \u00e0 s\u2019enfermer a d\u00e9but\u00e9 \u00e0 partir de\u00a02014 et la mise en vente d\u2019environ 40\u00a0% des pavillons HLM, achet\u00e9s essentiellement par leurs occupants. Depuis, les assembl\u00e9es g\u00e9n\u00e9rales de copropri\u00e9t\u00e9 votent la fermeture de chacun des acc\u00e8s, parachevant cet \u00ab\u00a0enfermement\u00a0\u00bb ou \u00ab\u00a0s\u00e9curisation\u00a0\u00bb, c\u2019est selon, en janvier prochain.<\/p>\n<p>Pourtant d\u00e9tenteur de 52\u00a0% des voix, le bailleur Marseille Provence habitat ne s\u2019est jusqu\u2019\u00e0 pr\u00e9sent jamais oppos\u00e9e \u00e0 cette volont\u00e9 des nouveaux propri\u00e9taires. Parmi ceux-ci, Chantal. Et la septuag\u00e9naire \u00ab\u00a0n\u2019est absolument pas pour l\u2019ouverture. Si on a vot\u00e9 pour fermer le haut, ce n\u2019est pas pour rouvrir le bas\u00a0\u00bb, avance-t-elle depuis le pas de la porte de son pavillon, dans une conversation au travers du grillage qui surmonte le muret d\u2019enceinte de sa petite propri\u00e9t\u00e9.<\/p>\n<p><a href=\"https:\/\/www.20minutes.fr\/marseille\/\" class=\"c-link c-btn c-btn--primary\" target=\"_blank\" rel=\"noopener\">Nos articles sur Marseille<\/a><\/p>\n<p>\u00ab\u00a0Les cambriolages, les agressions, les jeunes qui viennent avec leur voiture au parc, les coll\u00e9giens voisins\u2026\u00a0\u00bb, liste-t-elle, r\u00e9p\u00e9tant dans cette br\u00e8ve conversation invariablement le mot \u00ab\u00a0tranquillit\u00e9\u00a0\u00bb. Ce quartier, quoique faisant une sorte de tampon avec le nord de Marseille, n\u2019est pas plus connu qu\u2019ailleurs pour son ins\u00e9curit\u00e9. \u00ab\u00a0Leur vraie raison c\u2019est de vouloir s\u2019attribuer des places de parking \u00e0 profusion, quand bien m\u00eame ils ont des places de stationnements dans leur pavillon\u00a0\u00bb, estime Nathalie, qui \u00ab\u00a0comprend leur d\u00e9sir de s\u00e9curit\u00e9\u00a0\u00bb mais cherche \u00e0 n\u00e9gocier une solution interm\u00e9diaire, avec une ouverture aux seuls pi\u00e9tons. Un rendez-vous avec le bailleur est d\u2019ailleurs pr\u00e9vu le 5\u00a0novembre prochain.<\/p>\n<p>Tensions, menaces et insultes<\/p>\n<p>Mais depuis que ce petit collectif s\u2019agite, la \u00ab\u00a0tension est mont\u00e9e d\u2019un cran, entre les gens du dedans et du dehors\u00a0\u00bb, explique Sabine. \u00ab\u00a0Mi-octobre, nous avons tenu une petite conf\u00e9rence de presse pour d\u00e9noncer la situation. Et la veille de celle-ci, 14 voitures de l\u2019ext\u00e9rieur de la cit\u00e9 ont vu leur vitre bris\u00e9e\u00a0\u00bb, compl\u00e8te Nathalie. \u00ab\u00a0Je ne dis pas que ce sont eux. Mais c\u2019est quand m\u00eame surprenant\u00a0\u00bb, s\u2019\u00e9tonner Nathalie qui fait \u00e9tat de \u00ab\u00a0tensions et de messages d\u2019insultes et de menaces\u00a0\u00bb, notamment dans les commentaires sous la <a href=\"https:\/\/www.mesopinions.com\/petition\/social\/reouverture-acces-pietons-a-chutes-lavie\/256715\/actualite\/86926\" rel=\"nofollow noopener\" target=\"_blank\" class=\"c-link c-link--is-underlined\">p\u00e9tition <\/a>que nous avons lanc\u00e9s.<\/p>\n<p>Cette envie de barri\u00e9rage comporte \u00e9galement un aspect p\u00e9cuniaire et recoupe une r\u00e9alit\u00e9 du march\u00e9 de l\u2019immobilier marseillais. \u00ab\u00a0Beaucoup de parisiens, de personnes qui s\u2019installent \u00e0 Marseille, de personnes \u00e2g\u00e9es, formulent une demande imp\u00e9rative d\u2019un bien situ\u00e9 dans une r\u00e9sidence ferm\u00e9e\u00a0\u00bb, explique \u00e0 20 Minutes S\u00e9bastien, agent chez <a href=\"https:\/\/premihome-immobilier.com\/agence-immobiliere-marseille\/\" rel=\"nofollow noopener\" target=\"_blank\" class=\"c-link c-link--is-underlined\">PremiHome immobilier<\/a>. \u00ab\u00a0Parce qu\u2019ils pensent se faire agresser \u00e0 chaque coin de rue, parce qu\u2019ils veulent une place de stationnement. C\u2019est une r\u00e9alit\u00e9 du march\u00e9\u00a0\u00bb. Un imp\u00e9ratif qui se paye aussi\u00a0: \u00ab\u00a0Un bien situ\u00e9 dans une r\u00e9sidence ferm\u00e9e s\u2019ach\u00e8te 10\u00a0% \u00e0 20\u00a0% plus cher qu\u2019ailleurs dans le quartier\u00a0\u00bb, conclut S\u00e9bastien.<\/p>\n","protected":false},"excerpt":{"rendered":"Quoique voisines, Nadia et Colette tapent la discussion au travers d\u2019un grillage. Soixante ans que Colette vit ici,&hellip;\n","protected":false},"author":2,"featured_media":506363,"comment_status":"","ping_status":"","sticky":false,"template":"","format":"standard","meta":{"footnotes":""},"categories":[4],"tags":[47,11,885,1011,27,31649,1116,2825,1908,16354,884,12,883,882,25,104],"class_list":{"0":"post-506362","1":"post","2":"type-post","3":"status-publish","4":"format-standard","5":"has-post-thumbnail","7":"category-france","8":"tag-actualite","9":"tag-actualites","10":"tag-bouches-du-rhone","11":"tag-fr","12":"tag-france","13":"tag-hlm","14":"tag-immobilier","15":"tag-insecurite","16":"tag-logement","17":"tag-logement-social","18":"tag-marseille","19":"tag-news","20":"tag-paca","21":"tag-provence-alpes-cote-dazur","22":"tag-republique-francaise","23":"tag-societe"},"share_on_mastodon":{"url":"https:\/\/pubeurope.com\/@fr\/115479175797133522","error":""},"_links":{"self":[{"href":"https:\/\/www.europesays.com\/fr\/wp-json\/wp\/v2\/posts\/506362","targetHints":{"allow":["GET"]}}],"collection":[{"href":"https:\/\/www.europesays.com\/fr\/wp-json\/wp\/v2\/posts"}],"about":[{"href":"https:\/\/www.europesays.com\/fr\/wp-json\/wp\/v2\/types\/post"}],"author":[{"embeddable":true,"href":"https:\/\/www.europesays.com\/fr\/wp-json\/wp\/v2\/users\/2"}],"replies":[{"embeddable":true,"href":"https:\/\/www.europesays.com\/fr\/wp-json\/wp\/v2\/comments?post=506362"}],"version-history":[{"count":0,"href":"https:\/\/www.europesays.com\/fr\/wp-json\/wp\/v2\/posts\/506362\/revisions"}],"wp:featuredmedia":[{"embeddable":true,"href":"https:\/\/www.europesays.com\/fr\/wp-json\/wp\/v2\/media\/506363"}],"wp:attachment":[{"href":"https:\/\/www.europesays.com\/fr\/wp-json\/wp\/v2\/media?parent=506362"}],"wp:term":[{"taxonomy":"category","embeddable":true,"href":"https:\/\/www.europesays.com\/fr\/wp-json\/wp\/v2\/categories?post=506362"},{"taxonomy":"post_tag","embeddable":true,"href":"https:\/\/www.europesays.com\/fr\/wp-json\/wp\/v2\/tags?post=506362"}],"curies":[{"name":"wp","href":"https:\/\/api.w.org\/{rel}","templated":true}]}}