{"id":506376,"date":"2025-11-02T08:39:25","date_gmt":"2025-11-02T08:39:25","guid":{"rendered":"https:\/\/www.europesays.com\/fr\/506376\/"},"modified":"2025-11-02T08:39:25","modified_gmt":"2025-11-02T08:39:25","slug":"une-jeune-femme-traumatisee-apres-un-vol-a-larrache-brutal-dans-le-tram","status":"publish","type":"post","link":"https:\/\/www.europesays.com\/fr\/506376\/","title":{"rendered":"une jeune femme traumatis\u00e9e apr\u00e8s un vol \u00e0 l\u2019arrach\u00e9 brutal dans le tram"},"content":{"rendered":"<p>            Par<br \/>\n        <strong><br \/>\n            <a href=\"https:\/\/actu.fr\/auteur\/lea-pippinato\" title=\"Consulter tous les articles de L\u00e9a Pippinato\" rel=\"nofollow noopener\" target=\"_blank\">L\u00e9a Pippinato<\/a><br \/>\n        <\/strong><\/p>\n<p>        Publi\u00e9 le<\/p>\n<p>            31 oct. 2025 \u00e0 13h15        <\/p>\n<p><strong>Ce mardi 28 octobre 2025<\/strong>, une sc\u00e8ne de violence br\u00e8ve mais marquante s\u2019est d\u00e9roul\u00e9e \u00e0 Montpellier, station de tramway Halles de la Paillade. \u00c0 l\u2019int\u00e9rieur de la rame, une jeune femme de 20 ans remarque plusieurs hommes qui se tiennent pr\u00e8s d\u2019elle. L\u2019ambiance semble d\u2019abord banale, jusqu\u2019\u00e0 l\u2019ouverture des portes. L\u2019un d\u2019eux se penche soudain vers elle, lui passe un bras autour du cou et arrache la cha\u00eene qu\u2019elle porte. L\u2019agresseur bondit hors du tram et s\u2019enfuit en courant. Il est environ 15h10.<\/p>\n<p>    <a href=\"https:\/\/www.google.com\/maps\/embed?pb=!1m18!1m12!1m3!1d46228.18074740905!2d3.8338559999999995!3d43.6011008!2m3!1f0!2f0!3f0!3m2!1i1024!2i768!4f13.1!3m3!1m2!1s0x12b6ac239be598eb%3A0x7b34b40389dd9910!2sHalles%20de%20la%20Paillade!5e0!3m2!1sfr!2sfr!4v1761901077264!5m2!1sfr!2sfr\" title=\"Ouvrie le lien\" rel=\"nofollow noopener\" target=\"_blank\">Cliquez ici pour visualiser le contenu<\/a><\/p>\n<p class=\" wall-content\">Pr\u00e9venus, les policiers de la Bac (brigade anticriminalit\u00e9) se mobilisent aussit\u00f4t. Moins d\u2019une heure et demie apr\u00e8s les faits, vers 16h30, un jeune homme est rep\u00e9r\u00e9 rue de Barcelone. Les agents l\u2019interpellent et le placent en garde \u00e0 vue.<\/p>\n<p>Une victime sous le choc<\/p>\n<p class=\" wall-content\">Le suspect a 17 ans. Il vit dans un foyer \u00e0 S\u00e8te. Devant les enqu\u00eateurs, il nie toute implication dans l\u2019agression. Malgr\u00e9 ses d\u00e9clarations, la victime le reconna\u00eet formellement. La jeune femme souffre d\u2019un choc \u00e9motionnel important. Les m\u00e9decins lui accordent une ITT (incapacit\u00e9 temporaire de travail) de trois jours. Le suspect a \u00e9t\u00e9 d\u00e9f\u00e9r\u00e9 devant un juge des enfants <strong>ce jeudi 30 octobre<\/strong> \u00e0 14h.<\/p>\n<p class=\" wall-content\">Personnalisez votre actualit\u00e9 en ajoutant vos villes et m\u00e9dias en favori avec <a href=\"https:\/\/moncompte.actu.fr\" title=\"D\u00e9couvez Mon Actu\" rel=\"nofollow noopener\" data-trk=\"{&quot;cta&quot;:{&quot;action&quot;:&quot;https:\\\/\\\/moncompte.actu.fr&quot;,&quot;category&quot;:&quot;mon compte&quot;,&quot;from&quot;:&quot;article footer&quot;,&quot;name&quot;:&quot;Mon actu&quot;,&quot;type&quot;:&quot;cta&quot;}}\" target=\"_blank\">Mon Actu<\/a>.<\/p>\n","protected":false},"excerpt":{"rendered":"Par L\u00e9a Pippinato Publi\u00e9 le 31 oct. 2025 \u00e0 13h15 Ce mardi 28 octobre 2025, une sc\u00e8ne de&hellip;\n","protected":false},"author":2,"featured_media":506377,"comment_status":"","ping_status":"","sticky":false,"template":"","format":"standard","meta":{"footnotes":""},"categories":[9599],"tags":[1111,11,1777,674,118,1011,27,303,2208,12,2680,1072,25,2803],"class_list":{"0":"post-506376","1":"post","2":"type-post","3":"status-publish","4":"format-standard","5":"has-post-thumbnail","7":"category-montpellier","8":"tag-actu","9":"tag-actualites","10":"tag-eu","11":"tag-europe","12":"tag-faits-divers","13":"tag-fr","14":"tag-france","15":"tag-justice","16":"tag-montpellier","17":"tag-news","18":"tag-occitanie","19":"tag-police","20":"tag-republique-francaise","21":"tag-transport"},"share_on_mastodon":{"url":"https:\/\/pubeurope.com\/@fr\/115479207275133549","error":""},"_links":{"self":[{"href":"https:\/\/www.europesays.com\/fr\/wp-json\/wp\/v2\/posts\/506376","targetHints":{"allow":["GET"]}}],"collection":[{"href":"https:\/\/www.europesays.com\/fr\/wp-json\/wp\/v2\/posts"}],"about":[{"href":"https:\/\/www.europesays.com\/fr\/wp-json\/wp\/v2\/types\/post"}],"author":[{"embeddable":true,"href":"https:\/\/www.europesays.com\/fr\/wp-json\/wp\/v2\/users\/2"}],"replies":[{"embeddable":true,"href":"https:\/\/www.europesays.com\/fr\/wp-json\/wp\/v2\/comments?post=506376"}],"version-history":[{"count":0,"href":"https:\/\/www.europesays.com\/fr\/wp-json\/wp\/v2\/posts\/506376\/revisions"}],"wp:featuredmedia":[{"embeddable":true,"href":"https:\/\/www.europesays.com\/fr\/wp-json\/wp\/v2\/media\/506377"}],"wp:attachment":[{"href":"https:\/\/www.europesays.com\/fr\/wp-json\/wp\/v2\/media?parent=506376"}],"wp:term":[{"taxonomy":"category","embeddable":true,"href":"https:\/\/www.europesays.com\/fr\/wp-json\/wp\/v2\/categories?post=506376"},{"taxonomy":"post_tag","embeddable":true,"href":"https:\/\/www.europesays.com\/fr\/wp-json\/wp\/v2\/tags?post=506376"}],"curies":[{"name":"wp","href":"https:\/\/api.w.org\/{rel}","templated":true}]}}