{"id":506378,"date":"2025-11-02T08:40:10","date_gmt":"2025-11-02T08:40:10","guid":{"rendered":"https:\/\/www.europesays.com\/fr\/506378\/"},"modified":"2025-11-02T08:40:10","modified_gmt":"2025-11-02T08:40:10","slug":"la-ligne-3-de-tramway-retrouve-son-fonctionnement-habituel-a-boirargues","status":"publish","type":"post","link":"https:\/\/www.europesays.com\/fr\/506378\/","title":{"rendered":"la ligne 3 de tramway retrouve son fonctionnement habituel \u00e0 Boirargues"},"content":{"rendered":"<p>            Par<br \/>\n        <strong><br \/>\n            <a href=\"https:\/\/actu.fr\/auteur\/metropoop\" title=\"Consulter tous les articles de R\u00e9daction M\u00e9tropolitain\" target=\"_blank\" rel=\"noopener\">R\u00e9daction M\u00e9tropolitain<\/a><br \/>\n        <\/strong><\/p>\n<p>        Publi\u00e9 le<\/p>\n<p>            2 nov. 2025 \u00e0 9h26        <\/p>\n<p>Bonne nouvelle pour les usagers du <strong>tramway de la M\u00e9tropole de Montpellier<\/strong> : le fonctionnement habituel de la ligne 3 revient d\u00e8s ce lundi 3 novembre 2025, gr\u00e2ce \u00e0 l\u2019am\u00e9nagement de la nouvelle station de Boirargues, dans lz commune de <strong>Lattes<\/strong>.<\/p>\n<p class=\" wall-content\">\u00ab\u00a0Certains\u00a0travaux sp\u00e9cifiques\u00a0li\u00e9s \u00e0 la construction de la nouvelle station\u00a0Boirargues,\u00a0qui n\u00e9cessitaient l\u2019interruption du tramway, arrivent \u00e0 leur terme. Ainsi, d\u00e8s le lundi 3 novembre, la ligne 3 de tramway retrouvera son fonctionnement habituel, desservant l\u2019ensemble de ses stations dont celles situ\u00e9es entre les stations\u00a0Port Marianne\u00a0et\u00a0Lattes-Centre \/ P\u00e9rols \u00c9tang de l\u2019Or.\u00a0Le chantier\u00a0se poursuit pour une mise en service le 14 janvier 2026\u00a0\u00bb, confirme TaM 3M.<\/p>\n<p>    <a href=\"https:\/\/www.google.com\/maps\/embed?pb=!1m18!1m12!1m3!1d6046.662015686741!2d3.9241199739353503!3d43.582817137241044!2m3!1f0!2f0!3f0!3m2!1i1024!2i768!4f13.1!3m3!1m2!1s0x12b6a547775c0547%3A0xf55af6c23bc5b1d6!2sBoirargues!5e0!3m2!1sfr!2sfr!4v1762022678050!5m2!1sfr!2sfr\" title=\"Ouvrie le lien\" target=\"_blank\" rel=\"noopener\">Cliquez ici pour visualiser le contenu<\/a><\/p>\n<p class=\" wall-content\">Dans le cadre de la r\u00e9alisation de la nouvelle station de Boirargues, qui s\u2019int\u00e9grera \u00e0 l\u2019offre existante de la ligne 3 de\u00a0tramway, plusieurs interventions techniques ont \u00e9t\u00e9 men\u00e9es durant les vacances scolaires.<\/p>\n<p class=\" wall-content\">Ces travaux ont notamment permis de\u00a0poser les nez de quais, d\u2019installer les c\u00e2bles d\u2019alimentation \u00e9lectrique de la future station\u00a0ainsi que de\u00a0mettre en place les feux tricolores, un travail minutieux de signalisation lumineuse,\u00a0possible uniquement en l\u2019absence de circulation du tramway.<\/p>\n<p>Vid\u00e9os : en ce moment sur Actu<\/p>\n<p class=\" wall-content\">Parall\u00e8lement, des passages pi\u00e9tons provisoires ont \u00e9t\u00e9 install\u00e9s afin d\u2019assurer la s\u00e9curit\u00e9 et le confort des riverains pendant la dur\u00e9e du chantier, qui s\u2019ach\u00e8vera donc \u00e0 la mi-janvier.<\/p>\n<p class=\" wall-content\">Personnalisez votre actualit\u00e9 en ajoutant vos villes et m\u00e9dias en favori avec <a href=\"https:\/\/moncompte.actu.fr\" title=\"D\u00e9couvez Mon Actu\" rel=\"nofollow noopener\" data-trk=\"{&quot;cta&quot;:{&quot;action&quot;:&quot;https:\\\/\\\/moncompte.actu.fr&quot;,&quot;category&quot;:&quot;mon compte&quot;,&quot;from&quot;:&quot;article footer&quot;,&quot;name&quot;:&quot;Mon actu&quot;,&quot;type&quot;:&quot;cta&quot;}}\" target=\"_blank\">Mon Actu<\/a>.<\/p>\n","protected":false},"excerpt":{"rendered":"Par R\u00e9daction M\u00e9tropolitain Publi\u00e9 le 2 nov. 2025 \u00e0 9h26 Bonne nouvelle pour les usagers du tramway de&hellip;\n","protected":false},"author":2,"featured_media":506379,"comment_status":"","ping_status":"","sticky":false,"template":"","format":"standard","meta":{"footnotes":""},"categories":[9599],"tags":[1111,11,33,1777,674,1011,27,2208,12,2680,25,59623,5787],"class_list":{"0":"post-506378","1":"post","2":"type-post","3":"status-publish","4":"format-standard","5":"has-post-thumbnail","7":"category-montpellier","8":"tag-actu","9":"tag-actualites","10":"tag-economie","11":"tag-eu","12":"tag-europe","13":"tag-fr","14":"tag-france","15":"tag-montpellier","16":"tag-news","17":"tag-occitanie","18":"tag-republique-francaise","19":"tag-tam","20":"tag-transports-en-commun-lyonnais-tcl"},"share_on_mastodon":{"url":"https:\/\/pubeurope.com\/@fr\/115479211152794462","error":""},"_links":{"self":[{"href":"https:\/\/www.europesays.com\/fr\/wp-json\/wp\/v2\/posts\/506378","targetHints":{"allow":["GET"]}}],"collection":[{"href":"https:\/\/www.europesays.com\/fr\/wp-json\/wp\/v2\/posts"}],"about":[{"href":"https:\/\/www.europesays.com\/fr\/wp-json\/wp\/v2\/types\/post"}],"author":[{"embeddable":true,"href":"https:\/\/www.europesays.com\/fr\/wp-json\/wp\/v2\/users\/2"}],"replies":[{"embeddable":true,"href":"https:\/\/www.europesays.com\/fr\/wp-json\/wp\/v2\/comments?post=506378"}],"version-history":[{"count":0,"href":"https:\/\/www.europesays.com\/fr\/wp-json\/wp\/v2\/posts\/506378\/revisions"}],"wp:featuredmedia":[{"embeddable":true,"href":"https:\/\/www.europesays.com\/fr\/wp-json\/wp\/v2\/media\/506379"}],"wp:attachment":[{"href":"https:\/\/www.europesays.com\/fr\/wp-json\/wp\/v2\/media?parent=506378"}],"wp:term":[{"taxonomy":"category","embeddable":true,"href":"https:\/\/www.europesays.com\/fr\/wp-json\/wp\/v2\/categories?post=506378"},{"taxonomy":"post_tag","embeddable":true,"href":"https:\/\/www.europesays.com\/fr\/wp-json\/wp\/v2\/tags?post=506378"}],"curies":[{"name":"wp","href":"https:\/\/api.w.org\/{rel}","templated":true}]}}