{"id":506380,"date":"2025-11-02T08:42:11","date_gmt":"2025-11-02T08:42:11","guid":{"rendered":"https:\/\/www.europesays.com\/fr\/506380\/"},"modified":"2025-11-02T08:42:11","modified_gmt":"2025-11-02T08:42:11","slug":"insecurite-explosions-dans-ce-quartier-du-centre-de-rouen-des-habitants-interpellent-la-mairie","status":"publish","type":"post","link":"https:\/\/www.europesays.com\/fr\/506380\/","title":{"rendered":"Ins\u00e9curit\u00e9, explosions&#8230; Dans ce quartier du centre de Rouen, des habitants interpellent la mairie"},"content":{"rendered":"<p>            Par<br \/>\n        <strong><br \/>\n            <a href=\"https:\/\/actu.fr\/auteur\/elouan-radoux\" title=\"Consulter tous les articles de Elouan Radoux\" rel=\"nofollow noopener\" target=\"_blank\">Elouan Radoux<\/a><br \/>\n        <\/strong><\/p>\n<p>        Publi\u00e9 le<\/p>\n<p>            2 nov. 2025 \u00e0 9h12        <\/p>\n<p>Le 21 octobre 2025, <a href=\"https:\/\/actu.fr\/normandie\/rouen_76540\/info-76actu-une-nouvelle-explosion-mysterieuse-fait-deux-blesses-a-rouen-ca-commence-a-faire-peur_63333000.html\" rel=\"nofollow noopener\" target=\"_blank\">une explosion avait retenti rue du Rosier<\/a> \u00e0 Rouen. Dix jours plus tard, <a href=\"https:\/\/actu.fr\/normandie\/rouen_76540\/la-serie-continue-une-nouvelle-explosion-a-fait-trembler-rouen-le-soir-d-halloween_63382090.html\" rel=\"nofollow noopener\" target=\"_blank\">une nouvelle est survenue non loin de l\u00e0<\/a>. Des habitants<strong> s\u2019inqui\u00e8tent pour la s\u00e9curit\u00e9<\/strong> du quartier et <strong>une p\u00e9tition a m\u00eame \u00e9t\u00e9 lanc\u00e9e<\/strong> par l\u2019un d\u2019eux. R\u00e9elle angoisse ? Les riverains, commer\u00e7ants et la municipalit\u00e9 r\u00e9pondent.<\/p>\n<p>Ins\u00e9curit\u00e9 dans ce quartier du centre de Rouen ?<\/p>\n<p class=\" wall-content\">L\u2019auteur de la <a href=\"https:\/\/www.change.org\/p\/pour-la-s%C3%A9curisation-urgente-de-la-rue-du-rosier-%C3%A0-rouen?recruiter=1393159868&amp;recruited_by_id=2cf66350-b1e4-11f0-942a-cbe67f840205&amp;utm_source=share_petition&amp;utm_campaign=petition_dashboard&amp;utm_medium=copylink\" rel=\"nofollow noopener\" target=\"_blank\">p\u00e9tition<\/a>, Basile Rey, reproche \u00e0 la Ville de manquer \u00e0 la s\u00e9curit\u00e9 de ce quartier et de d\u00e9laisser les riverains : \u00abAujourd\u2019hui, <strong>les riverains sont \u00e0 bout<\/strong> : l\u2019inqui\u00e9tude, le stress et l\u2019ins\u00e9curit\u00e9 ne cessent de cro\u00eetre \u00bb. L\u2019auteur et ses 125 signataires (au moment o\u00f9 nous \u00e9crivons ces lignes) demandent \u00ab la r\u00e9paration imm\u00e9diate de l\u2019\u00e9clairage public sur l\u2019ensemble de la rue du Rosier, l\u2019installation d\u2019un dispositif de <strong>vid\u00e9oprotection<\/strong>, pour pr\u00e9venir de nouveaux incidents, des mesures concr\u00e8tes de s\u00e9curisation ainsi qu\u2019un rafra\u00eechissement de la rue \u00bb.<\/p>\n<p class=\" wall-content\">Ces inqui\u00e9tudes sont-elles partag\u00e9es par les riverains et des commer\u00e7ants du quartier ? \u00c9lodie, commer\u00e7ante de la rue Damiette, nous r\u00e9pond : \u00ab J\u2019ai \u00e9t\u00e9 interpell\u00e9e par l\u2019incident, pour autant<strong> je ne me sens pas en ins\u00e9curit\u00e9<\/strong> \u00bb. Install\u00e9e dans sa boutique vintage, elle nous fait part de la bonne vie du quartier : \u00ab C\u2019est un petit village dans Rouen \u00bb.<\/p>\n<p>Un quartier qui change<\/p>\n<p class=\" wall-content\">Une autre commer\u00e7ante, souhaitant rester anonyme, conc\u00e8de qu\u2019elle n\u2019est pas inqui\u00e8te mais qu\u2019elle souhaite tout de m\u00eame une pr\u00e9sence accrue de la s\u00e9curit\u00e9 : \u00ab C\u2019est mieux que tout le monde se sente \u00e0 l\u2019aise dans le quartier \u00bb. Elle nous explique notamment avoir retrouv\u00e9 des torchons plein de sang le matin suivant la d\u00e9tonation.<\/p>\n<p class=\" wall-content\">Plus loin, nous faisons la rencontre de trois serveurs : Chey, Kieran et Anic\u00e9e. Ils travaillent dans un restaurant depuis environ un an et nous font part <strong>de la tranquillit\u00e9 de la rue<\/strong>. Kieran fait toutefois remarquer que certaines choses ont chang\u00e9 : \u00ab C\u2019est une rue de plus en plus touristique et avec les bars qui s\u2019ouvrent\u2026<strong> Il y a plus d\u2019incivilit\u00e9s.<\/strong> Et parfois certains clients p\u00e8tent un c\u00e2ble devant nous \u00bb.<\/p>\n<p class=\" wall-content\">Chey nous fait part, en tant que femme, de certaines craintes : \u00ab Je vois des gens chelous, une fois il y a un gars qui m\u2019a attrap\u00e9 le bras alors que je sortais les poubelles \u00bb. Les trois serveurs nous assurent, d\u2019un ton l\u00e9ger, que leur principal probl\u00e8me reste le vent qui fait tomber les chaises.<\/p>\n<p>Votre r\u00e9gion, votre actu !<\/p>\n<p>Recevez chaque jour les infos qui comptent pour vous.<\/p>\n<p>\t<a href=\"https:\/\/actu.fr\/newsletter\" class=\"ac-btn ac-btn--corner ac-btn--medium ac-btn--blue800\" rel=\"nofollow noopener\" target=\"_blank\">S&rsquo;incrire<\/a><br \/>\nLa mairie r\u00e9pond (sur fond de campagne pour les municipales)<\/p>\n<p class=\" wall-content\">Aux reproches faits \u00e0 la Ville, Nicolas Zuili adjoint au maire en charge de la rive droite , nous r\u00e9pond que <strong>des dispositifs ont d\u00e9j\u00e0 \u00e9t\u00e9 mis en place<\/strong> : \u00ab Pour les travaux de la voirie, certains on d\u00e9j\u00e0 \u00e9t\u00e9 fait mais on attend l\u2019ouverture du <a href=\"https:\/\/actu.fr\/normandie\/rouen_76540\/a-cote-de-l-aitre-saint-maclou-a-rouen-un-jardin-va-bientot-remplacer-le-terrain-vague_61418942.html\" rel=\"nofollow noopener\" target=\"_blank\">jardin G\u00e9ricault<\/a> en mars 2026 pour remettre tout \u00e7a \u00e0 neuf \u00bb.<\/p>\n<p class=\" wall-content\">Il nous fait remarquer que la mairie ne peut pas intervenir sur des espaces priv\u00e9s. Les tags et les d\u00e9gradations des fa\u00e7ades sur ces espaces ne font donc pas partie de leur champ d\u2019action. N\u00e9anmoins ils ont demand\u00e9 \u00e0 ce que ces lieux soient ferm\u00e9s. Il pr\u00e9cise que l\u2019intensit\u00e9 des lumi\u00e8res va \u00eatre augment\u00e9e.<\/p>\n<p class=\" wall-content\">Nicolas Zuili nous confie qu\u2019il \u00ab d\u00e9plore que certains entretiennent un climat anxiog\u00e8ne \u00bb, puis ajoute : <strong>\u00ab On n\u2019est pas en guerre \u00bb<\/strong>. Il met en \u00e9vidence le fait qu\u2019avant le 14 juillet 2025, aucun signalement concernant des dealers n\u2019a \u00e9t\u00e9 fait, il en veut pour preuve les enregistrements de la police et se dit vouloir \u00eatre \u00ab totalement transparent \u00bb.<\/p>\n<p class=\" wall-content\">L\u2019adjoint au maire affirme que la p\u00e9tition pointe du doigt la Ville mais oublie l\u2019\u00c9tat qui est responsable de la police nationale et par cons\u00e9quent de la s\u00e9curit\u00e9 : \u00ab Je regrette que ce sujet <strong>devienne un \u00e9l\u00e9ment de campagne<\/strong> \u00bb. Une pique adress\u00e9e \u00e0 <a href=\"https:\/\/actu.fr\/normandie\/rouen_76540\/marine-caron-candidate-aux-municipales-2026-a-rouen-nous-allons-creer-la-plus-belle-des-surprises_63214752.html\" rel=\"nofollow noopener\" target=\"_blank\">Marine Caron, candidate aux municipales<\/a>, dont Basile Rey, auteur de la p\u00e9tition est un des soutiens affich\u00e9s. Interrog\u00e9 sur de possibles motivations politiques, il assure que \u00ab si certaines propositions rejoignent des positions exprim\u00e9es par des politiques, qui ont \u00e9chang\u00e9 avec les riverains, elles rel\u00e8vent aussi du bon sens \u00bb.<\/p>\n<p>Suivez l\u2019actualit\u00e9 de Rouen <a href=\"https:\/\/www.whatsapp.com\/channel\/0029VaKfnf99hXF2ddApFB1D\" rel=\"nofollow noopener\" target=\"_blank\">sur notre cha\u00eene WhatsApp<\/a> et <a href=\"https:\/\/www.tiktok.com\/@76actu.fr?lang=fr\" rel=\"nofollow noopener\" target=\"_blank\">sur notre compte TikTok<\/a><\/p>\n<p class=\" wall-content\">Personnalisez votre actualit\u00e9 en ajoutant vos villes et m\u00e9dias en favori avec <a href=\"https:\/\/moncompte.actu.fr\" title=\"D\u00e9couvez Mon Actu\" rel=\"nofollow noopener\" data-trk=\"{&quot;cta&quot;:{&quot;action&quot;:&quot;https:\\\/\\\/moncompte.actu.fr&quot;,&quot;category&quot;:&quot;mon compte&quot;,&quot;from&quot;:&quot;article footer&quot;,&quot;name&quot;:&quot;Mon actu&quot;,&quot;type&quot;:&quot;cta&quot;}}\" target=\"_blank\">Mon Actu<\/a>.<\/p>\n<p>                    <script async src=\"\/\/www.tiktok.com\/embed.js\"><\/script><\/p>\n","protected":false},"excerpt":{"rendered":"Par Elouan Radoux Publi\u00e9 le 2 nov. 2025 \u00e0 9h12 Le 21 octobre 2025, une explosion avait retenti&hellip;\n","protected":false},"author":2,"featured_media":506381,"comment_status":"","ping_status":"","sticky":false,"template":"","format":"standard","meta":{"footnotes":""},"categories":[9587],"tags":[1111,11,1777,674,1011,27,2825,12,5161,1072,25,9590,104],"class_list":{"0":"post-506380","1":"post","2":"type-post","3":"status-publish","4":"format-standard","5":"has-post-thumbnail","7":"category-rouen","8":"tag-actu","9":"tag-actualites","10":"tag-eu","11":"tag-europe","12":"tag-fr","13":"tag-france","14":"tag-insecurite","15":"tag-news","16":"tag-normandie","17":"tag-police","18":"tag-republique-francaise","19":"tag-rouen","20":"tag-societe"},"share_on_mastodon":{"url":"https:\/\/pubeurope.com\/@fr\/115479218983119485","error":""},"_links":{"self":[{"href":"https:\/\/www.europesays.com\/fr\/wp-json\/wp\/v2\/posts\/506380","targetHints":{"allow":["GET"]}}],"collection":[{"href":"https:\/\/www.europesays.com\/fr\/wp-json\/wp\/v2\/posts"}],"about":[{"href":"https:\/\/www.europesays.com\/fr\/wp-json\/wp\/v2\/types\/post"}],"author":[{"embeddable":true,"href":"https:\/\/www.europesays.com\/fr\/wp-json\/wp\/v2\/users\/2"}],"replies":[{"embeddable":true,"href":"https:\/\/www.europesays.com\/fr\/wp-json\/wp\/v2\/comments?post=506380"}],"version-history":[{"count":0,"href":"https:\/\/www.europesays.com\/fr\/wp-json\/wp\/v2\/posts\/506380\/revisions"}],"wp:featuredmedia":[{"embeddable":true,"href":"https:\/\/www.europesays.com\/fr\/wp-json\/wp\/v2\/media\/506381"}],"wp:attachment":[{"href":"https:\/\/www.europesays.com\/fr\/wp-json\/wp\/v2\/media?parent=506380"}],"wp:term":[{"taxonomy":"category","embeddable":true,"href":"https:\/\/www.europesays.com\/fr\/wp-json\/wp\/v2\/categories?post=506380"},{"taxonomy":"post_tag","embeddable":true,"href":"https:\/\/www.europesays.com\/fr\/wp-json\/wp\/v2\/tags?post=506380"}],"curies":[{"name":"wp","href":"https:\/\/api.w.org\/{rel}","templated":true}]}}