{"id":506382,"date":"2025-11-02T08:44:11","date_gmt":"2025-11-02T08:44:11","guid":{"rendered":"https:\/\/www.europesays.com\/fr\/506382\/"},"modified":"2025-11-02T08:44:11","modified_gmt":"2025-11-02T08:44:11","slug":"quatre-stations-de-ski-autour-de-grenoble-parmi-les-plus-abordables-deurope","status":"publish","type":"post","link":"https:\/\/www.europesays.com\/fr\/506382\/","title":{"rendered":"Quatre stations de ski autour de Grenoble parmi les plus abordables d&rsquo;Europe !"},"content":{"rendered":"<p>Et certaines stations de ski is\u00e9roises vont faire le plein ces prochains mois. D&rsquo;autant que quatre d&rsquo;entre elles figurent parmi les plus abordables d&rsquo;Europe selon <a href=\"https:\/\/www.holidu.fr\/locations-de-vacances\/france\/alpes-francaises#ski\" target=\"_blank\" rel=\"noopener\">une \u00e9tude publi\u00e9e par Holidu<\/a>.<\/p>\n<p>Le site a compar\u00e9 les co\u00fbts d&rsquo;h\u00e9bergement et de forfaits de plus de 100 stations europ\u00e9ennes disposant d&rsquo;au moins 20 kilom\u00e8tres de pistes pour d\u00e9voiler un Top 10 100% fran\u00e7ais.<\/p>\n<p>Sur le podium, Lans-en-Vercors arrive \u00e0 la 2e place. Avec un co\u00fbt moyen d&rsquo;h\u00e9bergement\/nuit en haute saison \u00e0 28 euros par personne et un forfait \u00e0 24 euros par jour (soit un prix moyen \u00e0 d\u00e9bourser de 44,2 euros), elle est seulement doubl\u00e9e par Artouste-Laruns (Pyr\u00e9n\u00e9es).<\/p>\n<p>Autrans-La Sure se retrouve \u00e0 la 4e place puisqu&rsquo;il faut d\u00e9bourser en moyenne 26 euros par personne pour se loger. Et le forfait co\u00fbte 24 euros en haute saison. Soit 45,5 euros quotidiens \u00e0 d\u00e9bourser.<\/p>\n<p>Gresse-en-Vercors est 7e du classement des stations de ski abordables, avec 48,5 euros \u00e0 d\u00e9bourser quotidiennement en forfait (27 euros) et en h\u00e9bergement par personne (31 euros).<\/p>\n<p>Et dernier repr\u00e9sentant is\u00e9rois du top 10 : Le Collet d&rsquo;Allevard, \u00e0 la 9e position. Son forfait est plus cher (29 euros) et son h\u00e9bergement\/jour par personne monte \u00e0 27 euros en moyenne. Soit un total de 51,3 euros en haute saison.<\/p>\n","protected":false},"excerpt":{"rendered":"Et certaines stations de ski is\u00e9roises vont faire le plein ces prochains mois. D&rsquo;autant que quatre d&rsquo;entre elles&hellip;\n","protected":false},"author":2,"featured_media":506383,"comment_status":"","ping_status":"","sticky":false,"template":"","format":"standard","meta":{"footnotes":""},"categories":[9566],"tags":[1111,11,2813,2430,1109,251,1112,2811,1777,674,118,1011,27,21780,2731,14004,1922,1110,1114,108,12,316,25,2812,517,800],"class_list":{"0":"post-506382","1":"post","2":"type-post","3":"status-publish","4":"format-standard","5":"has-post-thumbnail","7":"category-grenoble","8":"tag-actu","9":"tag-actualites","10":"tag-article","11":"tag-auvergne-rhone-alpes","12":"tag-breves","13":"tag-culture","14":"tag-depeches","15":"tag-economique","16":"tag-eu","17":"tag-europe","18":"tag-faits-divers","19":"tag-fr","20":"tag-france","21":"tag-gf38","22":"tag-grenoble","23":"tag-grenoblemag","24":"tag-info","25":"tag-informations","26":"tag-infos","27":"tag-isere","28":"tag-news","29":"tag-politique","30":"tag-republique-francaise","31":"tag-sociale","32":"tag-sport","33":"tag-transports"},"share_on_mastodon":{"url":"https:\/\/pubeurope.com\/@fr\/115479226925149801","error":""},"_links":{"self":[{"href":"https:\/\/www.europesays.com\/fr\/wp-json\/wp\/v2\/posts\/506382","targetHints":{"allow":["GET"]}}],"collection":[{"href":"https:\/\/www.europesays.com\/fr\/wp-json\/wp\/v2\/posts"}],"about":[{"href":"https:\/\/www.europesays.com\/fr\/wp-json\/wp\/v2\/types\/post"}],"author":[{"embeddable":true,"href":"https:\/\/www.europesays.com\/fr\/wp-json\/wp\/v2\/users\/2"}],"replies":[{"embeddable":true,"href":"https:\/\/www.europesays.com\/fr\/wp-json\/wp\/v2\/comments?post=506382"}],"version-history":[{"count":0,"href":"https:\/\/www.europesays.com\/fr\/wp-json\/wp\/v2\/posts\/506382\/revisions"}],"wp:featuredmedia":[{"embeddable":true,"href":"https:\/\/www.europesays.com\/fr\/wp-json\/wp\/v2\/media\/506383"}],"wp:attachment":[{"href":"https:\/\/www.europesays.com\/fr\/wp-json\/wp\/v2\/media?parent=506382"}],"wp:term":[{"taxonomy":"category","embeddable":true,"href":"https:\/\/www.europesays.com\/fr\/wp-json\/wp\/v2\/categories?post=506382"},{"taxonomy":"post_tag","embeddable":true,"href":"https:\/\/www.europesays.com\/fr\/wp-json\/wp\/v2\/tags?post=506382"}],"curies":[{"name":"wp","href":"https:\/\/api.w.org\/{rel}","templated":true}]}}