{"id":506390,"date":"2025-11-02T08:48:19","date_gmt":"2025-11-02T08:48:19","guid":{"rendered":"https:\/\/www.europesays.com\/fr\/506390\/"},"modified":"2025-11-02T08:48:19","modified_gmt":"2025-11-02T08:48:19","slug":"stade-rennais-rc-strasbourg-les-predictions-dopta","status":"publish","type":"post","link":"https:\/\/www.europesays.com\/fr\/506390\/","title":{"rendered":"Stade Rennais &#8211; RC Strasbourg. Les pr\u00e9dictions d&rsquo;Opta"},"content":{"rendered":"<p><img fetchpriority=\"high\" decoding=\"async\" width=\"620\" height=\"413\" src=\"https:\/\/www.europesays.com\/fr\/wp-content\/uploads\/2025\/11\/Rennes-x-Strasbourg-620x413.jpg\" alt=\"Stade Rennais - RC Strasbourg. Les pr\u00e9dictions d'Opta\" class=\"wp-image-383587\"  \/>Bouillant, et surtout pour Rennes et son coach, ce match contre Strasbourg.<\/p>\n<p>Le Roazhon Park accueille ce dimanche \u00e0 15h00 un duel de la 11e journ\u00e9e de <a href=\"https:\/\/sportune.20minutes.fr\/ligue-1-l1\" rel=\"nofollow noopener\" target=\"_blank\">Ligue 1<\/a> entre deux formations aux trajectoires oppos\u00e9es. Le <a href=\"https:\/\/sportune.20minutes.fr\/stade-rennais-srfc\" rel=\"nofollow noopener\" target=\"_blank\">Stade Rennais<\/a>, onzi\u00e8me au classement, re\u00e7oit un <a href=\"https:\/\/sportune.20minutes.fr\/rc-strasbourg-rcsa\" rel=\"nofollow noopener\" target=\"_blank\">RC Strasbourg<\/a> install\u00e9 \u00e0 la quatri\u00e8me place et port\u00e9 par une dynamique encourageante.<\/p>\n<p>Selon les calculs d\u2019Opta, sp\u00e9cialiste de l\u2019analyse statistique, les Rennais partent l\u00e9g\u00e8rement favoris avec 42% de chances de l\u2019emporter, contre 32% pour les Alsaciens. Le sc\u00e9nario du match nul est estim\u00e9 \u00e0 25%. Au power ranking, classement des meilleures \u00e9quipes du moment \u00e9tabli par Opta, Rennes occupe la 81e position mondiale (83,0 points) tandis que Strasbourg se situe au 49e rang (86,2 points), signe d\u2019une forme actuelle sup\u00e9rieure pour les visiteurs.<\/p>\n<p>Habib Beye n\u2019est pas encore tir\u00e9 d\u2019affaires<\/p>\n<p>Ce l\u00e9ger avantage statistique accord\u00e9 aux Bretons s\u2019explique notamment par le facteur domicile et par l\u2019historique favorable des confrontations : en 47 rencontres, Rennes a sign\u00e9 29 victoires contre seulement huit pour Strasbourg. Mais les chiffres du pass\u00e9 ne suffisent pas \u00e0 masquer les r\u00e9alit\u00e9s du pr\u00e9sent.<\/p>\n<p>La situation rennaise reste en effet d\u00e9licate. Habib Beye, menac\u00e9 avant le d\u00e9placement \u00e0 Toulouse, a finalement \u00e9t\u00e9 maintenu \u00e0 son poste malgr\u00e9 un match nul qui n\u2019a pas totalement dissip\u00e9 les interrogations. Face \u00e0 lui, une formation strasbourgeoise particuli\u00e8rement performante \u00e0 l\u2019ext\u00e9rieur cette saison, capable de bousculer la hi\u00e9rarchie et les pronostics.<\/p>\n<p>Le mod\u00e8le pr\u00e9dictif d\u2019Opta sugg\u00e8re donc une rencontre ouverte, o\u00f9 l\u2019avantage th\u00e9orique de Rennes pourrait \u00eatre contrebalanc\u00e9 par la solidit\u00e9 et la confiance affich\u00e9es par Strasbourg. Un rendez-vous qui s\u2019annonce plus ind\u00e9cis que ne le laisse supposer la seule lecture de l\u2019historique.<\/p>\n","protected":false},"excerpt":{"rendered":"Bouillant, et surtout pour Rennes et son coach, ce match contre Strasbourg. Le Roazhon Park accueille ce dimanche&hellip;\n","protected":false},"author":2,"featured_media":506391,"comment_status":"","ping_status":"","sticky":false,"template":"","format":"standard","meta":{"footnotes":""},"categories":[2820],"tags":[1111,11,1777,674,1011,27,775,12,4448,25,3087,640],"class_list":{"0":"post-506390","1":"post","2":"type-post","3":"status-publish","4":"format-standard","5":"has-post-thumbnail","7":"category-strasbourg","8":"tag-actu","9":"tag-actualites","10":"tag-eu","11":"tag-europe","12":"tag-fr","13":"tag-france","14":"tag-grand-est","15":"tag-news","16":"tag-rc-strasbourg","17":"tag-republique-francaise","18":"tag-stade-rennais","19":"tag-strasbourg"},"share_on_mastodon":{"url":"https:\/\/pubeurope.com\/@fr\/115479243043028903","error":""},"_links":{"self":[{"href":"https:\/\/www.europesays.com\/fr\/wp-json\/wp\/v2\/posts\/506390","targetHints":{"allow":["GET"]}}],"collection":[{"href":"https:\/\/www.europesays.com\/fr\/wp-json\/wp\/v2\/posts"}],"about":[{"href":"https:\/\/www.europesays.com\/fr\/wp-json\/wp\/v2\/types\/post"}],"author":[{"embeddable":true,"href":"https:\/\/www.europesays.com\/fr\/wp-json\/wp\/v2\/users\/2"}],"replies":[{"embeddable":true,"href":"https:\/\/www.europesays.com\/fr\/wp-json\/wp\/v2\/comments?post=506390"}],"version-history":[{"count":0,"href":"https:\/\/www.europesays.com\/fr\/wp-json\/wp\/v2\/posts\/506390\/revisions"}],"wp:featuredmedia":[{"embeddable":true,"href":"https:\/\/www.europesays.com\/fr\/wp-json\/wp\/v2\/media\/506391"}],"wp:attachment":[{"href":"https:\/\/www.europesays.com\/fr\/wp-json\/wp\/v2\/media?parent=506390"}],"wp:term":[{"taxonomy":"category","embeddable":true,"href":"https:\/\/www.europesays.com\/fr\/wp-json\/wp\/v2\/categories?post=506390"},{"taxonomy":"post_tag","embeddable":true,"href":"https:\/\/www.europesays.com\/fr\/wp-json\/wp\/v2\/tags?post=506390"}],"curies":[{"name":"wp","href":"https:\/\/api.w.org\/{rel}","templated":true}]}}