{"id":506392,"date":"2025-11-02T08:49:23","date_gmt":"2025-11-02T08:49:23","guid":{"rendered":"https:\/\/www.europesays.com\/fr\/506392\/"},"modified":"2025-11-02T08:49:23","modified_gmt":"2025-11-02T08:49:23","slug":"on-vit-avec-1500-euros-par-mois","status":"publish","type":"post","link":"https:\/\/www.europesays.com\/fr\/506392\/","title":{"rendered":"On vit avec 1500 euros par mois"},"content":{"rendered":"<p>            Par<br \/>\n        <strong><br \/>\n            <a href=\"https:\/\/actu.fr\/auteur\/ugo-maillard\" title=\"Consulter tous les articles de Ugo Maillard\" target=\"_blank\" rel=\"noopener\">Ugo Maillard<\/a><br \/>\n        <\/strong><\/p>\n<p>        Publi\u00e9 le<\/p>\n<p>            2 nov. 2025 \u00e0 9h04        <\/p>\n<p>C\u2019est en chaussettes et avec un large sourire que Philippe nous accueille dans le nouveau chez lui qu\u2019il s\u2019est choisi avec sa compagne Isabelle : une maison roulante de 10 m\u00b2 environ. Une surface minime dans laquelle, gr\u00e2ce \u00e0 un agencement millim\u00e9tr\u00e9, il est possible de profiter d\u2019une cuisine, un salon et d\u2019un espace nuit. Depuis un an et demi, les Balatier ont quitt\u00e9 leur maison de Saint-C\u00e9zaire-sur-Siagne (<a href=\"https:\/\/actu.fr\/provence-alpes-cote-d-azur\/alpes-maritimes_06\" target=\"_blank\" rel=\"noopener\">Alpes-Maritimes<\/a>) pour partir vivre leur <strong>vie en camping-car<\/strong>. Ce couple d\u2019une soixantaine d\u2019ann\u00e9es a sillonn\u00e9 les routes de France, de Suisse ou encore d\u2019\u00c9cosse \u00e0 bord de leur Hymer des ann\u00e9es 1990. Un changement de vie radical qu\u2019Isabelle et Philippe racontent \u00e0 <a href=\"https:\/\/actu.fr\/nice\/\" target=\"_blank\" rel=\"noopener\">actu Nice<\/a>.<\/p>\n<p>La vie co\u00fbte moins cher<\/p>\n<p class=\" wall-content\">Apr\u00e8s vingt ann\u00e9es de location dans une maison de l\u2019arri\u00e8re-pays grassois, Isabelle et Philippe prennent la d\u00e9cision de partir en camping-car. Dans quelle direction\u2009? Pendant combien de temps\u2009? \u00ab\u2009\u00c7a, nous n\u2019avions pas r\u00e9fl\u00e9chi\u2009\u00bb, sourient les parents de trois enfants.<\/p>\n<p class=\" wall-content\">Le couple d\u2019artistes justifie sa d\u00e9cision qui <strong>n\u2019a rien d\u2019irrationnel<\/strong>\u2009: \u00ab\u2009On veut vivre une exp\u00e9rience qu\u2019on n\u2019a pas v\u00e9cue. Au lieu de payer le loyer de notre maison des Alpes-Maritimes, on met l\u2019argent dans cette vie-l\u00e0 et \u00e7a co\u00fbte moins cher\u2009\u00bb.<\/p>\n<p class=\" wall-content\">Les deux Parisiens d\u2019origine expliquent d\u00e9penser entre <strong>1000 et 1500 euros par mois<\/strong>. Une somme due \u00e0 leur mode de vie \u00ab\u2009minimaliste\u2009\u00bb.<\/p>\n<blockquote class=\"ac-article-quote wall-content\">\n<p>Le mode de vie tombe bien dans une p\u00e9riode o\u00f9 \u00e9conomiquement c\u2019est tr\u00e8s compliqu\u00e9, d\u2019autant plus quand on est artiste. On fait le pari de se restreindre dans certaines consommations.<\/p>\n<p>    <strong>Philippe et Isabelle<\/strong>\n            <\/p><\/blockquote>\n<p class=\" wall-content\">Parmi les \u00e9conomies r\u00e9alis\u00e9es par le couple, les quatre panneaux solaires install\u00e9s sur le toit du camping-car leur permettent d\u2019\u00eatre autonomes en \u00e9lectricit\u00e9.<\/p>\n<p>Une premi\u00e8re frayeur<\/p>\n<p class=\" wall-content\">En octobre\u00a02023, les deux Maralpins r\u00e9cup\u00e8rent les cl\u00e9s d\u2019un camping-car Hymer. \u00ab\u2009On voulait un v\u00e9hicule, pas trop gros ni trop petit, avec une vraie identit\u00e9 et qui est r\u00e9put\u00e9 increvable\u2009\u00bb, liste Isabelle dans l\u2019espace salon.<\/p>\n<p>Votre r\u00e9gion, votre actu !<\/p>\n<p>Recevez chaque jour les infos qui comptent pour vous.<\/p>\n<p>\t<a href=\"https:\/\/actu.fr\/newsletter\" class=\"ac-btn ac-btn--corner ac-btn--medium ac-btn--blue800\" target=\"_blank\" rel=\"noopener\">S&rsquo;incrire<\/a><\/p>\n<p class=\" wall-content\">Avant de se lancer pleinement dans l\u2019aventure, le couple d\u00e9cide de faire un test. Judicieux pour ceux qui n\u2019avaient jamais dormi dans un camping-car.<\/p>\n<p class=\" wall-content\">Philippe, avec un sourire en coin, se lance dans le r\u00e9cit d\u2019une soir\u00e9e\u2026 mouvement\u00e9e\u2009: \u00ab\u2009On ne part pas loin, aux Ardrets (Is\u00e8re), perdus au milieu de la montagne. En pleine nuit, nous sommes r\u00e9veill\u00e9s par des lampes et des hommes avec des frontales. Je m\u2019approche de la fen\u00eatre et je vois des fusils d\u2019assauts. L\u00e0, \u00e0 ce moment, on a eu tr\u00e8s peur. Le lendemain matin, nous avons pris qu\u2019il s\u2019agissait d\u2019un entra\u00eenement de l\u2019arm\u00e9e\u2009\u00bb.<\/p>\n<p class=\" wall-content\">Une frayeur qui ne va pas freiner les ardeurs des n\u00e9o camping-caristes puisqu\u2019ils l\u2019assurent, c\u2019est la premi\u00e8re et derni\u00e8re nuit o\u00f9 ils ont eu peur.<\/p>\n<blockquote class=\"ac-article-quote wall-content\">\n<p>On a toujours voulu \u00eatre nomades.<\/p>\n<p>    <strong>Isabelle et Philippe<\/strong>\n            <\/p><\/blockquote>\n<p>    <img   decoding=\"async\" loading=\"lazy\" src=\"https:\/\/www.europesays.com\/fr\/wp-content\/uploads\/2025\/11\/camping-car-aloes-maritimes-960x640.png\" alt=\"Le mod\u00e8le de camping-car choisi par le couple ne laisse jamais indiff\u00e9rent.\" width=\"960\" height=\"640\"\/><br \/>\n    Le mod\u00e8le de camping-car choisi par le couple ne laisse jamais indiff\u00e9rent. (\u00a9Ugo Maillard \/ actu Nice)Une vir\u00e9e en Am\u00e9rique du Sud qui se transforme en cr\u00e9ation<\/p>\n<p class=\" wall-content\">Avant d\u2019officialiser leur d\u00e9part, Philippe et Isabelle organisent leur mariage pour marquer le coup. En cadeau, leurs amis offrent un billet aller-retour vers l\u2019Am\u00e9rique du Sud.<\/p>\n<p class=\" wall-content\">Au fil des rencontres sur les routes du Chili, de Colombie, de Bolivie et du P\u00e9rou, le couple de voyageurs va \u00e9laborer un spectacle de musiques et de vid\u00e9os pour illustrer un r\u00e9cit de voyages.<\/p>\n<p class=\" wall-content\">De ce p\u00e9riple va na\u00eetre <a href=\"https:\/\/www.instagram.com\/happieway\/\" target=\"_blank\" rel=\"noopener\">Happieway<\/a>, un spectacle vivant qui souhaite \u00ab\u2009donner l\u2019envie de partir\u2009\u00bb. Philippe, musicien et Isabelle, autrice, ont su combiner leur art pour r\u00e9aliser une \u0153uvre qu\u2019ils diffusent aux quatre coins de la France.<\/p>\n<p>Traverser la France pour pr\u00e9senter leur projet<\/p>\n<p class=\" wall-content\">De retour sur le sol fran\u00e7ais, les deux voyageurs reprennent la route \u00e0 bord du camping-car. Une occasion en or de <strong>pr\u00e9senter leur spectacle.<\/strong><\/p>\n<p>    <a href=\"https:\/\/www.facebook.com\/plugins\/post.php?href=https%3A%2F%2Fwww.facebook.com%2Fphilippe.balatier%2Fposts%2Fpfbid036cZ6nrE9pypbZ3VkGwXZ2akCLu1h8WKdhXkDizrxemYTsA5pXUxecHz3LHZB5Dyil&amp;show_text=true&amp;width=350\" title=\"Ouvrie le lien\" target=\"_blank\" rel=\"noopener\">Cliquez ici pour visualiser le contenu<\/a><\/p>\n<p class=\" wall-content\">Le mardi 4\u00a0novembre 2025, ils seront de retour sur leurs anciennes terres de Saint-C\u00e9zaire-sur-Siagne \u00e0 la m\u00e9diath\u00e8que pour pr\u00e9senter <strong>gratuitement<\/strong> \u00ab\u2009Notre Am\u00e9rique du Sud\u2009\u00bb. Philippe confie \u00e9galement qu\u2019un album sortira avant la fin de l\u2019ann\u00e9e.<\/p>\n<p>    <img   decoding=\"async\" loading=\"lazy\" src=\"https:\/\/www.europesays.com\/fr\/wp-content\/uploads\/2025\/11\/camping-car-happieway-960x640.png\" alt=\"Philippe et Isabelle profitent de leur nouvelle vie en camping-car pour d\u00e9velopper leurs cr\u00e9ations artistiques.\" width=\"960\" height=\"640\"\/><br \/>\n    Philippe et Isabelle profitent de leur nouvelle vie en camping-car pour d\u00e9velopper leurs cr\u00e9ations artistiques. (\u00a9Ugo Maillard \/ actu Nice)Un coup de c\u0153ur dans la Dr\u00f4me<\/p>\n<p class=\" wall-content\">Pour ces baroudeurs, l\u2019un des meilleurs souvenirs fut <strong>la d\u00e9couverte d\u2019un petit village<\/strong> de la Dr\u00f4me, alors qu\u2019il se rendait \u00e0 Paris.<\/p>\n<p>    <a href=\"https:\/\/www.google.com\/maps\/embed?pb=!1m18!1m12!1m3!1d323467.669367109!2d4.7464569163271895!3d44.68768366400401!2m3!1f0!2f0!3f0!3m2!1i1024!2i768!4f13.1!3m3!1m2!1s0x12b5582d8184feb1%3A0x408ab2ae4bfc4d0!2s26400%20Crest!5e0!3m2!1sfr!2sfr!4v1761659950791!5m2!1sfr!2sfr\" title=\"Ouvrie le lien\" target=\"_blank\" rel=\"noopener\">Cliquez ici pour visualiser le contenu<\/a><\/p>\n<p class=\" wall-content\">\u00ab\u2009Nous sommes tomb\u00e9s par hasard \u00e0 Crest. On a ador\u00e9 l\u2019ambiance un peu alternative, la grande mixit\u00e9. On a rencontr\u00e9 des gens qui se battent pour mieux vivre ensemble. \u00c7a fait du bien en ce moment\u2009\u00bb, soupire Isabelle.<\/p>\n<p class=\" wall-content\"><a href=\"https:\/\/www.instagram.com\/p\/DJ9b-_ltMDf\/embed\" title=\"Ouvrir le lien sur Instagram\" target=\"_blank\" rel=\"noopener\">Visualiser le contenu sur Instagram<\/a><\/p>\n<p class=\" wall-content\">L\u2019artiste \u00e9voque de grandes similarit\u00e9s avec la petite ville d\u2019Urubanba, au P\u00e9rou. Sur ce point, nous lui ferons confiance.<\/p>\n<p>Le plus gros probl\u00e8me\u2009? \u00ab\u2009Trouver o\u00f9 se garer\u2009\u00bb<\/p>\n<p class=\" wall-content\">Depuis plus d\u2019un an, le couple de nomades sillonne les routes de l\u2019Hexagone. L\u2019heure du premier bilan pour Isabelle et Philippe. \u00ab\u2009C\u2019est juste g\u00e9nial. Le seul probl\u00e8me que l\u2019on peut rencontrer c\u2019est de trouver un bon endroit o\u00f9 se garer. Pour le reste, ce n\u2019est que du bonheur\u2009\u00bb, assure les Maralpins.<\/p>\n<p class=\" wall-content\">Pour ce qui est de leur vie de couple, l\u00e0 non plus, aucun probl\u00e8me\u2009: \u00ab\u2009Ce qui est certain, c\u2019est qu\u2019il faut r\u00e9soudre les tensions rapidement parce qu\u2019on est serr\u00e9 ici. Mais il suffit d\u2019ouvrir la porte, aller se balader et \u00e7a va mieux\u2009\u00bb, rigolent Philippe et Isabelle de concert.<\/p>\n<p>    <img   decoding=\"async\" loading=\"lazy\" src=\"https:\/\/www.europesays.com\/fr\/wp-content\/uploads\/2025\/11\/isabelle-philippe-camping-car-960x640.png\" alt=\"Pour le couple de Maralpins, la vie en camping-car est un v\u00e9ritable r\u00eave \u00e9veill\u00e9.\" width=\"960\" height=\"640\"\/><br \/>\n    Pour le couple de Maralpins, la vie en camping-car est un v\u00e9ritable r\u00eave \u00e9veill\u00e9. (\u00a9Ugo Maillard \/ actu Nice)\u00ab\u2009Aller o\u00f9 on veut quand on veut\u2009\u00bb<\/p>\n<p class=\" wall-content\">Au regard du tableau presque id\u00e9al d\u00e9peint par les voyageurs, peu de doute quant \u00e0 la suite de leurs aventures. \u00ab\u2009J\u2019ai du mal \u00e0 m\u2019imaginer \u00e0 nouveau s\u00e9dentaire. Je ne suis pas pr\u00eat \u00e0 me poser de nouveau dans une maison\u2009\u00bb, confirme Philippe.<\/p>\n<p class=\" wall-content\">\u00ab\u2009C\u2019est tellement magique d\u2019aller o\u00f9 on veut quand on veut\u2009\u00bb, appuie Isabelle avec des \u00e9toiles dans les yeux.<\/p>\n<blockquote class=\"ac-article-quote wall-content\">\n<p>Notre devise ? Voir loin, mais jamais au-del\u00e0 de demain.\n<\/p>\n<p>    <strong>Philippe et Isabelle<\/strong>\n            <\/p><\/blockquote>\n<p class=\" wall-content\">Leur objectif est d\u00e9sormais de partir sur les routes direction l\u2019Albanie avec toujours dans le coin de leurs t\u00eates, la cr\u00e9ation d\u2019\u0153uvres artistiques.<\/p>\n<p class=\" wall-content\">Personnalisez votre actualit\u00e9 en ajoutant vos villes et m\u00e9dias en favori avec <a href=\"https:\/\/moncompte.actu.fr\" title=\"D\u00e9couvez Mon Actu\" rel=\"nofollow noopener\" data-trk=\"{&quot;cta&quot;:{&quot;action&quot;:&quot;https:\\\/\\\/moncompte.actu.fr&quot;,&quot;category&quot;:&quot;mon compte&quot;,&quot;from&quot;:&quot;article footer&quot;,&quot;name&quot;:&quot;Mon actu&quot;,&quot;type&quot;:&quot;cta&quot;}}\" target=\"_blank\">Mon Actu<\/a>.<\/p>\n<p>                    <script async src=\"\/\/www.instagram.com\/embed.js\"><\/script><\/p>\n","protected":false},"excerpt":{"rendered":"Par Ugo Maillard Publi\u00e9 le 2 nov. 2025 \u00e0 9h04 C\u2019est en chaussettes et avec un large sourire&hellip;\n","protected":false},"author":2,"featured_media":506393,"comment_status":"","ping_status":"","sticky":false,"template":"","format":"standard","meta":{"footnotes":""},"categories":[2819],"tags":[1111,11,11199,1777,674,1011,27,12,2401,882,25,104,586],"class_list":{"0":"post-506392","1":"post","2":"type-post","3":"status-publish","4":"format-standard","5":"has-post-thumbnail","7":"category-nice","8":"tag-actu","9":"tag-actualites","10":"tag-camping-car","11":"tag-eu","12":"tag-europe","13":"tag-fr","14":"tag-france","15":"tag-news","16":"tag-nice","17":"tag-provence-alpes-cote-dazur","18":"tag-republique-francaise","19":"tag-societe","20":"tag-voyage"},"share_on_mastodon":{"url":"https:\/\/pubeurope.com\/@fr\/115479246793468617","error":""},"_links":{"self":[{"href":"https:\/\/www.europesays.com\/fr\/wp-json\/wp\/v2\/posts\/506392","targetHints":{"allow":["GET"]}}],"collection":[{"href":"https:\/\/www.europesays.com\/fr\/wp-json\/wp\/v2\/posts"}],"about":[{"href":"https:\/\/www.europesays.com\/fr\/wp-json\/wp\/v2\/types\/post"}],"author":[{"embeddable":true,"href":"https:\/\/www.europesays.com\/fr\/wp-json\/wp\/v2\/users\/2"}],"replies":[{"embeddable":true,"href":"https:\/\/www.europesays.com\/fr\/wp-json\/wp\/v2\/comments?post=506392"}],"version-history":[{"count":0,"href":"https:\/\/www.europesays.com\/fr\/wp-json\/wp\/v2\/posts\/506392\/revisions"}],"wp:featuredmedia":[{"embeddable":true,"href":"https:\/\/www.europesays.com\/fr\/wp-json\/wp\/v2\/media\/506393"}],"wp:attachment":[{"href":"https:\/\/www.europesays.com\/fr\/wp-json\/wp\/v2\/media?parent=506392"}],"wp:term":[{"taxonomy":"category","embeddable":true,"href":"https:\/\/www.europesays.com\/fr\/wp-json\/wp\/v2\/categories?post=506392"},{"taxonomy":"post_tag","embeddable":true,"href":"https:\/\/www.europesays.com\/fr\/wp-json\/wp\/v2\/tags?post=506392"}],"curies":[{"name":"wp","href":"https:\/\/api.w.org\/{rel}","templated":true}]}}