{"id":506397,"date":"2025-11-02T08:52:38","date_gmt":"2025-11-02T08:52:38","guid":{"rendered":"https:\/\/www.europesays.com\/fr\/506397\/"},"modified":"2025-11-02T08:52:38","modified_gmt":"2025-11-02T08:52:38","slug":"une-entreprise-de-nantes-specialiste-du-reconditionnement-dans-capital-sur-m6","status":"publish","type":"post","link":"https:\/\/www.europesays.com\/fr\/506397\/","title":{"rendered":"Une entreprise de Nantes sp\u00e9cialiste du reconditionnement dans Capital sur M6"},"content":{"rendered":"<p>L\u2019\u00e9mission de Julien Coubert va mettre \u00e0 l\u2019honneur une cheffe d\u2019entreprise de Nantes. La soci\u00e9t\u00e9 Reficio va passer dans Capital, dimanche 2\u00a0novembre 2025, \u00e0 21\u00a0h\u00a010. Elle est pr\u00e9sent\u00e9e comme \u00a0l\u2019entreprise qui donne une seconde vie \u00e0 nos appareils \u00e9lectrom\u00e9nagers\u00a0.<\/p>\n<p>Un march\u00e9 que la soci\u00e9t\u00e9 partage \u00e0 Nantes avec notamment <a href=\"https:\/\/nantes.maville.com\/actu\/actudet_-economie-le-ciel-s-assombrit-au-dessus-d-envie-44-_8-6759930_actu.Htm\" target=\"_self\" rel=\"noopener\">le sp\u00e9cialiste du r\u00e9emploi et de l\u2019insertion Envie 44<\/a> ou encore <a href=\"https:\/\/rennes.maville.com\/actu\/actudet_-gros-electromenager-reconditionne-underdog-va-doubler-la-capacite-de-son-site-nantais-_8-6754222_actu.Htm\" target=\"_self\" rel=\"noopener\">Underdog, expert du gros \u00e9lectrom\u00e9nager reconditionn\u00e9<\/a>.<\/p>\n<p> <a href=\"https:\/\/nantes.maville.com\/actu\/actudet_--on-est-des-combattants-envie-44-specialiste-du-reemploi-et-de-l-insertion-joue-sa-survie-_52716-6789404_actu.Htm\" target=\"_self\" rel=\"noopener\">? \u00c0 LIRE AUSSI. \u00ab\u00a0On est des combattants\u00a0\u00bb\u00a0: Envie 44, sp\u00e9cialiste du r\u00e9emploi et de l\u2019insertion, joue sa survie<\/a> <\/p>\n<p>Petit \u00e9lectrom\u00e9nager<\/p>\n<p>Reficio se situe au 2,\u00a0rue Pays Bas, \u00e0 Nantes. L\u2019entreprise propose de r\u00e9parer le petit \u00e9lectrom\u00e9nager et vend des appareils reconditionn\u00e9s. \u00a0St\u00e9phanie Ferreira a fait le pari audacieux de reconditionner le petit \u00e9lectrom\u00e9nager, avec son entreprise Reficio. Dans son atelier, aspirateurs, machines \u00e0 caf\u00e9 ou multicuiseurs retrouvent leur \u00e9clat d\u2019origine, avant d\u2019\u00eatre revendus 30 \u00e0 40\u00a0% moins cher que le neuf\u00a0, explique la communication de l\u2019\u00e9mission.<\/p>\n<p> <a href=\"https:\/\/nantes.maville.com\/actu\/actudet_-avec-ses-pains-speciaux-ce-boulanger-de-loire-atlantique-a-l-honneur-a-la-television-_8-6983393_actu.Htm\" target=\"_self\" rel=\"noopener\">? \u00c0 LIRE AUSSI. Avec ses pains sp\u00e9ciaux, ce boulanger de Loire-Atlantique \u00e0 l\u2019honneur \u00e0 la t\u00e9l\u00e9vision<\/a> <\/p>\n<p>Depuis trois ans, l\u2019entreprise a \u00a0multipli\u00e9 son chiffre d\u2019affaires par quatre, et esp\u00e8re trouver de nouveaux fournisseurs pour d\u00e9velopper Reficio dans tout le pays\u00a0.<\/p>\n<p>\u00ab\u00a0Dernier cri \u00e0 petit prix\u00a0\u00bb<\/p>\n<p>Ce Capital est d\u00e9di\u00e9 au pouvoir d\u2019achat. Il met en avant les enseignants qui permettent de s\u2019\u00e9quiper \u00a0du dernier \u00e0 petit prix\u00a0. Au sommaire, l\u2019expert du d\u00e9stockage Noz, le g\u00e9ant de l\u2019e-commerce fran\u00e7ais C Discount ou encore le succ\u00e8s des autocuiseurs avec un reportage dans l\u2019usine lyonnaise de la marque fran\u00e7aise Seb.<\/p>\n<p>\u00a0<\/p>\n","protected":false},"excerpt":{"rendered":"L\u2019\u00e9mission de Julien Coubert va mettre \u00e0 l\u2019honneur une cheffe d\u2019entreprise de Nantes. La soci\u00e9t\u00e9 Reficio va passer&hellip;\n","protected":false},"author":2,"featured_media":506398,"comment_status":"","ping_status":"","sticky":false,"template":"","format":"standard","meta":{"footnotes":""},"categories":[2818],"tags":[1111,11,17362,257,1777,674,1011,27,494,766,12,2636,62802,25,9937],"class_list":{"0":"post-506397","1":"post","2":"type-post","3":"status-publish","4":"format-standard","5":"has-post-thumbnail","7":"category-nantes","8":"tag-actu","9":"tag-actualites","10":"tag-capital","11":"tag-entreprise","12":"tag-eu","13":"tag-europe","14":"tag-fr","15":"tag-france","16":"tag-m6","17":"tag-nantes","18":"tag-news","19":"tag-pays-de-la-loire","20":"tag-reconditionnement","21":"tag-republique-francaise","22":"tag-specialiste"},"share_on_mastodon":{"url":"https:\/\/pubeurope.com\/@fr\/115479258468937754","error":""},"_links":{"self":[{"href":"https:\/\/www.europesays.com\/fr\/wp-json\/wp\/v2\/posts\/506397","targetHints":{"allow":["GET"]}}],"collection":[{"href":"https:\/\/www.europesays.com\/fr\/wp-json\/wp\/v2\/posts"}],"about":[{"href":"https:\/\/www.europesays.com\/fr\/wp-json\/wp\/v2\/types\/post"}],"author":[{"embeddable":true,"href":"https:\/\/www.europesays.com\/fr\/wp-json\/wp\/v2\/users\/2"}],"replies":[{"embeddable":true,"href":"https:\/\/www.europesays.com\/fr\/wp-json\/wp\/v2\/comments?post=506397"}],"version-history":[{"count":0,"href":"https:\/\/www.europesays.com\/fr\/wp-json\/wp\/v2\/posts\/506397\/revisions"}],"wp:featuredmedia":[{"embeddable":true,"href":"https:\/\/www.europesays.com\/fr\/wp-json\/wp\/v2\/media\/506398"}],"wp:attachment":[{"href":"https:\/\/www.europesays.com\/fr\/wp-json\/wp\/v2\/media?parent=506397"}],"wp:term":[{"taxonomy":"category","embeddable":true,"href":"https:\/\/www.europesays.com\/fr\/wp-json\/wp\/v2\/categories?post=506397"},{"taxonomy":"post_tag","embeddable":true,"href":"https:\/\/www.europesays.com\/fr\/wp-json\/wp\/v2\/tags?post=506397"}],"curies":[{"name":"wp","href":"https:\/\/api.w.org\/{rel}","templated":true}]}}