{"id":506399,"date":"2025-11-02T08:53:12","date_gmt":"2025-11-02T08:53:12","guid":{"rendered":"https:\/\/www.europesays.com\/fr\/506399\/"},"modified":"2025-11-02T08:53:12","modified_gmt":"2025-11-02T08:53:12","slug":"desesperes-par-les-incivilites-des-toxicomanes-les-riverains-de-ce-quartier-de-bordeaux-posent-un-ultimatum","status":"publish","type":"post","link":"https:\/\/www.europesays.com\/fr\/506399\/","title":{"rendered":"D\u00e9sesp\u00e9r\u00e9s par les incivilit\u00e9s des toxicomanes, les riverains de ce quartier de Bordeaux posent un ultimatum"},"content":{"rendered":"<p>            Par<br \/>\n        <strong><br \/>\n            <a href=\"https:\/\/actu.fr\/auteur\/julian-doubax\" title=\"Consulter tous les articles de Julian Doubax\" target=\"_blank\" rel=\"noopener\">Julian Doubax<\/a><br \/>\n        <\/strong><\/p>\n<p>        Publi\u00e9 le<\/p>\n<p>            2 nov. 2025 \u00e0 6h34        <\/p>\n<p>\u00ab\u2009Il est difficile de rester optimiste et le c\u0153ur vaillant dans un tel contexte\u2009\u00bb, admet d\u2019embl\u00e9e une restauratrice du quartier <a href=\"https:\/\/actu.fr\/nouvelle-aquitaine\/bordeaux_33063\/ces-zones-de-bordeaux-au-coeur-d-un-gros-dispositif-de-securite-il-y-a-trop-d-armes-blanches-qui-circulent_63349838.html\" target=\"_blank\" rel=\"noopener\">Saint-Paul<\/a> \u00e0 Bordeaux. Depuis 2012, un Centre d\u2019accueil et d\u2019accompagnement \u00e0 la r\u00e9duction des risques pour usagers de drogues (Caarud) est install\u00e9 dans la rue Saint-James, \u00e0 quelques pas de la Grosse Cloche. <a href=\"https:\/\/actu.fr\/nouvelle-aquitaine\/bordeaux_33063\/derriere-les-drogues-il-y-a-des-humains-rue-saint-james-le-centre-pour-toxicomanes-continue-de-diviser_61964603.html\" target=\"_blank\" rel=\"noopener\">Si les nuisances engendr\u00e9es par le lieu ne sont pas nouvelles<\/a>, la col\u00e8re des riverains et commer\u00e7ants grimpe. Ils r\u00e9clament d\u00e9sormais <strong>le d\u00e9m\u00e9nagement de l\u2019antenne<\/strong> per\u00e7ue comme \u00ab\u2009le point n\u00e9vralgique des toxicomanes\u2009\u00bb qui entra\u00eeneraient des <strong>vols<\/strong>, <strong>agressions<\/strong>, <strong>deals<\/strong> ou encore <strong>squats<\/strong>.<\/p>\n<p>Des d\u00e9rives quotidiennes<\/p>\n<p class=\" wall-content\">Pour les riverains et commer\u00e7ants, le quartier est devenu \u00ab\u2009un enfer \u00e0 ciel ouvert\u2009\u00bb et la situation ne s\u2019am\u00e9liore pas. \u00ab\u2009C\u2019est m\u00eame de <strong>pire en pire<\/strong>\u2009\u00bb, confie Danielle Pendanx. \u00ab\u2009Les personnes se droguent devant les enfants. quand ils n\u2019ont pas eu leur consommation, ils deviennent ing\u00e9rables et se bagarrent entre eux\u2009\u00bb, explique un riverain, r\u00e9guli\u00e8rement t\u00e9moin de ces sc\u00e8nes de violence.<\/p>\n<p class=\" wall-content\">Et les restaurants p\u00e2tissent \u00e9galement de ce climat. \u00ab\u2009Ils viennent r\u00e9clamer de l\u2019argent aux clients install\u00e9s en terrasse. Un samedi midi, un individu a fait une overdose. Il a \u00e9t\u00e9 \u00e9vacu\u00e9 sous le regard des familles et enfants, un souvenir atroce\u2009\u00bb, raconte une commer\u00e7ante d\u00e9sabus\u00e9e. \u00ab\u2009Quand nous \u00e9tions arriv\u00e9s avec mon mari en 2015, nous avions des \u00e9toiles plein les yeux. D\u00e9sormais, il est difficile de rester concentr\u00e9 sur des actions positives.\u2009\u00bb<\/p>\n<p>Un site pas adapt\u00e9 \u00e0 son emplacement<\/p>\n<p class=\" wall-content\">G\u00e9r\u00e9 par l\u2019association m\u00e9dico-sociale La Case, le Caarud permet d\u2019accompagner les usagers de drogue et les sensibiliser aux\u00a0<strong>risques majeurs<\/strong> (overdoses ou infections comme l\u2019h\u00e9patite C ou le VIH) auxquels ils sont expos\u00e9s via leur consommation. Un site dont les riverains et commer\u00e7ants ne contestent pas l\u2019utilit\u00e9 mais plut\u00f4t\u00a0<strong>l\u2019emplacement<\/strong>. \u00ab\u2009C\u2019est un secteur familial, touristique et historique du centre-ville. Son implantation \u00e9tait une\u00a0<strong>provocation<\/strong>\u00a0\u00e0 l\u2019\u00e9poque\u2009\u00bb, s\u2019insurge un riverain qui est \u00e0 l\u2019initiative d\u2019une\u00a0<a href=\"https:\/\/www.change.org\/p\/d%C3%A9m%C3%A9nagement-du-caarud-la-case-sis-au-36-38-rue-saint-james\" target=\"_blank\" rel=\"noopener\">p\u00e9tition citoyenne<\/a>\u00a0r\u00e9clamant le d\u00e9m\u00e9nagement du Caarud. En l\u2019espace d\u2019une semaine, elle a recueilli plus de\u00a0<strong>630 signatures<\/strong>.<\/p>\n<p class=\" wall-content\">Une sorte de\u00a0<strong>derni\u00e8re chance<\/strong>\u00a0pour les riverains et commer\u00e7ants pour faire entendre leur voix. \u00ab\u2009Nous ne sommes pas \u00e9cout\u00e9s. C\u2019est comme si nous soufflions dans un violon\u2009\u00bb, indique poliment Danielle Pendanx, pr\u00e9sidente de l\u2019association des commer\u00e7ants du quartier Saint-Paul. De son c\u00f4t\u00e9, la mairie de Bordeaux assure que le dialogue est entretenu.<\/p>\n<p class=\" wall-content\">\u00ab\u2009Il existe et c\u2019est une\u00a0<strong>priorit\u00e9<\/strong>. Nous sommes en ligne directe avec les habitants et une nouvelle rencontre est prochainement pr\u00e9vue\u2009\u00bb, assure Marc Etcheverry, adjoint charg\u00e9 de la s\u00e9curit\u00e9 mais \u00e9galement maire-adjoint du quartier Bordeaux centre. L\u2019\u00e9lu rappelle aussi qu\u2019il \u00ab\u2009ne faut pas oublier l\u2019acteur \u00e9tatique\u2009\u00bb car le Caarud est sous l\u2019autorit\u00e9 de l\u2019Agence r\u00e9gionale de sant\u00e9.<\/p>\n<p>Votre r\u00e9gion, votre actu !<\/p>\n<p>Recevez chaque jour les infos qui comptent pour vous.<\/p>\n<p>\t<a href=\"https:\/\/actu.fr\/newsletter\" class=\"ac-btn ac-btn--corner ac-btn--medium ac-btn--blue800\" target=\"_blank\" rel=\"noopener\">S&rsquo;incrire<\/a><br \/>\nPartir mais o\u00f9\u2009?<\/p>\n<p class=\" wall-content\">Le d\u00e9m\u00e9nagement est donc bien la priorit\u00e9 des habitants mais la mairie de Bordeaux ne rejoint pas cette id\u00e9e. \u00ab<strong>\u2009Il faut un Caarud dans ce quartier <\/strong>qui est en grande d\u00e9tresse mais aussi car ces instances sont indispensables dans le centre-ville.\u2009\u00bb, estime Marc Etcheverry.<\/p>\n<p class=\" wall-content\">L\u2019adjoint \u00e0 la s\u00e9curit\u00e9 plaide pour l\u2019ouverture d\u2019autres \u00e9tablissements dans la ville pour soulager la fr\u00e9quentation dans la rue Saint-James. \u00ab\u2009Cela permettrait de retrouver une <strong>jauge acceptable<\/strong> de personnes prises en charge et d\u2019\u00e9viter la stagnation aux abords du site.\u2009\u00bb<\/p>\n<p class=\" wall-content\">Pour les riverains de Saint-Paul, la solution serait de \u00ab\u2009d\u00e9m\u00e9nager le Caarud dans un secteur p\u00e9riph\u00e9rique ou \u00e0 la proximit\u00e9 d\u2019un centre hospitalier\u2009\u00bb. Loin des \u00e9coles, coll\u00e8ges ou lyc\u00e9es qui bordent la rue Saint-James. Il y a pr\u00e8s d\u2019un an, un autre<a href=\"https:\/\/actu.fr\/nouvelle-aquitaine\/bordeaux_33063\/ca-va-etre-une-salle-de-shoot-en-plein-air-un-lieu-d-accueil-pour-toxicomanes-seme-la-panique-a-bordeaux_61888235.html\" target=\"_blank\" rel=\"noopener\"> Caarud devait voir le jour <\/a>dans le quartier de Bacalan. Une id\u00e9e qui avait sem\u00e9 la panique chez les habitants \u00e0 l\u2019\u00e9poque. Depuis, le projet est en <strong>stand-by<\/strong>.<\/p>\n<p class=\" wall-content\">Contact\u00e9e par <a href=\"https:\/\/actu.fr\/bordeaux\/\" target=\"_blank\" rel=\"noopener\">actu Bordeaux<\/a>, l\u2019association La Case n\u2019a pas r\u00e9pondu \u00e0 nos sollicitations.<\/p>\n<p class=\" wall-content\">Personnalisez votre actualit\u00e9 en ajoutant vos villes et m\u00e9dias en favori avec <a href=\"https:\/\/moncompte.actu.fr\" title=\"D\u00e9couvez Mon Actu\" rel=\"nofollow noopener\" data-trk=\"{&quot;cta&quot;:{&quot;action&quot;:&quot;https:\\\/\\\/moncompte.actu.fr&quot;,&quot;category&quot;:&quot;mon compte&quot;,&quot;from&quot;:&quot;article footer&quot;,&quot;name&quot;:&quot;Mon actu&quot;,&quot;type&quot;:&quot;cta&quot;}}\" target=\"_blank\">Mon Actu<\/a>.<\/p>\n","protected":false},"excerpt":{"rendered":"Par Julian Doubax Publi\u00e9 le 2 nov. 2025 \u00e0 6h34 \u00ab\u2009Il est difficile de rester optimiste et le&hellip;\n","protected":false},"author":2,"featured_media":506400,"comment_status":"","ping_status":"","sticky":false,"template":"","format":"standard","meta":{"footnotes":""},"categories":[2817],"tags":[1111,11,1997,1052,1777,674,1011,27,2825,12,2219,25,71,104],"class_list":{"0":"post-506399","1":"post","2":"type-post","3":"status-publish","4":"format-standard","5":"has-post-thumbnail","7":"category-bordeaux","8":"tag-actu","9":"tag-actualites","10":"tag-bordeaux","11":"tag-drogue","12":"tag-eu","13":"tag-europe","14":"tag-fr","15":"tag-france","16":"tag-insecurite","17":"tag-news","18":"tag-nouvelle-aquitaine","19":"tag-republique-francaise","20":"tag-sante","21":"tag-societe"},"share_on_mastodon":{"url":"https:\/\/pubeurope.com\/@fr\/115479262295902504","error":""},"_links":{"self":[{"href":"https:\/\/www.europesays.com\/fr\/wp-json\/wp\/v2\/posts\/506399","targetHints":{"allow":["GET"]}}],"collection":[{"href":"https:\/\/www.europesays.com\/fr\/wp-json\/wp\/v2\/posts"}],"about":[{"href":"https:\/\/www.europesays.com\/fr\/wp-json\/wp\/v2\/types\/post"}],"author":[{"embeddable":true,"href":"https:\/\/www.europesays.com\/fr\/wp-json\/wp\/v2\/users\/2"}],"replies":[{"embeddable":true,"href":"https:\/\/www.europesays.com\/fr\/wp-json\/wp\/v2\/comments?post=506399"}],"version-history":[{"count":0,"href":"https:\/\/www.europesays.com\/fr\/wp-json\/wp\/v2\/posts\/506399\/revisions"}],"wp:featuredmedia":[{"embeddable":true,"href":"https:\/\/www.europesays.com\/fr\/wp-json\/wp\/v2\/media\/506400"}],"wp:attachment":[{"href":"https:\/\/www.europesays.com\/fr\/wp-json\/wp\/v2\/media?parent=506399"}],"wp:term":[{"taxonomy":"category","embeddable":true,"href":"https:\/\/www.europesays.com\/fr\/wp-json\/wp\/v2\/categories?post=506399"},{"taxonomy":"post_tag","embeddable":true,"href":"https:\/\/www.europesays.com\/fr\/wp-json\/wp\/v2\/tags?post=506399"}],"curies":[{"name":"wp","href":"https:\/\/api.w.org\/{rel}","templated":true}]}}