{"id":506401,"date":"2025-11-02T08:54:17","date_gmt":"2025-11-02T08:54:17","guid":{"rendered":"https:\/\/www.europesays.com\/fr\/506401\/"},"modified":"2025-11-02T08:54:17","modified_gmt":"2025-11-02T08:54:17","slug":"leconomiste-philippe-dessertine-se-lance-a-la-conquete-de-bordeaux","status":"publish","type":"post","link":"https:\/\/www.europesays.com\/fr\/506401\/","title":{"rendered":"l&rsquo;\u00e9conomiste Philippe Dessertine se lance \u00e0 la conqu\u00eate de Bordeaux"},"content":{"rendered":"<p>Philippe Dessertine est un personnage surprenant. Lorsque nous le rejoignons dans un caf\u00e9 bordelais, on s&rsquo;attend \u00e0 parler du <a class=\"Link\" href=\"https:\/\/www.lepoint.fr\/politique\/les-indiscrets-front-commun-contre-pierre-hurmic-le-maire-de-bordeaux-26-11-2024-2576264_20.php\" title=\"\" data-gtm=\"click:capsule\" data-capsule=\"Lien\" rel=\"nofollow noopener\" target=\"_blank\">maire sortant, l&rsquo;\u00e9cologiste Pierre Hurmic<\/a>, et de sa politique\u00a0; on \u00e9voque davantage Ali\u00e9nor d&rsquo;Aquitaine. L&rsquo;\u00e9conomiste nous prodigue presque un cours d&rsquo;histoire, vantant les m\u00e9rites de cette \u00ab\u00a0ville protestante, frondeuse\u00a0\u00bb, qu&rsquo;il dit \u00ab\u00a0adorer\u00a0\u00bb. Le professeur, intarissable, prend le dessus sur le candidat.<\/p>\n<p>En l&rsquo;\u00e9coutant, on se demande ce que cet \u00e9conomiste r\u00e9put\u00e9 \u2013\u00a0il a \u00e9t\u00e9 l&rsquo;un des premiers \u00e0 voir venir la crise des subprimes\u00a0\u2013 vient faire dans cette gal\u00e8re. Pourquoi quitter les sages amphith\u00e9\u00e2tres de la Sorbonne pour se lancer en politique, alors que celle-ci n&rsquo;a jamais \u00e9t\u00e9 aussi discr\u00e9dit\u00e9e\u00a0? L&rsquo;ancien membre du Haut Conseil des finances publiques, familier des p&#8230;<\/p>\n<p>Toute l\u2019actualit\u00e9 \u00e0 1\u20ac le premier mois<\/p>\n<p><a href=\"https:\/\/abo.lepoint.fr\/?provenance=21EDI020098\" class=\"btn\" title=\"S&#039;abonner\" data-gtm=\"click:abo|display:abo\" data-campaign=\"paywall_maison\" rel=\"nofollow noopener\" target=\"_blank\">S&rsquo;abonner<\/a><\/p>\n<p>ou<\/p>\n<p>La newsletter politique<\/p>\n<p class=\"period\">Tous les lundis \u00e0 11h30<\/p>\n<p>Recevez en avant-premi\u00e8re les informations et analyses politiques de la r\u00e9daction du Point.<\/p>\n<p>Merci !<br \/>Votre inscription a bien \u00e9t\u00e9 prise en compte avec l&rsquo;adresse email :<\/p>\n<p>Pour d\u00e9couvrir toutes nos autres newsletters, rendez-vous ici : <a href=\"https:\/\/moncompte.lepoint.fr\/\" title=\"\" rel=\"nofollow noopener\" target=\"_blank\">MonCompte<\/a><\/p>\n<p>En vous inscrivant, vous acceptez les <a href=\"https:\/\/www.lepoint.fr\/html\/cgu\/\" title=\"Conditions g\u00e9n\u00e9rales d&#039;utilisation\" rel=\"nofollow noopener\" target=\"_blank\">conditions g\u00e9n\u00e9rales d\u2019utilisations<\/a> et notre <a href=\"https:\/\/www.lepoint.fr\/html\/politique-de-protection-donnees-personnelles\/\" title=\"Politique de confidentialit\u00e9\" rel=\"nofollow noopener\" target=\"_blank\">politique de confidentialit\u00e9<\/a>.<\/p>\n","protected":false},"excerpt":{"rendered":"Philippe Dessertine est un personnage surprenant. Lorsque nous le rejoignons dans un caf\u00e9 bordelais, on s&rsquo;attend \u00e0 parler&hellip;\n","protected":false},"author":2,"featured_media":506402,"comment_status":"","ping_status":"","sticky":false,"template":"","format":"standard","meta":{"footnotes":""},"categories":[2817],"tags":[1111,11,1997,4188,1777,674,1011,27,12,2219,25],"class_list":{"0":"post-506401","1":"post","2":"type-post","3":"status-publish","4":"format-standard","5":"has-post-thumbnail","7":"category-bordeaux","8":"tag-actu","9":"tag-actualites","10":"tag-bordeaux","11":"tag-elections-municipales","12":"tag-eu","13":"tag-europe","14":"tag-fr","15":"tag-france","16":"tag-news","17":"tag-nouvelle-aquitaine","18":"tag-republique-francaise"},"share_on_mastodon":{"url":"https:\/\/pubeurope.com\/@fr\/115479266470775270","error":""},"_links":{"self":[{"href":"https:\/\/www.europesays.com\/fr\/wp-json\/wp\/v2\/posts\/506401","targetHints":{"allow":["GET"]}}],"collection":[{"href":"https:\/\/www.europesays.com\/fr\/wp-json\/wp\/v2\/posts"}],"about":[{"href":"https:\/\/www.europesays.com\/fr\/wp-json\/wp\/v2\/types\/post"}],"author":[{"embeddable":true,"href":"https:\/\/www.europesays.com\/fr\/wp-json\/wp\/v2\/users\/2"}],"replies":[{"embeddable":true,"href":"https:\/\/www.europesays.com\/fr\/wp-json\/wp\/v2\/comments?post=506401"}],"version-history":[{"count":0,"href":"https:\/\/www.europesays.com\/fr\/wp-json\/wp\/v2\/posts\/506401\/revisions"}],"wp:featuredmedia":[{"embeddable":true,"href":"https:\/\/www.europesays.com\/fr\/wp-json\/wp\/v2\/media\/506402"}],"wp:attachment":[{"href":"https:\/\/www.europesays.com\/fr\/wp-json\/wp\/v2\/media?parent=506401"}],"wp:term":[{"taxonomy":"category","embeddable":true,"href":"https:\/\/www.europesays.com\/fr\/wp-json\/wp\/v2\/categories?post=506401"},{"taxonomy":"post_tag","embeddable":true,"href":"https:\/\/www.europesays.com\/fr\/wp-json\/wp\/v2\/tags?post=506401"}],"curies":[{"name":"wp","href":"https:\/\/api.w.org\/{rel}","templated":true}]}}