{"id":506403,"date":"2025-11-02T08:55:13","date_gmt":"2025-11-02T08:55:13","guid":{"rendered":"https:\/\/www.europesays.com\/fr\/506403\/"},"modified":"2025-11-02T08:55:13","modified_gmt":"2025-11-02T08:55:13","slug":"cette-route-tres-empruntee-pour-venir-a-toulouse-est-dangereuse-elle-va-etre-reamenagee","status":"publish","type":"post","link":"https:\/\/www.europesays.com\/fr\/506403\/","title":{"rendered":"Cette route, tr\u00e8s emprunt\u00e9e pour venir \u00e0 Toulouse, est dangereuse : elle va \u00eatre r\u00e9am\u00e9nag\u00e9e"},"content":{"rendered":"<p>            Par<br \/>\n        <strong><br \/>\n            <a href=\"https:\/\/actu.fr\/auteur\/david-saint-sernin\" title=\"Consulter tous les articles de David Saint-Sernin\" target=\"_blank\" rel=\"noopener\">David Saint-Sernin<\/a><br \/>\n        <\/strong><\/p>\n<p>        Publi\u00e9 le<\/p>\n<p>            2 nov. 2025 \u00e0 9h49        <\/p>\n<p>C\u2019est une route tr\u00e8s emprunt\u00e9e \u00e0 l\u2019est de <a href=\"https:\/\/actu.fr\/toulouse\/\" target=\"_blank\" rel=\"noopener\">Toulouse<\/a>. Chaque matin et chaque soir, des milliers d\u2019automobilistes y circulent pour arriver ou quitter la Ville rose. Avec parfois quelques bouchons\u2026 Ceux qui se rendent \u00e0 Caliceo et \u00e0 la<a href=\"https:\/\/actu.fr\/occitanie\/saint-jean_31488\/pres-de-toulouse-cette-clinique-s-agrandit-avec-un-nouveau-centre-de-sante-de-pointe_60808901.html\" target=\"_blank\" rel=\"noopener\"> clinique de l\u2019Union<\/a>, la connaissent bien eux aussi.<br \/>La<strong> route M\u00e9tropolitaine 59<\/strong> est bien pratique pour passer de<a href=\"https:\/\/actu.fr\/occitanie\/l-union_31561\" target=\"_blank\" rel=\"noopener\"> l\u2019Union<\/a> \u00e0 Toulouse. C\u2019est un acc\u00e8s direct vers la<a href=\"https:\/\/actu.fr\/occitanie\/toulouse_31555\/toulouse-pret-a-porter-deco-restaurant-de-nouvelles-enseignes-debarquent-dans-ce-centre-commercial_63275670.html\" target=\"_blank\" rel=\"noopener\"> zone commerciale de Balma-Gramont<\/a> ou en arrivant<a href=\"https:\/\/actu.fr\/tag\/autoroute-68-a68\" target=\"_blank\" rel=\"noopener\"> depuis l\u2019autoroute A68.<\/a><\/p>\n<p>Une route tr\u00e8s dangereuse<\/p>\n<p class=\" wall-content\">Mais, cette route relie le rond-point de la M112 (la route de Lavaur, NDLR) \u00e0 celui de l\u2019avenue des Pyr\u00e9n\u00e9es, \u00e0 L\u2019Union, se r\u00e9v\u00e8le <strong>tr\u00e8s dangereuse<\/strong> pour ceux qui n\u2019y circulent pas en voiture. Les pi\u00e9tons et les cyclistes qui s\u2019y risquent en savent quelque chose.<\/p>\n<p class=\" wall-content\">\u00ab\u2009Aujourd\u2019hui, cette ancienne route d\u00e9partementale n\u2019est pas adapt\u00e9e aux d\u00e9placements \u00e0 pied, \u00e0 v\u00e9lo ou en transports en commun. Elle est aussi situ\u00e9e \u00e0 proximit\u00e9 de plusieurs autoroutes, ce qui rend les d\u00e9placements dangereux pour les pi\u00e9tons et les cyclistes\u2009\u00bb, constate Toulouse M\u00e9tropole qui pr\u00e9voit donc de la r\u00e9am\u00e9nager prochainement.<\/p>\n<p class=\" wall-content\">Ceci aussi \u00ab\u2009pour accompagner le d\u00e9veloppement de l\u2019est de la m\u00e9tropole\u2009\u00bb, explique-t-elle.<\/p>\n<p>Am\u00e9nagement sur plus d\u2019un kilom\u00e8tre<\/p>\n<p class=\" wall-content\">Le projet vise \u00e0 transformer cette route sur 1,1\u00a0km. Toulouse M\u00e9tropole pr\u00e9voit de \u00ab\u2009cr\u00e9er une voie verte s\u00e9curis\u00e9e pour les pi\u00e9tons et les cyclistes\u2009\u00bb et de \u00ab\u2009faciliter le passage vers les transports en commun et les modes de d\u00e9placement actifs\u2009\u00bb. Le tout \u00ab\u2009en maintenant une circulation fluide pour les voitures et les camions\u2009\u00bb et en \u00ab\u2009pr\u00e9servant au maximum les \u00e9l\u00e9ments naturels et paysagers existants\u2009\u00bb, pr\u00e9cise la collectivit\u00e9.<\/p>\n<p>    <img   decoding=\"async\" loading=\"lazy\" src=\"https:\/\/www.europesays.com\/fr\/wp-content\/uploads\/2025\/11\/20251102-083052-960x640.jpg\" alt=\"La M59 permet d'acc\u00e9der \u00e0 l'autoroute A 68, mais aussi de se rendre \u00e0 l'Union, et notamment \u00e0 Calic\u00e9o, depuis la zone commerciale de Balma-Gramont.\" width=\"960\" height=\"640\"\/><br \/>\n    La M59 permet d\u2019acc\u00e9der \u00e0 l\u2019autoroute A 68, mais aussi de se rendre \u00e0 l\u2019Union, et notamment \u00e0 Calic\u00e9o ou \u00e0 la clinique de l\u2019Union, depuis la zone commerciale de Balma-Gramont. (\u00a9David Saint-Sernin\/Actu Toulouse)Vid\u00e9os : en ce moment sur ActuUne concertation d\u00e9marre<\/p>\n<p class=\" wall-content\">\u00c0 cette fin, une concertation publique va d\u00e9marrer le 5\u00a0novembre, puis durer jusqu\u2019au 25\u00a0novembre. Chacun va pouvoir donner son avis. Il suffira de se rendre sur le site de la concertation.<\/p>\n<p class=\" wall-content\">Une r\u00e9union \u00ab\u2009d\u2019information et d\u2019\u00e9changes pour la cr\u00e9ation d\u2019un couloir de bus et d\u2019une voie verte sur la M59\u2009\u00bb, indique Toulouse M\u00e9tropole, est pr\u00e9vue le 17\u00a0novembre, \u00e0 partir de 17h30, \u00e0 la salle des f\u00eates de l\u2019Union.<\/p>\n<p>Votre r\u00e9gion, votre actu !<\/p>\n<p>Recevez chaque jour les infos qui comptent pour vous.<\/p>\n<p>\t<a href=\"https:\/\/actu.fr\/newsletter\" class=\"ac-btn ac-btn--corner ac-btn--medium ac-btn--blue800\" target=\"_blank\" rel=\"noopener\">S&rsquo;incrire<\/a><\/p>\n<p class=\" wall-content\">Un plan d\u2019am\u00e9nagement pourrait ensuite \u00eatre pr\u00e9sent\u00e9 fin 2026.<\/p>\n<p>    <img   decoding=\"async\" loading=\"lazy\" src=\"https:\/\/www.europesays.com\/fr\/wp-content\/uploads\/2025\/11\/20251102-082930-960x640.jpg\" alt=\"Une concertation d\u00e9marre pour recueillir l'avis des personnes qui empruntent cet axe tr\u00e8s dangereux. \" width=\"960\" height=\"640\"\/><br \/>\n    Une concertation d\u00e9marre pour recueillir l\u2019avis des personnes qui empruntent cet axe tr\u00e8s dangereux. (\u00a9David Saint-Sernin\/Actu Toulouse)En lien avec le chantier de la route de Lavaur<\/p>\n<p class=\" wall-content\">\u00ab\u2009Les \u00e9tudes en cours permettront d\u2019adapter la route aux projets voisins, notamment celui de la M112, pour am\u00e9liorer les d\u00e9placements vers les communes proches comme L\u2019Union et Saint-Jean. L\u2019objectif est de proposer un nouveau plan de circulation, des am\u00e9nagements urbains et paysagers adapt\u00e9s aux besoins de tous\u2009\u00bb, conclut Toulouse M\u00e9tropole.<\/p>\n<p class=\" wall-content\">Pour rappel, la route de Lavaur, une entr\u00e9e routi\u00e8re majeure de la M\u00e9tropole, va elle aussi faire l\u2019objet d\u2019am\u00e9nagements significatifs dans les prochaines ann\u00e9es, notamment sur 2,3\u00a0km, entre Balma-Gramont et le rond-point avec la M59 justement.<\/p>\n<p class=\" wall-content\">Quelque 25\u2009000 v\u00e9hicules, parmi lesquels 800 poids lourds, transitent chaque jour par ce court tron\u00e7on ponctu\u00e9 de six carrefours.<\/p>\n<p class=\" wall-content\"><strong>Pour participer \u00e0 la consultation<\/strong>, cliquez <a href=\"https:\/\/jeparticipe.metropole.toulouse.fr\/processes\/M59-Lunion\" target=\"_blank\" rel=\"noopener\">sur le lien suivant.<\/a><\/p>\n<p class=\" wall-content\">Personnalisez votre actualit\u00e9 en ajoutant vos villes et m\u00e9dias en favori avec <a href=\"https:\/\/moncompte.actu.fr\" title=\"D\u00e9couvez Mon Actu\" rel=\"nofollow noopener\" data-trk=\"{&quot;cta&quot;:{&quot;action&quot;:&quot;https:\\\/\\\/moncompte.actu.fr&quot;,&quot;category&quot;:&quot;mon compte&quot;,&quot;from&quot;:&quot;article footer&quot;,&quot;name&quot;:&quot;Mon actu&quot;,&quot;type&quot;:&quot;cta&quot;}}\" target=\"_blank\">Mon Actu<\/a>.<\/p>\n","protected":false},"excerpt":{"rendered":"Par David Saint-Sernin Publi\u00e9 le 2 nov. 2025 \u00e0 9h49 C\u2019est une route tr\u00e8s emprunt\u00e9e \u00e0 l\u2019est de&hellip;\n","protected":false},"author":2,"featured_media":506404,"comment_status":"","ping_status":"","sticky":false,"template":"","format":"standard","meta":{"footnotes":""},"categories":[2816],"tags":[1111,11,3542,1777,674,1011,27,12,2680,25,104,2312,2086],"class_list":{"0":"post-506403","1":"post","2":"type-post","3":"status-publish","4":"format-standard","5":"has-post-thumbnail","7":"category-toulouse","8":"tag-actu","9":"tag-actualites","10":"tag-circulation","11":"tag-eu","12":"tag-europe","13":"tag-fr","14":"tag-france","15":"tag-news","16":"tag-occitanie","17":"tag-republique-francaise","18":"tag-societe","19":"tag-toulouse","20":"tag-travaux"},"share_on_mastodon":{"url":"https:\/\/pubeurope.com\/@fr\/115479270983682805","error":""},"_links":{"self":[{"href":"https:\/\/www.europesays.com\/fr\/wp-json\/wp\/v2\/posts\/506403","targetHints":{"allow":["GET"]}}],"collection":[{"href":"https:\/\/www.europesays.com\/fr\/wp-json\/wp\/v2\/posts"}],"about":[{"href":"https:\/\/www.europesays.com\/fr\/wp-json\/wp\/v2\/types\/post"}],"author":[{"embeddable":true,"href":"https:\/\/www.europesays.com\/fr\/wp-json\/wp\/v2\/users\/2"}],"replies":[{"embeddable":true,"href":"https:\/\/www.europesays.com\/fr\/wp-json\/wp\/v2\/comments?post=506403"}],"version-history":[{"count":0,"href":"https:\/\/www.europesays.com\/fr\/wp-json\/wp\/v2\/posts\/506403\/revisions"}],"wp:featuredmedia":[{"embeddable":true,"href":"https:\/\/www.europesays.com\/fr\/wp-json\/wp\/v2\/media\/506404"}],"wp:attachment":[{"href":"https:\/\/www.europesays.com\/fr\/wp-json\/wp\/v2\/media?parent=506403"}],"wp:term":[{"taxonomy":"category","embeddable":true,"href":"https:\/\/www.europesays.com\/fr\/wp-json\/wp\/v2\/categories?post=506403"},{"taxonomy":"post_tag","embeddable":true,"href":"https:\/\/www.europesays.com\/fr\/wp-json\/wp\/v2\/tags?post=506403"}],"curies":[{"name":"wp","href":"https:\/\/api.w.org\/{rel}","templated":true}]}}