{"id":506407,"date":"2025-11-02T08:58:19","date_gmt":"2025-11-02T08:58:19","guid":{"rendered":"https:\/\/www.europesays.com\/fr\/506407\/"},"modified":"2025-11-02T08:58:19","modified_gmt":"2025-11-02T08:58:19","slug":"les-aigles-du-velay-commencent-la-saison-par-une-victoire-a-lille","status":"publish","type":"post","link":"https:\/\/www.europesays.com\/fr\/506407\/","title":{"rendered":"Les Aigles du Velay commencent la saison par une victoire \u00e0 Lille"},"content":{"rendered":"<p>\t\t\t\t\t\t\t\t\t\t\t\t\t\t\t\t\t\t\t\t\t\t\t\t\t\t\t\t\t\t\t\t\t\t\t\t\t\t\t\t\t\t\t\t\t\t\t\t\t\t\t\t\t\t\t\t\t\t\t\t\t\t\t<a href=\"https:\/\/www.lacommere43.fr\/component\/banners\/click\/823.html\" target=\"_blank\" title=\"O2 Coiffure 2021\" rel=\"noopener\"><br \/>\n\t\t\t\t\t\t\t<img decoding=\"async\" loading=\"lazy\" src=\"https:\/\/www.europesays.com\/fr\/wp-content\/uploads\/2025\/11\/O2.gif\" alt=\"O2 Coiffure 2021\"\/><br \/>\n\t\t\t\t\t\t<\/a><\/p>\n<p><strong>Les Aigles du Velay ont d\u00e9but\u00e9 la saison de basket fauteuil par une victoire samedi \u00e0 Lille (79-74).<\/strong><\/p>\n<p>Il aura fallu attendre le 1er novembre pour voir les Aigles commencer le championnat Nationale Elite. Apr\u00e8s la Coupe d&rsquo;Europe et un stage en Sardaigne, les Ponots rentraient ce samedi dans le vif du sujet avec un long d\u00e9placement dans le Nord, \u00e0 Lille, contre Luc Lille Handisport.<\/p>\n<p>Les Lillois ont donn\u00e9 du fil \u00e0 retordre aux Aigles qui ont compt\u00e9 jusqu&rsquo;\u00e0 13 points d&rsquo;avance en premi\u00e8re p\u00e9riode et encore dix \u00e0 la pause. Les Lillois sont pass\u00e9s devant dans le troisi\u00e8me quart temps (49-46)<\/p>\n<p><strong>LILLE : 74<\/strong><\/p>\n<p><strong>AIGLES DU VELAY : 79<\/strong><\/p>\n<p>Points : Raimunds Beginskis 27 pts, KArlis Gabranovs 13, Omer Isik 14, Arinn Young 13, Anthony Mariani 2, Ylan Perset 0, Omar Zidi 10<\/p>\n<p>\u00a0<\/p>\n<p><strong>Pour revoir le match en replay<\/strong><\/p><\/p>\n","protected":false},"excerpt":{"rendered":"Les Aigles du Velay ont d\u00e9but\u00e9 la saison de basket fauteuil par une victoire samedi \u00e0 Lille (79-74).&hellip;\n","protected":false},"author":2,"featured_media":506408,"comment_status":"","ping_status":"","sticky":false,"template":"","format":"standard","meta":{"footnotes":""},"categories":[2815],"tags":[1111,2281,11,1777,674,2282,1011,27,811,2280,2284,2285,2283,1307,12,25],"class_list":{"0":"post-506407","1":"post","2":"type-post","3":"status-publish","4":"format-standard","5":"has-post-thumbnail","7":"category-lille","8":"tag-actu","9":"tag-actualite-43","10":"tag-actualites","11":"tag-eu","12":"tag-europe","13":"tag-faits-divers-auvergne","14":"tag-fr","15":"tag-france","16":"tag-hauts-de-france","17":"tag-information-haute-loire","18":"tag-infos-43","19":"tag-journal-haute-loire","20":"tag-la-commere-43","21":"tag-lille","22":"tag-news","23":"tag-republique-francaise"},"share_on_mastodon":{"url":"https:\/\/pubeurope.com\/@fr\/115479283139266142","error":""},"_links":{"self":[{"href":"https:\/\/www.europesays.com\/fr\/wp-json\/wp\/v2\/posts\/506407","targetHints":{"allow":["GET"]}}],"collection":[{"href":"https:\/\/www.europesays.com\/fr\/wp-json\/wp\/v2\/posts"}],"about":[{"href":"https:\/\/www.europesays.com\/fr\/wp-json\/wp\/v2\/types\/post"}],"author":[{"embeddable":true,"href":"https:\/\/www.europesays.com\/fr\/wp-json\/wp\/v2\/users\/2"}],"replies":[{"embeddable":true,"href":"https:\/\/www.europesays.com\/fr\/wp-json\/wp\/v2\/comments?post=506407"}],"version-history":[{"count":0,"href":"https:\/\/www.europesays.com\/fr\/wp-json\/wp\/v2\/posts\/506407\/revisions"}],"wp:featuredmedia":[{"embeddable":true,"href":"https:\/\/www.europesays.com\/fr\/wp-json\/wp\/v2\/media\/506408"}],"wp:attachment":[{"href":"https:\/\/www.europesays.com\/fr\/wp-json\/wp\/v2\/media?parent=506407"}],"wp:term":[{"taxonomy":"category","embeddable":true,"href":"https:\/\/www.europesays.com\/fr\/wp-json\/wp\/v2\/categories?post=506407"},{"taxonomy":"post_tag","embeddable":true,"href":"https:\/\/www.europesays.com\/fr\/wp-json\/wp\/v2\/tags?post=506407"}],"curies":[{"name":"wp","href":"https:\/\/api.w.org\/{rel}","templated":true}]}}