{"id":506409,"date":"2025-11-02T08:59:15","date_gmt":"2025-11-02T08:59:15","guid":{"rendered":"https:\/\/www.europesays.com\/fr\/506409\/"},"modified":"2025-11-02T08:59:15","modified_gmt":"2025-11-02T08:59:15","slug":"un-vignoble-grec-antique-decouvert-sous-les-quartiers-nord-a-marseille","status":"publish","type":"post","link":"https:\/\/www.europesays.com\/fr\/506409\/","title":{"rendered":"Un vignoble grec antique d\u00e9couvert sous les quartiers Nord \u00e0 Marseille"},"content":{"rendered":"<p>Des vignes \u00e0 perte de vue et un rivage sauvage. Bienvenue dans les quartiers nord de Marseille\u2026 il y a 2 500 ans. <a href=\"https:\/\/www.laprovence.com\/article\/region\/1124561633550214\/marseille-une-ombriere-en-bois-comme-point-final-de-la-preservation-de-la-carriere-de-la-corderie\" target=\"_blank\" rel=\"noopener\">\u00c0 l\u2019\u00e9poque grecque, Massalia<\/a> \u00e9tait concentr\u00e9e dans la partie nord de l\u2019anse du Lacydon &#8211;\u00a0correspondant au quartier du Panier\u00a0-, prot\u00e9g\u00e9e par un puissant rempart. La ch\u00f4ra massali\u00e8te, c\u2019est-\u00e0-dire le territoire agricole de la cit\u00e9, s\u2019\u00e9tend \u00e0 l\u2019ext\u00e9rieur de ces fortifications mais les donn\u00e9es sur cet espace restent limit\u00e9es. Jusqu\u2019ici, les arch\u00e9ologues connaissaient un vignoble grec \u00e0 l\u2019Est de la cit\u00e9 (dans le secteur de Saint-Jean-du-D\u00e9sert (12e), fouill\u00e9 dans les ann\u00e9es 1990 dans le cadre du percement de la rocade L2), mais le nord de Marseille restait inconnu.<\/p>\n<p><a href=\"https:\/\/www.laprovence.com\/article\/region\/5289108551703814\/les-lecteurs-de-la-provence-en-visite-au-centre-dimpression-a-marseille\" target=\"_blank\" rel=\"noopener\">Sous les anciens locaux du journal La Provence<\/a>, avenue Salengro (15e), \u00ab\u00a0il faut imaginer une petite colline qui descend gentiment vers la mer, jusqu\u2019aux criques, qui ont compl\u00e8tement disparu sous la Joliette et le port industriel. L\u2019eau est \u00e0 200-300\u00a0m\u00e8tres de la rue de Lyon\u00a0\u00bb, explique Axel Cauvin, arch\u00e9ologue de l\u2019Inrap (Institut national de recherches arch\u00e9ologiques pr\u00e9ventives).<\/p>\n<p>Au printemps dernier, dans un secteur en plein chantier et promis \u00e0 une nouvelle vie urbaine, une \u00e9quipe de l\u2019Inrap a mis au jour un vi&#8230;<\/p>\n","protected":false},"excerpt":{"rendered":"Des vignes \u00e0 perte de vue et un rivage sauvage. Bienvenue dans les quartiers nord de Marseille\u2026 il&hellip;\n","protected":false},"author":2,"featured_media":506410,"comment_status":"","ping_status":"","sticky":false,"template":"","format":"standard","meta":{"footnotes":""},"categories":[2814],"tags":[17,1111,11,49318,13916,1777,674,1011,27,62803,151,2831,884,12,882,5116,25,3107,4714],"class_list":{"0":"post-506409","1":"post","2":"type-post","3":"status-publish","4":"format-standard","5":"has-post-thumbnail","7":"category-marseille","8":"tag-17","9":"tag-actu","10":"tag-actualites","11":"tag-antique","12":"tag-decouvert","13":"tag-eu","14":"tag-europe","15":"tag-fr","16":"tag-france","17":"tag-grec","18":"tag-les","19":"tag-loisirs-traditions","20":"tag-marseille","21":"tag-news","22":"tag-provence-alpes-cote-dazur","23":"tag-quartiers","24":"tag-republique-francaise","25":"tag-sous","26":"tag-vignoble"},"share_on_mastodon":{"url":"https:\/\/pubeurope.com\/@fr\/115479285972269751","error":""},"_links":{"self":[{"href":"https:\/\/www.europesays.com\/fr\/wp-json\/wp\/v2\/posts\/506409","targetHints":{"allow":["GET"]}}],"collection":[{"href":"https:\/\/www.europesays.com\/fr\/wp-json\/wp\/v2\/posts"}],"about":[{"href":"https:\/\/www.europesays.com\/fr\/wp-json\/wp\/v2\/types\/post"}],"author":[{"embeddable":true,"href":"https:\/\/www.europesays.com\/fr\/wp-json\/wp\/v2\/users\/2"}],"replies":[{"embeddable":true,"href":"https:\/\/www.europesays.com\/fr\/wp-json\/wp\/v2\/comments?post=506409"}],"version-history":[{"count":0,"href":"https:\/\/www.europesays.com\/fr\/wp-json\/wp\/v2\/posts\/506409\/revisions"}],"wp:featuredmedia":[{"embeddable":true,"href":"https:\/\/www.europesays.com\/fr\/wp-json\/wp\/v2\/media\/506410"}],"wp:attachment":[{"href":"https:\/\/www.europesays.com\/fr\/wp-json\/wp\/v2\/media?parent=506409"}],"wp:term":[{"taxonomy":"category","embeddable":true,"href":"https:\/\/www.europesays.com\/fr\/wp-json\/wp\/v2\/categories?post=506409"},{"taxonomy":"post_tag","embeddable":true,"href":"https:\/\/www.europesays.com\/fr\/wp-json\/wp\/v2\/tags?post=506409"}],"curies":[{"name":"wp","href":"https:\/\/api.w.org\/{rel}","templated":true}]}}