{"id":506411,"date":"2025-11-02T09:00:18","date_gmt":"2025-11-02T09:00:18","guid":{"rendered":"https:\/\/www.europesays.com\/fr\/506411\/"},"modified":"2025-11-02T09:00:18","modified_gmt":"2025-11-02T09:00:18","slug":"cyril-jacquin-reinvente-marseille-en-3d","status":"publish","type":"post","link":"https:\/\/www.europesays.com\/fr\/506411\/","title":{"rendered":"Cyril Jacquin r\u00e9invente Marseille en 3D !"},"content":{"rendered":"<p>\u00a0<\/p>\n<p>Du fromage \u00e0 l&rsquo;impression 3D : une reconversion passionn\u00e9e<\/p>\n<p>Le parcours de Cyril Jacquin est pour le moins original ! Apr\u00e8s avoir touch\u00e9 \u00e0 la mode, au fromage et au conseil, ce touche-\u00e0-tout (\u00ab\u00a0un chapacan\u00a0\u00bb comme il dit lui-m\u00eame) a d\u00e9cid\u00e9 \u00e0 55 ans de se lancer dans une nouvelle aventure, renouant avec sa fibre artistique. Passionn\u00e9 par l&rsquo;impression 3D depuis ses d\u00e9buts en 2010, il a saisi l&rsquo;opportunit\u00e9 de la d\u00e9mocratisation de cette technologie pour cr\u00e9er sa marque il y a tout juste un an.<\/p>\n<p>\u00a0<\/p>\n<p>Des ic\u00f4nes marseillaises revisit\u00e9es&#8230; et m\u00eame un peu Jul !<\/p>\n<p>Exit les souvenirs \u00ab\u00a0made in ailleurs\u00a0\u00bb ! Cyril cr\u00e9e et fabrique lui-m\u00eame, dans son petit atelier de 8m\u00b2, des objets qui parlent vraiment de Marseille. Sa star, c&rsquo;est <a href=\"https:\/\/www.instagram.com\/p\/DPGdQVniD6z\/\" target=\"_blank\" rel=\"noopener\"><strong>Notre Dame de la Garde<\/strong><\/a>, revisit\u00e9e fa\u00e7on origami, dont le petit J\u00e9sus fait&#8230; le signe de Jul ! Un clin d&rsquo;\u0153il qui cartonne et symbolise bien l&rsquo;esprit Made Marseille : ancr\u00e9 dans la tradition mais r\u00e9solument moderne.<\/p>\n<p>Il d\u00e9cline aussi la <a href=\"https:\/\/www.instagram.com\/p\/DIDpxqXomh0\/\" target=\"_blank\" rel=\"noopener\"><strong>fameuse sardine<\/strong><\/a> (qui ne bouche pas le Vieux Port, celle-l\u00e0 !), des porte-cl\u00e9s \u00ab\u00a0Marseille b\u00e9b\u00e9\u00a0\u00bb, ou encore des magnets. Il travaille actuellement sur la recr\u00e9ation des<a href=\"https:\/\/www.instagram.com\/p\/DPEZk7dCDMW\/\" target=\"_blank\" rel=\"noopener\"> <strong>blasons de la ville<\/strong><\/a>, l&rsquo;ancien \u00ab\u00a0Massilia Civitas\u00a0\u00bb et le blason actuel, ainsi que sur des mots bien de chez nous comme <a href=\"https:\/\/www.instagram.com\/p\/DEFw7RmI1qA\/\" target=\"_blank\" rel=\"noopener\"><strong>\u00ab\u00a0Peuch\u00e8re\u00a0\u00bb ou \u00ab\u00a0D\u00e9gun\u00a0\u00bb.<\/strong><\/a><\/p>\n<p>\u00a0<\/p>\n<p>Local, \u00e9co-responsable et accessible<\/p>\n<p>La fiert\u00e9 de Cyril, c&rsquo;est de tout fabriquer \u00e0 Marseille avec ses sept imprimantes 3D qui tournent nuit et jour. Il utilise principalement du <strong>PETG<\/strong>, un plastique issu du recyclage des bouteilles d&rsquo;eau, ou du <strong>PLA<\/strong>, un bio-plastique \u00e0 base d&rsquo;amidon de ma\u00efs, dans une d\u00e9marche \u00e9co-responsable.<\/p>\n<p>Et les prix restent accessibles : comptez 6 \u20ac ou 10 \u20ac pour un porte-cl\u00e9 ou un magnet, et une quarantaine d&rsquo;euros pour une Bonne M\u00e8re (qui demande quand m\u00eame 9 heures d&rsquo;impression !).<\/p>\n<p>\u00a0<\/p>\n<p>Id\u00e9al pour les cadeaux (de No\u00ebl !)<\/p>\n<p>Alors si vous cherchez une id\u00e9e cadeau originale, locale et qui a du sens pour les f\u00eates qui approchent, pensez Made Marseille !<\/p>\n<p>Une belle initiative qui prouve qu&rsquo;on peut allier technologie, artisanat et amour de Marseille ! Bravo Cyril !<\/p>\n<p>\u00a0<\/p>\n<p>Voir la <a href=\"https:\/\/youtu.be\/xNb_aND4QaI?si=f8lUE_6mKx5wl28I&amp;t=572\" target=\"_blank\" rel=\"noopener\">vid\u00e9o de Cyril, Made Marseille, dans La Famille Maritima<\/a><\/p>\n<p><script async src=\"\/\/www.instagram.com\/embed.js\"><\/script><\/p>\n","protected":false},"excerpt":{"rendered":"\u00a0 Du fromage \u00e0 l&rsquo;impression 3D : une reconversion passionn\u00e9e Le parcours de Cyril Jacquin est pour le&hellip;\n","protected":false},"author":2,"featured_media":506412,"comment_status":"","ping_status":"","sticky":false,"template":"","format":"standard","meta":{"footnotes":""},"categories":[2814],"tags":[1111,11,1777,674,62804,1011,27,34234,59563,884,12,882,25],"class_list":{"0":"post-506411","1":"post","2":"type-post","3":"status-publish","4":"format-standard","5":"has-post-thumbnail","7":"category-marseille","8":"tag-actu","9":"tag-actualites","10":"tag-eu","11":"tag-europe","12":"tag-fabrique-a-marseille","13":"tag-fr","14":"tag-france","15":"tag-la-bonne-mere","16":"tag-la-famille-maritima","17":"tag-marseille","18":"tag-news","19":"tag-provence-alpes-cote-dazur","20":"tag-republique-francaise"},"share_on_mastodon":{"url":"https:\/\/pubeurope.com\/@fr\/115479289736041909","error":""},"_links":{"self":[{"href":"https:\/\/www.europesays.com\/fr\/wp-json\/wp\/v2\/posts\/506411","targetHints":{"allow":["GET"]}}],"collection":[{"href":"https:\/\/www.europesays.com\/fr\/wp-json\/wp\/v2\/posts"}],"about":[{"href":"https:\/\/www.europesays.com\/fr\/wp-json\/wp\/v2\/types\/post"}],"author":[{"embeddable":true,"href":"https:\/\/www.europesays.com\/fr\/wp-json\/wp\/v2\/users\/2"}],"replies":[{"embeddable":true,"href":"https:\/\/www.europesays.com\/fr\/wp-json\/wp\/v2\/comments?post=506411"}],"version-history":[{"count":0,"href":"https:\/\/www.europesays.com\/fr\/wp-json\/wp\/v2\/posts\/506411\/revisions"}],"wp:featuredmedia":[{"embeddable":true,"href":"https:\/\/www.europesays.com\/fr\/wp-json\/wp\/v2\/media\/506412"}],"wp:attachment":[{"href":"https:\/\/www.europesays.com\/fr\/wp-json\/wp\/v2\/media?parent=506411"}],"wp:term":[{"taxonomy":"category","embeddable":true,"href":"https:\/\/www.europesays.com\/fr\/wp-json\/wp\/v2\/categories?post=506411"},{"taxonomy":"post_tag","embeddable":true,"href":"https:\/\/www.europesays.com\/fr\/wp-json\/wp\/v2\/tags?post=506411"}],"curies":[{"name":"wp","href":"https:\/\/api.w.org\/{rel}","templated":true}]}}